{"id":29014,"date":"2025-11-20T17:51:39","date_gmt":"2025-11-20T17:51:39","guid":{"rendered":"https:\/\/crees.org.do\/?p=29014"},"modified":"2025-11-20T17:51:39","modified_gmt":"2025-11-20T17:51:39","slug":"la-izquierda-se-derrumba-en-chile","status":"publish","type":"post","link":"https:\/\/crees.org.do\/?p=29014","title":{"rendered":"La izquierda se derrumba en Chile"},"content":{"rendered":"<p style=\"text-align: justify;\">Autor: Marcos Falcone<\/p>\n<p style=\"text-align: justify;\">Fecha: 18 de noviembre de 2025<\/p>\n<p style=\"text-align: justify;\">Extra\u00eddo de: <a href=\"https:\/\/www.elcato.org\/la-izquierda-se-derrumba-en-chile\">El Cato<\/a><\/p>\n<h2 class=\"page-title\" style=\"text-align: justify;\">La izquierda se derrumba en Chile<\/h2>\n<h4 style=\"text-align: justify;\"><strong>Marcos Falcone\u00a0dice que los resultados del domingo confirman lo que para muchos era ya evidente: el intento de Chile de experimentar con el socialismo ha fracasado.<\/strong><\/h4>\n<p style=\"text-align: justify;\">Durante d\u00e9cadas,\u00a0<strong>Chile<\/strong>\u00a0fue un ejemplo de \u00e9xito en\u00a0<strong>Am\u00e9rica Latina<\/strong>, alcanzando la\u00a0<strong>prosperidad<\/strong>\u00a0gracias a las\u00a0<strong>pol\u00edticas de libre mercado<\/strong>. La\u00a0<strong>liberalizaci\u00f3n comercial<\/strong>, la\u00a0<strong>privatizaci\u00f3n de las industrias estatales<\/strong>, la\u00a0<strong>responsabilidad fiscal<\/strong>\u00a0y otras medidas similares contaron con el apoyo constante de los gobiernos de centroizquierda y centroderecha desde el retorno de la democracia en 1990 y hasta la primera parte de la \u00faltima d\u00e9cada. Este modelo convirti\u00f3 a Chile en el pa\u00eds m\u00e1s rico de Am\u00e9rica Latina.<\/p>\n<p style=\"text-align: justify;\">Pero en 2019, tras a\u00f1os de bajo crecimiento y retroceso en el\u00a0<strong>modelo de libre mercado<\/strong>, las protestas generalizadas parec\u00edan indicar que la era del libre mercado en Chile estaba a punto de terminar. Adem\u00e1s, la elecci\u00f3n del izquierdista<strong>\u00a0Gabriel Boric<\/strong>\u00a0en 2021, con su promesa de reescribir la Constituci\u00f3n, se\u00f1al\u00f3 que el\u00a0<strong>socialismo<\/strong>\u00a0podr\u00eda realmente deshacer el progreso de Chile. Ese proceso ha llegado ahora a su fin.<\/p>\n<p style=\"text-align: justify;\">De hecho, los chilenos acudieron a las urnas el domingo y asestaron un duro golpe a la izquierda.<a href=\"https:\/\/elecciones.servel.cl\/\" target=\"_blank\" rel=\"noopener\">\u00a0En la primera vuelta de las elecciones presidenciales<\/a>, la candidata del\u00a0<strong>Partido Comunista\u00a0<\/strong>y exministra de Trabajo,\u00a0<strong>Jeannette Jara<\/strong>, qued\u00f3 en primer lugar con el 27% de los votos, mientras que el candidato del\u00a0<strong>Partido Republicano<\/strong>,\u00a0<strong>Jos\u00e9 Antonio Kast<\/strong>, obtuvo el 24%. Dado que ning\u00fan candidato obtuvo m\u00e1s del 50%, se celebrar\u00e1 una segunda vuelta el 14 de diciembre, y Kast es el favorito para ganar.<\/p>\n<p style=\"text-align: justify;\">En un contexto diferente, el hecho de que el Partido Comunista obtenga el 27% de los votos parecer\u00eda catastr\u00f3fico, y con raz\u00f3n. Pero en este caso, los conservadores lo celebraron porque, mientras que la izquierda se uni\u00f3 para estas elecciones, no fue as\u00ed en el caso de los partidos de derecha, que ahora se espera que se unan detr\u00e1s de Kast para la segunda vuelta. Tras el candidato conservador se situaron el populista\u00a0<strong>Franco Parisi<\/strong>, con un 20% de los votos, el libertario\u00a0<strong>Johannes Kaiser<\/strong>, con un 14%, y la centrista\u00a0<strong>Evelyn Matthei<\/strong>, con un 13%. Aunque Parisi no ha declarado su apoyo ni a Jara ni a Kast, tanto<a href=\"https:\/\/www.emol.com\/noticias\/Nacional\/2025\/11\/16\/1183370\/kaiser-apoyo-kast-resultados-libertarios.html\" target=\"_blank\" rel=\"noopener\">\u00a0Kaiser<\/a>\u00a0como<a href=\"https:\/\/www.emol.com\/noticias\/Nacional\/2025\/11\/16\/1183368\/evelyn-matthei-respaldo-kast-balotaje.html\" target=\"_blank\" rel=\"noopener\">\u00a0Matthei<\/a>\u00a0ya han prometido su apoyo a Kast, lo que le sit\u00faa pr\u00e1cticamente por encima del 50%. Esto contrasta fuertemente con la segunda vuelta de 2021, cuando Boric venci\u00f3 c\u00f3modamente a Kast por un margen de 12 puntos.<\/p>\n<p style=\"text-align: justify;\">As\u00ed, las elecciones chilenas representan una clara ruptura con la agenda socialista que Boric ha seguido desde que fue elegido. En particular, Boric no logr\u00f3 crear una nueva Constituci\u00f3n para Chile despu\u00e9s de que un borrador elaborado por sus aliados, repleto de nuevos &#8220;derechos&#8221;,<a href=\"https:\/\/www.reuters.com\/world\/americas\/chileans-head-polls-decide-progressive-new-constitution-2022-09-04\/\" target=\"_blank\" rel=\"noopener\">\u00a0fuera rechazado de forma abrumadora por los votantes en 2022<\/a>. Boric tampoco ha logrado combatir la delincuencia:\u00a0<a href=\"https:\/\/www.ine.gob.cl\/docs\/default-source\/seguridad-ciudadana\/publicaciones-y-anuarios\/2024\/sintesis-de-resultados-enusc-2024.pdf?sfvrsn=607121dd_2\" target=\"_blank\" rel=\"noopener\">m\u00e1s del 87% de los chilenos<\/a>\u00a0declararon sentirse menos seguros en 2024 que el a\u00f1o anterior, lo que se ha convertido en la principal preocupaci\u00f3n de los chilenos. Adem\u00e1s, la administraci\u00f3n Boric se ha\u00a0<a href=\"https:\/\/lyd.org\/opinion\/2025\/10\/boric-y-la-sombra-de-la-corrupcion-sobre-su-administracion\/\" target=\"_blank\" rel=\"noopener\">enfrentado a\u00a0<strong>esc\u00e1ndalos de corrupci\u00f3n<\/strong><\/a>\u00a0que han da\u00f1ado a\u00fan m\u00e1s su imagen y la de su coalici\u00f3n de izquierda. Aunque logr\u00f3 aprobar algunas reformas\u00a0<a href=\"https:\/\/www.gob.cl\/noticias\/promulgacion-ley-40-horas-laborales-presidente-boric\/\" target=\"_blank\" rel=\"noopener\">laborales<\/a>\u00a0y\u00a0<a href=\"https:\/\/cnnespanol.cnn.com\/2025\/01\/29\/latinoamerica\/congreso-chile-aprueba-reforma-ley-de-pensiones-orix\" target=\"_blank\" rel=\"noopener\">de pensiones<\/a>\u00a0que restringen el libre mercado,\u00a0<a href=\"https:\/\/elpais.com\/chile\/2023-03-08\/la-camara-de-diputados-de-chile-rechaza-la-reforma-tributaria-de-boric.html\" target=\"_blank\" rel=\"noopener\">otras reformas importantes<\/a>\u00a0se estancaron debido a la falta de apoyo en el Congreso.<\/p>\n<p style=\"text-align: justify;\">Kast, por su parte, ha centrado su campa\u00f1a en ser<a href=\"https:\/\/partidorepublicanodechile.cl\/prensa\/2025\/09\/jose-antonio-kast-presenta-el-plan-fuerza-nacional-para-enfrentar-el-crimen-organizado\/\" target=\"_blank\" rel=\"noopener\">\u00a0duro con la delincuencia<\/a>\u00a0y la<a href=\"https:\/\/x.com\/joseantoniokast\/status\/1914799995209048117\" target=\"_blank\" rel=\"noopener\">\u00a0<strong>inmigraci\u00f3n ilegal<\/strong><\/a>, y tambi\u00e9n ha prometido profundizar en las reformas de libre mercado de Chile mediante<a href=\"https:\/\/www.df.cl\/economia-y-politica\/macro\/kast-defiende-recorte-de-gasto-publico-por-us-21-000-millones-mientras\" target=\"_blank\" rel=\"noopener\">\u00a0recortes en el\u00a0<strong>gasto p\u00fablico<\/strong>, la reducci\u00f3n de<strong>\u00a0impuestos<\/strong>\u00a0y la\u00a0<strong>desregulaci\u00f3n de la econom\u00eda<\/strong><\/a>. Si Kast resulta elegido el 14 de diciembre, se encontrar\u00e1 con un Congreso favorable. En la C\u00e1mara de Diputados, de los 155 representantes, la coalici\u00f3n de Kast<a href=\"https:\/\/www.pauta.cl\/actualidad\/2025\/11\/17\/como-quedo-compuesto-el-congreso-tras-las-elecciones-oposicion-domina-la-camara-y-el-senado-queda-dividido.html\" target=\"_blank\" rel=\"noopener\">\u00a0est\u00e1 llamada a obtener 76 esca\u00f1os<\/a>, o 90 si finalmente consigue el apoyo de Parisi. En el Senado, la coalici\u00f3n de derecha<a href=\"https:\/\/www.emol.com\/noticias\/Nacional\/2025\/11\/16\/1183256\/senadores-congreso-elecciones-listado-ganadores.html\" target=\"_blank\" rel=\"noopener\">\u00a0controlar\u00e1 25 esca\u00f1os<\/a>, lo que representa exactamente la mitad del total.<\/p>\n<p style=\"text-align: justify;\">Los resultados del domingo confirman lo que para muchos era ya evidente: el intento de Chile de experimentar con el socialismo ha fracasado. Con la izquierda fuera del poder, este pa\u00eds sudamericano tendr\u00e1 una nueva oportunidad de convertirse en l\u00edder regional del libre mercado<a href=\"https:\/\/www.cato.org\/blog\/resounding-win-mileis-reform-agenda-argentina\" target=\"_blank\" rel=\"noopener\">\u00a0junto con la\u00a0<strong>Argentina<\/strong>\u00a0de\u00a0<strong>Milei<\/strong><\/a>. Puede que Chile no est\u00e9 a punto de convertirse en un pa\u00eds totalmente libertario, pero parece que dejar\u00e1 atr\u00e1s su reciente idilio con el Estado interventor.<\/p>\n<p style=\"text-align: justify;\"><em>Este art\u00edculo fue publicado originalmente en\u00a0<\/em><a href=\"https:\/\/www.cato.org\/blog\/left-collapses-chile\" target=\"_blank\" rel=\"noopener\">Cato At Liberty<\/a><em>\u00a0(Estados Unidos) el 17 de noviembre de 2025.<\/em><\/p>\n<div class=\"pvc_clear\"><\/div>\n<p class=\"pvc_stats all \" data-element-id=\"29014\" style=\"\"><i class=\"pvc-stats-icon medium\" aria-hidden=\"true\"><svg aria-hidden=\"true\" focusable=\"false\" data-prefix=\"far\" data-icon=\"chart-bar\" role=\"img\" xmlns=\"http:\/\/www.w3.org\/2000\/svg\" viewBox=\"0 0 512 512\" class=\"svg-inline--fa fa-chart-bar fa-w-16 fa-2x\"><path fill=\"currentColor\" d=\"M396.8 352h22.4c6.4 0 12.8-6.4 12.8-12.8V108.8c0-6.4-6.4-12.8-12.8-12.8h-22.4c-6.4 0-12.8 6.4-12.8 12.8v230.4c0 6.4 6.4 12.8 12.8 12.8zm-192 0h22.4c6.4 0 12.8-6.4 12.8-12.8V140.8c0-6.4-6.4-12.8-12.8-12.8h-22.4c-6.4 0-12.8 6.4-12.8 12.8v198.4c0 6.4 6.4 12.8 12.8 12.8zm96 0h22.4c6.4 0 12.8-6.4 12.8-12.8V204.8c0-6.4-6.4-12.8-12.8-12.8h-22.4c-6.4 0-12.8 6.4-12.8 12.8v134.4c0 6.4 6.4 12.8 12.8 12.8zM496 400H48V80c0-8.84-7.16-16-16-16H16C7.16 64 0 71.16 0 80v336c0 17.67 14.33 32 32 32h464c8.84 0 16-7.16 16-16v-16c0-8.84-7.16-16-16-16zm-387.2-48h22.4c6.4 0 12.8-6.4 12.8-12.8v-70.4c0-6.4-6.4-12.8-12.8-12.8h-22.4c-6.4 0-12.8 6.4-12.8 12.8v70.4c0 6.4 6.4 12.8 12.8 12.8z\" class=\"\"><\/path><\/svg><\/i> Vistas Totales&nbsp;788&nbsp;, Vistas Hoy&nbsp;2&nbsp;<\/p>\n<div class=\"pvc_clear\"><\/div>\n","protected":false},"excerpt":{"rendered":"<p>Autor: Marcos Falcone Fecha: 18 de noviembre de 2025 Extra\u00eddo de: El Cato La izquierda se derrumba en Chile Marcos Falcone\u00a0dice que los resultados del domingo confirman lo que para muchos era ya evidente: el intento de Chile de experimentar con el socialismo ha fracasado. Durante d\u00e9cadas,\u00a0Chile\u00a0fue un ejemplo de \u00e9xito en\u00a0Am\u00e9rica Latina, alcanzando la\u00a0prosperidad\u00a0gracias&#8230;<\/p>\n<div class=\"pvc_clear\"><\/div>\n<p class=\"pvc_stats all \" data-element-id=\"29014\" style=\"\"><i class=\"pvc-stats-icon medium\" aria-hidden=\"true\"><svg aria-hidden=\"true\" focusable=\"false\" data-prefix=\"far\" data-icon=\"chart-bar\" role=\"img\" xmlns=\"http:\/\/www.w3.org\/2000\/svg\" viewBox=\"0 0 512 512\" class=\"svg-inline--fa fa-chart-bar fa-w-16 fa-2x\"><path fill=\"currentColor\" d=\"M396.8 352h22.4c6.4 0 12.8-6.4 12.8-12.8V108.8c0-6.4-6.4-12.8-12.8-12.8h-22.4c-6.4 0-12.8 6.4-12.8 12.8v230.4c0 6.4 6.4 12.8 12.8 12.8zm-192 0h22.4c6.4 0 12.8-6.4 12.8-12.8V140.8c0-6.4-6.4-12.8-12.8-12.8h-22.4c-6.4 0-12.8 6.4-12.8 12.8v198.4c0 6.4 6.4 12.8 12.8 12.8zm96 0h22.4c6.4 0 12.8-6.4 12.8-12.8V204.8c0-6.4-6.4-12.8-12.8-12.8h-22.4c-6.4 0-12.8 6.4-12.8 12.8v134.4c0 6.4 6.4 12.8 12.8 12.8zM496 400H48V80c0-8.84-7.16-16-16-16H16C7.16 64 0 71.16 0 80v336c0 17.67 14.33 32 32 32h464c8.84 0 16-7.16 16-16v-16c0-8.84-7.16-16-16-16zm-387.2-48h22.4c6.4 0 12.8-6.4 12.8-12.8v-70.4c0-6.4-6.4-12.8-12.8-12.8h-22.4c-6.4 0-12.8 6.4-12.8 12.8v70.4c0 6.4 6.4 12.8 12.8 12.8z\" class=\"\"><\/path><\/svg><\/i> Vistas Totales&nbsp;788&nbsp;, Vistas Hoy&nbsp;2&nbsp;<\/p>\n<div class=\"pvc_clear\"><\/div>\n","protected":false},"author":2,"featured_media":29015,"comment_status":"closed","ping_status":"closed","sticky":false,"template":"","format":"standard","meta":{"footnotes":""},"categories":[22],"tags":[],"class_list":["post-29014","post","type-post","status-publish","format-standard","has-post-thumbnail","hentry","category-articulos"],"yoast_head":"<!-- This site is optimized with the Yoast SEO plugin v25.2 - https:\/\/yoast.com\/wordpress\/plugins\/seo\/ -->\n<title>La izquierda se derrumba en Chile | CREES<\/title>\n<meta name=\"robots\" content=\"index, follow, max-snippet:-1, max-image-preview:large, max-video-preview:-1\" \/>\n<link rel=\"canonical\" href=\"https:\/\/crees.org.do\/?p=29014\" \/>\n<meta property=\"og:locale\" content=\"es_ES\" \/>\n<meta property=\"og:type\" content=\"article\" \/>\n<meta property=\"og:title\" content=\"La izquierda se derrumba en Chile | CREES\" \/>\n<meta property=\"og:description\" content=\"Autor: Marcos Falcone Fecha: 18 de noviembre de 2025 Extra\u00eddo de: El Cato La izquierda se derrumba en Chile Marcos Falcone\u00a0dice que los resultados del domingo confirman lo que para muchos era ya evidente: el intento de Chile de experimentar con el socialismo ha fracasado. Durante d\u00e9cadas,\u00a0Chile\u00a0fue un ejemplo de \u00e9xito en\u00a0Am\u00e9rica Latina, alcanzando la\u00a0prosperidad\u00a0gracias...\" \/>\n<meta property=\"og:url\" content=\"https:\/\/crees.org.do\/?p=29014\" \/>\n<meta property=\"og:site_name\" content=\"CREES\" \/>\n<meta property=\"article:publisher\" content=\"https:\/\/www.facebook.com\/CREESRD\/\" \/>\n<meta property=\"article:published_time\" content=\"2025-11-20T17:51:39+00:00\" \/>\n<meta property=\"og:image\" content=\"https:\/\/crees.org.do\/wp-content\/uploads\/2025\/11\/gettyimages-1095498436-scaled.jpeg\" \/>\n\t<meta property=\"og:image:width\" content=\"1200\" \/>\n\t<meta property=\"og:image:height\" content=\"641\" \/>\n\t<meta property=\"og:image:type\" content=\"image\/jpeg\" \/>\n<meta name=\"author\" content=\"Crees\" \/>\n<meta name=\"twitter:card\" content=\"summary_large_image\" \/>\n<meta name=\"twitter:creator\" content=\"@CREESRD\" \/>\n<meta name=\"twitter:site\" content=\"@CREESRD\" \/>\n<meta name=\"twitter:label1\" content=\"Escrito por\" \/>\n\t<meta name=\"twitter:data1\" content=\"Crees\" \/>\n\t<meta name=\"twitter:label2\" content=\"Tiempo de lectura\" \/>\n\t<meta name=\"twitter:data2\" content=\"4 minutos\" \/>\n<script type=\"application\/ld+json\" class=\"yoast-schema-graph\">{\"@context\":\"https:\/\/schema.org\",\"@graph\":[{\"@type\":\"Article\",\"@id\":\"https:\/\/crees.org.do\/?p=29014#article\",\"isPartOf\":{\"@id\":\"https:\/\/crees.org.do\/?p=29014\"},\"author\":{\"name\":\"Crees\",\"@id\":\"https:\/\/crees.org.do\/#\/schema\/person\/e7f97cd94d7bf9cd0e0ce30acb7d56b8\"},\"headline\":\"La izquierda se derrumba en Chile\",\"datePublished\":\"2025-11-20T17:51:39+00:00\",\"mainEntityOfPage\":{\"@id\":\"https:\/\/crees.org.do\/?p=29014\"},\"wordCount\":806,\"publisher\":{\"@id\":\"https:\/\/crees.org.do\/#organization\"},\"image\":{\"@id\":\"https:\/\/crees.org.do\/?p=29014#primaryimage\"},\"thumbnailUrl\":\"https:\/\/crees.org.do\/wp-content\/uploads\/2025\/11\/gettyimages-1095498436-scaled.jpeg\",\"articleSection\":[\"Art\u00edculos\"],\"inLanguage\":\"es\"},{\"@type\":\"WebPage\",\"@id\":\"https:\/\/crees.org.do\/?p=29014\",\"url\":\"https:\/\/crees.org.do\/?p=29014\",\"name\":\"La izquierda se derrumba en Chile | CREES\",\"isPartOf\":{\"@id\":\"https:\/\/crees.org.do\/#website\"},\"primaryImageOfPage\":{\"@id\":\"https:\/\/crees.org.do\/?p=29014#primaryimage\"},\"image\":{\"@id\":\"https:\/\/crees.org.do\/?p=29014#primaryimage\"},\"thumbnailUrl\":\"https:\/\/crees.org.do\/wp-content\/uploads\/2025\/11\/gettyimages-1095498436-scaled.jpeg\",\"datePublished\":\"2025-11-20T17:51:39+00:00\",\"breadcrumb\":{\"@id\":\"https:\/\/crees.org.do\/?p=29014#breadcrumb\"},\"inLanguage\":\"es\",\"potentialAction\":[{\"@type\":\"ReadAction\",\"target\":[\"https:\/\/crees.org.do\/?p=29014\"]}]},{\"@type\":\"ImageObject\",\"inLanguage\":\"es\",\"@id\":\"https:\/\/crees.org.do\/?p=29014#primaryimage\",\"url\":\"https:\/\/crees.org.do\/wp-content\/uploads\/2025\/11\/gettyimages-1095498436-scaled.jpeg\",\"contentUrl\":\"https:\/\/crees.org.do\/wp-content\/uploads\/2025\/11\/gettyimages-1095498436-scaled.jpeg\",\"width\":1200,\"height\":641},{\"@type\":\"BreadcrumbList\",\"@id\":\"https:\/\/crees.org.do\/?p=29014#breadcrumb\",\"itemListElement\":[{\"@type\":\"ListItem\",\"position\":1,\"name\":\"Portada\",\"item\":\"https:\/\/crees.org.do\/\"},{\"@type\":\"ListItem\",\"position\":2,\"name\":\"La izquierda se derrumba en Chile\"}]},{\"@type\":\"WebSite\",\"@id\":\"https:\/\/crees.org.do\/#website\",\"url\":\"https:\/\/crees.org.do\/\",\"name\":\"CREES\",\"description\":\"Centro Regional de Estrategias Econ\u00f3micas Sostenibles\",\"publisher\":{\"@id\":\"https:\/\/crees.org.do\/#organization\"},\"potentialAction\":[{\"@type\":\"SearchAction\",\"target\":{\"@type\":\"EntryPoint\",\"urlTemplate\":\"https:\/\/crees.org.do\/?s={search_term_string}\"},\"query-input\":{\"@type\":\"PropertyValueSpecification\",\"valueRequired\":true,\"valueName\":\"search_term_string\"}}],\"inLanguage\":\"es\"},{\"@type\":\"Organization\",\"@id\":\"https:\/\/crees.org.do\/#organization\",\"name\":\"CREES | Centro Regional de Estrategias Econ\u00f3micas Sostenibles\",\"url\":\"https:\/\/crees.org.do\/\",\"logo\":{\"@type\":\"ImageObject\",\"inLanguage\":\"es\",\"@id\":\"https:\/\/crees.org.do\/#\/schema\/logo\/image\/\",\"url\":\"https:\/\/crees.org.do\/wp-content\/uploads\/2022\/03\/crees-logo-1.jpg\",\"contentUrl\":\"https:\/\/crees.org.do\/wp-content\/uploads\/2022\/03\/crees-logo-1.jpg\",\"width\":244,\"height\":71,\"caption\":\"CREES | Centro Regional de Estrategias Econ\u00f3micas Sostenibles\"},\"image\":{\"@id\":\"https:\/\/crees.org.do\/#\/schema\/logo\/image\/\"},\"sameAs\":[\"https:\/\/www.facebook.com\/CREESRD\/\",\"https:\/\/x.com\/CREESRD\"]},{\"@type\":\"Person\",\"@id\":\"https:\/\/crees.org.do\/#\/schema\/person\/e7f97cd94d7bf9cd0e0ce30acb7d56b8\",\"name\":\"Crees\",\"image\":{\"@type\":\"ImageObject\",\"inLanguage\":\"es\",\"@id\":\"https:\/\/crees.org.do\/#\/schema\/person\/image\/\",\"url\":\"https:\/\/secure.gravatar.com\/avatar\/390ac8f0be5d9aa046152553e2dd7011b59a512d89c150f5e5f28bb8d9a0b165?s=96&d=mm&r=g\",\"contentUrl\":\"https:\/\/secure.gravatar.com\/avatar\/390ac8f0be5d9aa046152553e2dd7011b59a512d89c150f5e5f28bb8d9a0b165?s=96&d=mm&r=g\",\"caption\":\"Crees\"},\"url\":\"https:\/\/crees.org.do\/?author=2\"}]}<\/script>\n<!-- \/ Yoast SEO plugin. -->","yoast_head_json":{"title":"La izquierda se derrumba en Chile | CREES","robots":{"index":"index","follow":"follow","max-snippet":"max-snippet:-1","max-image-preview":"max-image-preview:large","max-video-preview":"max-video-preview:-1"},"canonical":"https:\/\/crees.org.do\/?p=29014","og_locale":"es_ES","og_type":"article","og_title":"La izquierda se derrumba en Chile | CREES","og_description":"Autor: Marcos Falcone Fecha: 18 de noviembre de 2025 Extra\u00eddo de: El Cato La izquierda se derrumba en Chile Marcos Falcone\u00a0dice que los resultados del domingo confirman lo que para muchos era ya evidente: el intento de Chile de experimentar con el socialismo ha fracasado. Durante d\u00e9cadas,\u00a0Chile\u00a0fue un ejemplo de \u00e9xito en\u00a0Am\u00e9rica Latina, alcanzando la\u00a0prosperidad\u00a0gracias...","og_url":"https:\/\/crees.org.do\/?p=29014","og_site_name":"CREES","article_publisher":"https:\/\/www.facebook.com\/CREESRD\/","article_published_time":"2025-11-20T17:51:39+00:00","og_image":[{"width":1200,"height":641,"url":"https:\/\/crees.org.do\/wp-content\/uploads\/2025\/11\/gettyimages-1095498436-scaled.jpeg","type":"image\/jpeg"}],"author":"Crees","twitter_card":"summary_large_image","twitter_creator":"@CREESRD","twitter_site":"@CREESRD","twitter_misc":{"Escrito por":"Crees","Tiempo de lectura":"4 minutos"},"schema":{"@context":"https:\/\/schema.org","@graph":[{"@type":"Article","@id":"https:\/\/crees.org.do\/?p=29014#article","isPartOf":{"@id":"https:\/\/crees.org.do\/?p=29014"},"author":{"name":"Crees","@id":"https:\/\/crees.org.do\/#\/schema\/person\/e7f97cd94d7bf9cd0e0ce30acb7d56b8"},"headline":"La izquierda se derrumba en Chile","datePublished":"2025-11-20T17:51:39+00:00","mainEntityOfPage":{"@id":"https:\/\/crees.org.do\/?p=29014"},"wordCount":806,"publisher":{"@id":"https:\/\/crees.org.do\/#organization"},"image":{"@id":"https:\/\/crees.org.do\/?p=29014#primaryimage"},"thumbnailUrl":"https:\/\/crees.org.do\/wp-content\/uploads\/2025\/11\/gettyimages-1095498436-scaled.jpeg","articleSection":["Art\u00edculos"],"inLanguage":"es"},{"@type":"WebPage","@id":"https:\/\/crees.org.do\/?p=29014","url":"https:\/\/crees.org.do\/?p=29014","name":"La izquierda se derrumba en Chile | CREES","isPartOf":{"@id":"https:\/\/crees.org.do\/#website"},"primaryImageOfPage":{"@id":"https:\/\/crees.org.do\/?p=29014#primaryimage"},"image":{"@id":"https:\/\/crees.org.do\/?p=29014#primaryimage"},"thumbnailUrl":"https:\/\/crees.org.do\/wp-content\/uploads\/2025\/11\/gettyimages-1095498436-scaled.jpeg","datePublished":"2025-11-20T17:51:39+00:00","breadcrumb":{"@id":"https:\/\/crees.org.do\/?p=29014#breadcrumb"},"inLanguage":"es","potentialAction":[{"@type":"ReadAction","target":["https:\/\/crees.org.do\/?p=29014"]}]},{"@type":"ImageObject","inLanguage":"es","@id":"https:\/\/crees.org.do\/?p=29014#primaryimage","url":"https:\/\/crees.org.do\/wp-content\/uploads\/2025\/11\/gettyimages-1095498436-scaled.jpeg","contentUrl":"https:\/\/crees.org.do\/wp-content\/uploads\/2025\/11\/gettyimages-1095498436-scaled.jpeg","width":1200,"height":641},{"@type":"BreadcrumbList","@id":"https:\/\/crees.org.do\/?p=29014#breadcrumb","itemListElement":[{"@type":"ListItem","position":1,"name":"Portada","item":"https:\/\/crees.org.do\/"},{"@type":"ListItem","position":2,"name":"La izquierda se derrumba en Chile"}]},{"@type":"WebSite","@id":"https:\/\/crees.org.do\/#website","url":"https:\/\/crees.org.do\/","name":"CREES","description":"Centro Regional de Estrategias Econ\u00f3micas Sostenibles","publisher":{"@id":"https:\/\/crees.org.do\/#organization"},"potentialAction":[{"@type":"SearchAction","target":{"@type":"EntryPoint","urlTemplate":"https:\/\/crees.org.do\/?s={search_term_string}"},"query-input":{"@type":"PropertyValueSpecification","valueRequired":true,"valueName":"search_term_string"}}],"inLanguage":"es"},{"@type":"Organization","@id":"https:\/\/crees.org.do\/#organization","name":"CREES | Centro Regional de Estrategias Econ\u00f3micas Sostenibles","url":"https:\/\/crees.org.do\/","logo":{"@type":"ImageObject","inLanguage":"es","@id":"https:\/\/crees.org.do\/#\/schema\/logo\/image\/","url":"https:\/\/crees.org.do\/wp-content\/uploads\/2022\/03\/crees-logo-1.jpg","contentUrl":"https:\/\/crees.org.do\/wp-content\/uploads\/2022\/03\/crees-logo-1.jpg","width":244,"height":71,"caption":"CREES | Centro Regional de Estrategias Econ\u00f3micas Sostenibles"},"image":{"@id":"https:\/\/crees.org.do\/#\/schema\/logo\/image\/"},"sameAs":["https:\/\/www.facebook.com\/CREESRD\/","https:\/\/x.com\/CREESRD"]},{"@type":"Person","@id":"https:\/\/crees.org.do\/#\/schema\/person\/e7f97cd94d7bf9cd0e0ce30acb7d56b8","name":"Crees","image":{"@type":"ImageObject","inLanguage":"es","@id":"https:\/\/crees.org.do\/#\/schema\/person\/image\/","url":"https:\/\/secure.gravatar.com\/avatar\/390ac8f0be5d9aa046152553e2dd7011b59a512d89c150f5e5f28bb8d9a0b165?s=96&d=mm&r=g","contentUrl":"https:\/\/secure.gravatar.com\/avatar\/390ac8f0be5d9aa046152553e2dd7011b59a512d89c150f5e5f28bb8d9a0b165?s=96&d=mm&r=g","caption":"Crees"},"url":"https:\/\/crees.org.do\/?author=2"}]}},"_links":{"self":[{"href":"https:\/\/crees.org.do\/index.php?rest_route=\/wp\/v2\/posts\/29014","targetHints":{"allow":["GET"]}}],"collection":[{"href":"https:\/\/crees.org.do\/index.php?rest_route=\/wp\/v2\/posts"}],"about":[{"href":"https:\/\/crees.org.do\/index.php?rest_route=\/wp\/v2\/types\/post"}],"author":[{"embeddable":true,"href":"https:\/\/crees.org.do\/index.php?rest_route=\/wp\/v2\/users\/2"}],"replies":[{"embeddable":true,"href":"https:\/\/crees.org.do\/index.php?rest_route=%2Fwp%2Fv2%2Fcomments&post=29014"}],"version-history":[{"count":2,"href":"https:\/\/crees.org.do\/index.php?rest_route=\/wp\/v2\/posts\/29014\/revisions"}],"predecessor-version":[{"id":29017,"href":"https:\/\/crees.org.do\/index.php?rest_route=\/wp\/v2\/posts\/29014\/revisions\/29017"}],"wp:featuredmedia":[{"embeddable":true,"href":"https:\/\/crees.org.do\/index.php?rest_route=\/wp\/v2\/media\/29015"}],"wp:attachment":[{"href":"https:\/\/crees.org.do\/index.php?rest_route=%2Fwp%2Fv2%2Fmedia&parent=29014"}],"wp:term":[{"taxonomy":"category","embeddable":true,"href":"https:\/\/crees.org.do\/index.php?rest_route=%2Fwp%2Fv2%2Fcategories&post=29014"},{"taxonomy":"post_tag","embeddable":true,"href":"https:\/\/crees.org.do\/index.php?rest_route=%2Fwp%2Fv2%2Ftags&post=29014"}],"curies":[{"name":"wp","href":"https:\/\/api.w.org\/{rel}","templated":true}]}}