{"id":29025,"date":"2025-11-20T18:01:51","date_gmt":"2025-11-20T18:01:51","guid":{"rendered":"https:\/\/crees.org.do\/?p=29025"},"modified":"2025-11-20T18:01:51","modified_gmt":"2025-11-20T18:01:51","slug":"energia-sin-politiqueria-la-formula-que-propone-collado-di-franco","status":"publish","type":"post","link":"https:\/\/crees.org.do\/?p=29025","title":{"rendered":"Energ\u00eda sin politiquer\u00eda: la f\u00f3rmula que propone Collado Di Franco"},"content":{"rendered":"<p style=\"text-align: justify;\">Autor: Roger Figueroa<\/p>\n<p style=\"text-align: justify;\">Fecha: 17 de noviembre de 2025<\/p>\n<p style=\"text-align: justify;\">Extra\u00eddo de:<a href=\"https:\/\/elnuevodiario.com.do\/energia-sin-politiqueria-la-formula-que-propone-collado-di-franco\/\"> El Nuevo Diario<\/a><\/p>\n<h2 class=\"entry-title\" style=\"text-align: justify;\">Energ\u00eda sin politiquer\u00eda: la f\u00f3rmula que propone Collado Di Franco<\/h2>\n<p style=\"text-align: justify;\">EL NUEVO DIARIO, SANTO DOMINGO. \u2013 El economista Miguel Collado Di Franco manifest\u00f3 que cuando se despoliticen las empresas el\u00e9ctricas y se destine el incentivo adecuado para administrarlas mejor, entonces la Rep\u00fablica Dominicana tendr\u00e1 menos p\u00e9rdidas de energ\u00eda.<\/p>\n<div class=\"banner-contenido text-center d-none d-md-block mb-4\" style=\"text-align: justify;\">\n<div id=\"div-gpt-ad-1705691576428-0\" class=\"border d-inline-block\"><\/div>\n<\/div>\n<p style=\"text-align: justify;\">El tambi\u00e9n vicepresidente del Centro Regional de Estrategias Econ\u00f3micas Sostenibles (Crees), dijo que, aunque no se reduzcan definitivamente las p\u00e9rdidas, el principal problema radica en la distribuci\u00f3n energ\u00e9tica persistente.<\/p>\n<p style=\"text-align: justify;\">\u201cSi tu miras el problema a\u00f1o tras a\u00f1o es la incapacidad de las entidades distribuidoras de servir y cobrar la electricidad; por eso son las p\u00e9rdidas\u201d, agreg\u00f3.<\/p>\n<div class=\"banner-contenido text-center d-none d-md-block\" style=\"text-align: justify;\">\n<div id=\"div-gpt-ad-1565023948978-0\" class=\"d-inline-block border mt-1 mb-4\"><\/div>\n<\/div>\n<h3 style=\"text-align: justify;\"><strong>La necesidad de una reforma fiscal<\/strong><\/h3>\n<p style=\"text-align: justify;\">Al ser entrevistado por el periodista Roger Figueroa en las instalaciones del Nuevo Diario, Di Franco expuso que tras el pa\u00eds reflejar un d\u00e9ficit fiscal superior al 3 por ciento y al querer incrementarse el gasto de capital, es necesaria una reforma fiscal.<\/p>\n<p style=\"text-align: justify;\">En ese sentido, el experto apunt\u00f3 que lo que se pretende es extraer recursos de la econom\u00eda para que el gobierno gaste m\u00e1s y cubra los d\u00e9ficits (espacio fiscal).<\/p>\n<p style=\"text-align: justify;\">En ese orden, indic\u00f3 que los impuestos distorsionan las decisiones econ\u00f3micas y recaen sobre unos sectores m\u00e1s que otros, porque cuando se gravan las rentas (ingresos) estas afectan la posibilidad de que una empresa crezca, adquiera m\u00e1s capital y contrate m\u00e1s personas.<\/p>\n<p style=\"text-align: justify;\">Sostuvo que desde el punto de vista econ\u00f3mico se deben mejorar los gastos y dijo que el Estado dominicano ha venido creciendo en una proporci\u00f3n muy alta en comparaci\u00f3n con el producto interno bruto (PIB).<\/p>\n<p style=\"text-align: justify;\">Puntualiz\u00f3 que, a pesar de la incertidumbre internacional, en la Rep\u00fablica Dominicana tambi\u00e9n tuvimos una: la pasada reforma tributaria que seg\u00fan declar\u00f3, hubiese hecho mucho da\u00f1o a la econom\u00eda como estaba formulada.<\/p>\n<p style=\"text-align: justify;\">\u201cLa incertidumbre local sigue por la necesidad de una reforma fiscal en la naci\u00f3n\u201d, se\u00f1al\u00f3.<\/p>\n<p style=\"text-align: justify;\">Con respecto a la meta 2036, dijo que si no se hacen reformas estructurales ser\u00e1 dif\u00edcil alcanzarla.<\/p>\n<h3 style=\"text-align: justify;\"><strong>Econom\u00eda RD alcanzar\u00e1 el 2.5 por ciento este a\u00f1o: las barreras para crecer m\u00e1s<\/strong><\/h3>\n<p style=\"text-align: justify;\">El vicepresidente del Crees, reafirm\u00f3 que la econom\u00eda dominicana crecer\u00e1 2,5 por ciento este a\u00f1o en curso, como lo hab\u00eda indicado el Banco Central y record\u00f3 que en 2023 las autoridades monetarias tuvieron que destinar cerca del 3 por ciento del PIB en facilidades de liquidez r\u00e1pida y en liberalizaci\u00f3n de encaje legal para estimular la econom\u00eda del pa\u00eds. Ese a\u00f1o creci\u00f3 un 2.4 por ciento.<\/p>\n<p style=\"text-align: justify;\">En otro orden dijo que \u201clas circunstancias de la econom\u00eda no han cambiado, ya que no se ha puesto en marcha ninguna reforma significativa que la ayude a crecer de manera org\u00e1nica y este a\u00f1o la coyuntura no ha contribuido a pesar de los est\u00edmulos monetarios que estuvieron a principio de a\u00f1o\u201d.<\/p>\n<p style=\"text-align: justify;\">Por otra parte, el economista dijo que una de las formas de aprovechar de manera eficiente las exportaciones del oro que produce el pa\u00eds, es\u00a0<strong>creando un fondo, cuyo dinero se usar\u00eda para desmontar la deuda p\u00fablica<\/strong>\u00a0y no para destinarlo a gastos corrientes.<\/p>\n<p style=\"text-align: justify;\">En cambio, expres\u00f3 que para hacer posible que la sociedad no dependa tanto de los subsidios sociales, el economista sugiri\u00f3 generar un clima de negocios que permita aumentar los empleos y a su vez, producir mejores salarios dignos, reduciendo la pobreza y la falta de desempleo. \u201cPol\u00edticamente es atractivo dar una tarjeta, pero desde el punto de vista econ\u00f3mico no lo es\u201d, finaliz\u00f3.<\/p>\n<div class=\"pvc_clear\"><\/div>\n<p class=\"pvc_stats all \" data-element-id=\"29025\" style=\"\"><i class=\"pvc-stats-icon medium\" aria-hidden=\"true\"><svg aria-hidden=\"true\" focusable=\"false\" data-prefix=\"far\" data-icon=\"chart-bar\" role=\"img\" xmlns=\"http:\/\/www.w3.org\/2000\/svg\" viewBox=\"0 0 512 512\" class=\"svg-inline--fa fa-chart-bar fa-w-16 fa-2x\"><path fill=\"currentColor\" d=\"M396.8 352h22.4c6.4 0 12.8-6.4 12.8-12.8V108.8c0-6.4-6.4-12.8-12.8-12.8h-22.4c-6.4 0-12.8 6.4-12.8 12.8v230.4c0 6.4 6.4 12.8 12.8 12.8zm-192 0h22.4c6.4 0 12.8-6.4 12.8-12.8V140.8c0-6.4-6.4-12.8-12.8-12.8h-22.4c-6.4 0-12.8 6.4-12.8 12.8v198.4c0 6.4 6.4 12.8 12.8 12.8zm96 0h22.4c6.4 0 12.8-6.4 12.8-12.8V204.8c0-6.4-6.4-12.8-12.8-12.8h-22.4c-6.4 0-12.8 6.4-12.8 12.8v134.4c0 6.4 6.4 12.8 12.8 12.8zM496 400H48V80c0-8.84-7.16-16-16-16H16C7.16 64 0 71.16 0 80v336c0 17.67 14.33 32 32 32h464c8.84 0 16-7.16 16-16v-16c0-8.84-7.16-16-16-16zm-387.2-48h22.4c6.4 0 12.8-6.4 12.8-12.8v-70.4c0-6.4-6.4-12.8-12.8-12.8h-22.4c-6.4 0-12.8 6.4-12.8 12.8v70.4c0 6.4 6.4 12.8 12.8 12.8z\" class=\"\"><\/path><\/svg><\/i> Vistas Totales&nbsp;890&nbsp;, Vistas Hoy&nbsp;6&nbsp;<\/p>\n<div class=\"pvc_clear\"><\/div>\n","protected":false},"excerpt":{"rendered":"<p>Autor: Roger Figueroa Fecha: 17 de noviembre de 2025 Extra\u00eddo de: El Nuevo Diario Energ\u00eda sin politiquer\u00eda: la f\u00f3rmula que propone Collado Di Franco EL NUEVO DIARIO, SANTO DOMINGO. \u2013 El economista Miguel Collado Di Franco manifest\u00f3 que cuando se despoliticen las empresas el\u00e9ctricas y se destine el incentivo adecuado para administrarlas mejor, entonces la&#8230;<\/p>\n<div class=\"pvc_clear\"><\/div>\n<p class=\"pvc_stats all \" data-element-id=\"29025\" style=\"\"><i class=\"pvc-stats-icon medium\" aria-hidden=\"true\"><svg aria-hidden=\"true\" focusable=\"false\" data-prefix=\"far\" data-icon=\"chart-bar\" role=\"img\" xmlns=\"http:\/\/www.w3.org\/2000\/svg\" viewBox=\"0 0 512 512\" class=\"svg-inline--fa fa-chart-bar fa-w-16 fa-2x\"><path fill=\"currentColor\" d=\"M396.8 352h22.4c6.4 0 12.8-6.4 12.8-12.8V108.8c0-6.4-6.4-12.8-12.8-12.8h-22.4c-6.4 0-12.8 6.4-12.8 12.8v230.4c0 6.4 6.4 12.8 12.8 12.8zm-192 0h22.4c6.4 0 12.8-6.4 12.8-12.8V140.8c0-6.4-6.4-12.8-12.8-12.8h-22.4c-6.4 0-12.8 6.4-12.8 12.8v198.4c0 6.4 6.4 12.8 12.8 12.8zm96 0h22.4c6.4 0 12.8-6.4 12.8-12.8V204.8c0-6.4-6.4-12.8-12.8-12.8h-22.4c-6.4 0-12.8 6.4-12.8 12.8v134.4c0 6.4 6.4 12.8 12.8 12.8zM496 400H48V80c0-8.84-7.16-16-16-16H16C7.16 64 0 71.16 0 80v336c0 17.67 14.33 32 32 32h464c8.84 0 16-7.16 16-16v-16c0-8.84-7.16-16-16-16zm-387.2-48h22.4c6.4 0 12.8-6.4 12.8-12.8v-70.4c0-6.4-6.4-12.8-12.8-12.8h-22.4c-6.4 0-12.8 6.4-12.8 12.8v70.4c0 6.4 6.4 12.8 12.8 12.8z\" class=\"\"><\/path><\/svg><\/i> Vistas Totales&nbsp;890&nbsp;, Vistas Hoy&nbsp;6&nbsp;<\/p>\n<div class=\"pvc_clear\"><\/div>\n","protected":false},"author":2,"featured_media":29026,"comment_status":"closed","ping_status":"closed","sticky":false,"template":"","format":"standard","meta":{"footnotes":""},"categories":[19],"tags":[],"class_list":["post-29025","post","type-post","status-publish","format-standard","has-post-thumbnail","hentry","category-actualidad"],"yoast_head":"<!-- This site is optimized with the Yoast SEO plugin v25.2 - https:\/\/yoast.com\/wordpress\/plugins\/seo\/ -->\n<title>Energ\u00eda sin politiquer\u00eda: la f\u00f3rmula que propone Collado Di Franco | CREES<\/title>\n<meta name=\"robots\" content=\"index, follow, max-snippet:-1, max-image-preview:large, max-video-preview:-1\" \/>\n<link rel=\"canonical\" href=\"https:\/\/crees.org.do\/?p=29025\" \/>\n<meta property=\"og:locale\" content=\"es_ES\" \/>\n<meta property=\"og:type\" content=\"article\" \/>\n<meta property=\"og:title\" content=\"Energ\u00eda sin politiquer\u00eda: la f\u00f3rmula que propone Collado Di Franco | CREES\" \/>\n<meta property=\"og:description\" content=\"Autor: Roger Figueroa Fecha: 17 de noviembre de 2025 Extra\u00eddo de: El Nuevo Diario Energ\u00eda sin politiquer\u00eda: la f\u00f3rmula que propone Collado Di Franco EL NUEVO DIARIO, SANTO DOMINGO. \u2013 El economista Miguel Collado Di Franco manifest\u00f3 que cuando se despoliticen las empresas el\u00e9ctricas y se destine el incentivo adecuado para administrarlas mejor, entonces la...\" \/>\n<meta property=\"og:url\" content=\"https:\/\/crees.org.do\/?p=29025\" \/>\n<meta property=\"og:site_name\" content=\"CREES\" \/>\n<meta property=\"article:publisher\" content=\"https:\/\/www.facebook.com\/CREESRD\/\" \/>\n<meta property=\"article:published_time\" content=\"2025-11-20T18:01:51+00:00\" \/>\n<meta property=\"og:image\" content=\"https:\/\/crees.org.do\/wp-content\/uploads\/2025\/11\/DSC_4364-scaled-1-scaled.jpg\" \/>\n\t<meta property=\"og:image:width\" content=\"1200\" \/>\n\t<meta property=\"og:image:height\" content=\"960\" \/>\n\t<meta property=\"og:image:type\" content=\"image\/jpeg\" \/>\n<meta name=\"author\" content=\"Crees\" \/>\n<meta name=\"twitter:card\" content=\"summary_large_image\" \/>\n<meta name=\"twitter:creator\" content=\"@CREESRD\" \/>\n<meta name=\"twitter:site\" content=\"@CREESRD\" \/>\n<meta name=\"twitter:label1\" content=\"Escrito por\" \/>\n\t<meta name=\"twitter:data1\" content=\"Crees\" \/>\n\t<meta name=\"twitter:label2\" content=\"Tiempo de lectura\" \/>\n\t<meta name=\"twitter:data2\" content=\"3 minutos\" \/>\n<script type=\"application\/ld+json\" class=\"yoast-schema-graph\">{\"@context\":\"https:\/\/schema.org\",\"@graph\":[{\"@type\":\"Article\",\"@id\":\"https:\/\/crees.org.do\/?p=29025#article\",\"isPartOf\":{\"@id\":\"https:\/\/crees.org.do\/?p=29025\"},\"author\":{\"name\":\"Crees\",\"@id\":\"https:\/\/crees.org.do\/#\/schema\/person\/e7f97cd94d7bf9cd0e0ce30acb7d56b8\"},\"headline\":\"Energ\u00eda sin politiquer\u00eda: la f\u00f3rmula que propone Collado Di Franco\",\"datePublished\":\"2025-11-20T18:01:51+00:00\",\"mainEntityOfPage\":{\"@id\":\"https:\/\/crees.org.do\/?p=29025\"},\"wordCount\":636,\"publisher\":{\"@id\":\"https:\/\/crees.org.do\/#organization\"},\"image\":{\"@id\":\"https:\/\/crees.org.do\/?p=29025#primaryimage\"},\"thumbnailUrl\":\"https:\/\/crees.org.do\/wp-content\/uploads\/2025\/11\/DSC_4364-scaled-1-scaled.jpg\",\"articleSection\":[\"Actualidad\"],\"inLanguage\":\"es\"},{\"@type\":\"WebPage\",\"@id\":\"https:\/\/crees.org.do\/?p=29025\",\"url\":\"https:\/\/crees.org.do\/?p=29025\",\"name\":\"Energ\u00eda sin politiquer\u00eda: la f\u00f3rmula que propone Collado Di Franco | CREES\",\"isPartOf\":{\"@id\":\"https:\/\/crees.org.do\/#website\"},\"primaryImageOfPage\":{\"@id\":\"https:\/\/crees.org.do\/?p=29025#primaryimage\"},\"image\":{\"@id\":\"https:\/\/crees.org.do\/?p=29025#primaryimage\"},\"thumbnailUrl\":\"https:\/\/crees.org.do\/wp-content\/uploads\/2025\/11\/DSC_4364-scaled-1-scaled.jpg\",\"datePublished\":\"2025-11-20T18:01:51+00:00\",\"breadcrumb\":{\"@id\":\"https:\/\/crees.org.do\/?p=29025#breadcrumb\"},\"inLanguage\":\"es\",\"potentialAction\":[{\"@type\":\"ReadAction\",\"target\":[\"https:\/\/crees.org.do\/?p=29025\"]}]},{\"@type\":\"ImageObject\",\"inLanguage\":\"es\",\"@id\":\"https:\/\/crees.org.do\/?p=29025#primaryimage\",\"url\":\"https:\/\/crees.org.do\/wp-content\/uploads\/2025\/11\/DSC_4364-scaled-1-scaled.jpg\",\"contentUrl\":\"https:\/\/crees.org.do\/wp-content\/uploads\/2025\/11\/DSC_4364-scaled-1-scaled.jpg\",\"width\":1200,\"height\":960},{\"@type\":\"BreadcrumbList\",\"@id\":\"https:\/\/crees.org.do\/?p=29025#breadcrumb\",\"itemListElement\":[{\"@type\":\"ListItem\",\"position\":1,\"name\":\"Portada\",\"item\":\"https:\/\/crees.org.do\/\"},{\"@type\":\"ListItem\",\"position\":2,\"name\":\"Energ\u00eda sin politiquer\u00eda: la f\u00f3rmula que propone Collado Di Franco\"}]},{\"@type\":\"WebSite\",\"@id\":\"https:\/\/crees.org.do\/#website\",\"url\":\"https:\/\/crees.org.do\/\",\"name\":\"CREES\",\"description\":\"Centro Regional de Estrategias Econ\u00f3micas Sostenibles\",\"publisher\":{\"@id\":\"https:\/\/crees.org.do\/#organization\"},\"potentialAction\":[{\"@type\":\"SearchAction\",\"target\":{\"@type\":\"EntryPoint\",\"urlTemplate\":\"https:\/\/crees.org.do\/?s={search_term_string}\"},\"query-input\":{\"@type\":\"PropertyValueSpecification\",\"valueRequired\":true,\"valueName\":\"search_term_string\"}}],\"inLanguage\":\"es\"},{\"@type\":\"Organization\",\"@id\":\"https:\/\/crees.org.do\/#organization\",\"name\":\"CREES | Centro Regional de Estrategias Econ\u00f3micas Sostenibles\",\"url\":\"https:\/\/crees.org.do\/\",\"logo\":{\"@type\":\"ImageObject\",\"inLanguage\":\"es\",\"@id\":\"https:\/\/crees.org.do\/#\/schema\/logo\/image\/\",\"url\":\"https:\/\/crees.org.do\/wp-content\/uploads\/2022\/03\/crees-logo-1.jpg\",\"contentUrl\":\"https:\/\/crees.org.do\/wp-content\/uploads\/2022\/03\/crees-logo-1.jpg\",\"width\":244,\"height\":71,\"caption\":\"CREES | Centro Regional de Estrategias Econ\u00f3micas Sostenibles\"},\"image\":{\"@id\":\"https:\/\/crees.org.do\/#\/schema\/logo\/image\/\"},\"sameAs\":[\"https:\/\/www.facebook.com\/CREESRD\/\",\"https:\/\/x.com\/CREESRD\"]},{\"@type\":\"Person\",\"@id\":\"https:\/\/crees.org.do\/#\/schema\/person\/e7f97cd94d7bf9cd0e0ce30acb7d56b8\",\"name\":\"Crees\",\"image\":{\"@type\":\"ImageObject\",\"inLanguage\":\"es\",\"@id\":\"https:\/\/crees.org.do\/#\/schema\/person\/image\/\",\"url\":\"https:\/\/secure.gravatar.com\/avatar\/390ac8f0be5d9aa046152553e2dd7011b59a512d89c150f5e5f28bb8d9a0b165?s=96&d=mm&r=g\",\"contentUrl\":\"https:\/\/secure.gravatar.com\/avatar\/390ac8f0be5d9aa046152553e2dd7011b59a512d89c150f5e5f28bb8d9a0b165?s=96&d=mm&r=g\",\"caption\":\"Crees\"},\"url\":\"https:\/\/crees.org.do\/?author=2\"}]}<\/script>\n<!-- \/ Yoast SEO plugin. -->","yoast_head_json":{"title":"Energ\u00eda sin politiquer\u00eda: la f\u00f3rmula que propone Collado Di Franco | CREES","robots":{"index":"index","follow":"follow","max-snippet":"max-snippet:-1","max-image-preview":"max-image-preview:large","max-video-preview":"max-video-preview:-1"},"canonical":"https:\/\/crees.org.do\/?p=29025","og_locale":"es_ES","og_type":"article","og_title":"Energ\u00eda sin politiquer\u00eda: la f\u00f3rmula que propone Collado Di Franco | CREES","og_description":"Autor: Roger Figueroa Fecha: 17 de noviembre de 2025 Extra\u00eddo de: El Nuevo Diario Energ\u00eda sin politiquer\u00eda: la f\u00f3rmula que propone Collado Di Franco EL NUEVO DIARIO, SANTO DOMINGO. \u2013 El economista Miguel Collado Di Franco manifest\u00f3 que cuando se despoliticen las empresas el\u00e9ctricas y se destine el incentivo adecuado para administrarlas mejor, entonces la...","og_url":"https:\/\/crees.org.do\/?p=29025","og_site_name":"CREES","article_publisher":"https:\/\/www.facebook.com\/CREESRD\/","article_published_time":"2025-11-20T18:01:51+00:00","og_image":[{"width":1200,"height":960,"url":"https:\/\/crees.org.do\/wp-content\/uploads\/2025\/11\/DSC_4364-scaled-1-scaled.jpg","type":"image\/jpeg"}],"author":"Crees","twitter_card":"summary_large_image","twitter_creator":"@CREESRD","twitter_site":"@CREESRD","twitter_misc":{"Escrito por":"Crees","Tiempo de lectura":"3 minutos"},"schema":{"@context":"https:\/\/schema.org","@graph":[{"@type":"Article","@id":"https:\/\/crees.org.do\/?p=29025#article","isPartOf":{"@id":"https:\/\/crees.org.do\/?p=29025"},"author":{"name":"Crees","@id":"https:\/\/crees.org.do\/#\/schema\/person\/e7f97cd94d7bf9cd0e0ce30acb7d56b8"},"headline":"Energ\u00eda sin politiquer\u00eda: la f\u00f3rmula que propone Collado Di Franco","datePublished":"2025-11-20T18:01:51+00:00","mainEntityOfPage":{"@id":"https:\/\/crees.org.do\/?p=29025"},"wordCount":636,"publisher":{"@id":"https:\/\/crees.org.do\/#organization"},"image":{"@id":"https:\/\/crees.org.do\/?p=29025#primaryimage"},"thumbnailUrl":"https:\/\/crees.org.do\/wp-content\/uploads\/2025\/11\/DSC_4364-scaled-1-scaled.jpg","articleSection":["Actualidad"],"inLanguage":"es"},{"@type":"WebPage","@id":"https:\/\/crees.org.do\/?p=29025","url":"https:\/\/crees.org.do\/?p=29025","name":"Energ\u00eda sin politiquer\u00eda: la f\u00f3rmula que propone Collado Di Franco | CREES","isPartOf":{"@id":"https:\/\/crees.org.do\/#website"},"primaryImageOfPage":{"@id":"https:\/\/crees.org.do\/?p=29025#primaryimage"},"image":{"@id":"https:\/\/crees.org.do\/?p=29025#primaryimage"},"thumbnailUrl":"https:\/\/crees.org.do\/wp-content\/uploads\/2025\/11\/DSC_4364-scaled-1-scaled.jpg","datePublished":"2025-11-20T18:01:51+00:00","breadcrumb":{"@id":"https:\/\/crees.org.do\/?p=29025#breadcrumb"},"inLanguage":"es","potentialAction":[{"@type":"ReadAction","target":["https:\/\/crees.org.do\/?p=29025"]}]},{"@type":"ImageObject","inLanguage":"es","@id":"https:\/\/crees.org.do\/?p=29025#primaryimage","url":"https:\/\/crees.org.do\/wp-content\/uploads\/2025\/11\/DSC_4364-scaled-1-scaled.jpg","contentUrl":"https:\/\/crees.org.do\/wp-content\/uploads\/2025\/11\/DSC_4364-scaled-1-scaled.jpg","width":1200,"height":960},{"@type":"BreadcrumbList","@id":"https:\/\/crees.org.do\/?p=29025#breadcrumb","itemListElement":[{"@type":"ListItem","position":1,"name":"Portada","item":"https:\/\/crees.org.do\/"},{"@type":"ListItem","position":2,"name":"Energ\u00eda sin politiquer\u00eda: la f\u00f3rmula que propone Collado Di Franco"}]},{"@type":"WebSite","@id":"https:\/\/crees.org.do\/#website","url":"https:\/\/crees.org.do\/","name":"CREES","description":"Centro Regional de Estrategias Econ\u00f3micas Sostenibles","publisher":{"@id":"https:\/\/crees.org.do\/#organization"},"potentialAction":[{"@type":"SearchAction","target":{"@type":"EntryPoint","urlTemplate":"https:\/\/crees.org.do\/?s={search_term_string}"},"query-input":{"@type":"PropertyValueSpecification","valueRequired":true,"valueName":"search_term_string"}}],"inLanguage":"es"},{"@type":"Organization","@id":"https:\/\/crees.org.do\/#organization","name":"CREES | Centro Regional de Estrategias Econ\u00f3micas Sostenibles","url":"https:\/\/crees.org.do\/","logo":{"@type":"ImageObject","inLanguage":"es","@id":"https:\/\/crees.org.do\/#\/schema\/logo\/image\/","url":"https:\/\/crees.org.do\/wp-content\/uploads\/2022\/03\/crees-logo-1.jpg","contentUrl":"https:\/\/crees.org.do\/wp-content\/uploads\/2022\/03\/crees-logo-1.jpg","width":244,"height":71,"caption":"CREES | Centro Regional de Estrategias Econ\u00f3micas Sostenibles"},"image":{"@id":"https:\/\/crees.org.do\/#\/schema\/logo\/image\/"},"sameAs":["https:\/\/www.facebook.com\/CREESRD\/","https:\/\/x.com\/CREESRD"]},{"@type":"Person","@id":"https:\/\/crees.org.do\/#\/schema\/person\/e7f97cd94d7bf9cd0e0ce30acb7d56b8","name":"Crees","image":{"@type":"ImageObject","inLanguage":"es","@id":"https:\/\/crees.org.do\/#\/schema\/person\/image\/","url":"https:\/\/secure.gravatar.com\/avatar\/390ac8f0be5d9aa046152553e2dd7011b59a512d89c150f5e5f28bb8d9a0b165?s=96&d=mm&r=g","contentUrl":"https:\/\/secure.gravatar.com\/avatar\/390ac8f0be5d9aa046152553e2dd7011b59a512d89c150f5e5f28bb8d9a0b165?s=96&d=mm&r=g","caption":"Crees"},"url":"https:\/\/crees.org.do\/?author=2"}]}},"_links":{"self":[{"href":"https:\/\/crees.org.do\/index.php?rest_route=\/wp\/v2\/posts\/29025","targetHints":{"allow":["GET"]}}],"collection":[{"href":"https:\/\/crees.org.do\/index.php?rest_route=\/wp\/v2\/posts"}],"about":[{"href":"https:\/\/crees.org.do\/index.php?rest_route=\/wp\/v2\/types\/post"}],"author":[{"embeddable":true,"href":"https:\/\/crees.org.do\/index.php?rest_route=\/wp\/v2\/users\/2"}],"replies":[{"embeddable":true,"href":"https:\/\/crees.org.do\/index.php?rest_route=%2Fwp%2Fv2%2Fcomments&post=29025"}],"version-history":[{"count":1,"href":"https:\/\/crees.org.do\/index.php?rest_route=\/wp\/v2\/posts\/29025\/revisions"}],"predecessor-version":[{"id":29027,"href":"https:\/\/crees.org.do\/index.php?rest_route=\/wp\/v2\/posts\/29025\/revisions\/29027"}],"wp:featuredmedia":[{"embeddable":true,"href":"https:\/\/crees.org.do\/index.php?rest_route=\/wp\/v2\/media\/29026"}],"wp:attachment":[{"href":"https:\/\/crees.org.do\/index.php?rest_route=%2Fwp%2Fv2%2Fmedia&parent=29025"}],"wp:term":[{"taxonomy":"category","embeddable":true,"href":"https:\/\/crees.org.do\/index.php?rest_route=%2Fwp%2Fv2%2Fcategories&post=29025"},{"taxonomy":"post_tag","embeddable":true,"href":"https:\/\/crees.org.do\/index.php?rest_route=%2Fwp%2Fv2%2Ftags&post=29025"}],"curies":[{"name":"wp","href":"https:\/\/api.w.org\/{rel}","templated":true}]}}