{"id":29048,"date":"2025-11-25T20:38:14","date_gmt":"2025-11-25T20:38:14","guid":{"rendered":"https:\/\/crees.org.do\/?p=29048"},"modified":"2025-11-25T20:38:14","modified_gmt":"2025-11-25T20:38:14","slug":"la-nomina-publica-alcanza-los-778-mil-trabajadores-en-republica-dominicana","status":"publish","type":"post","link":"https:\/\/crees.org.do\/?p=29048","title":{"rendered":"La n\u00f3mina p\u00fablica alcanza los 778 mil trabajadores en Rep\u00fablica Dominicana"},"content":{"rendered":"<h2><img fetchpriority=\"high\" decoding=\"async\" class=\"aligncenter wp-image-29049\" src=\"https:\/\/crees.org.do\/wp-content\/uploads\/2025\/11\/Untitled-copy-20-3-scaled.png\" alt=\"\" width=\"896\" height=\"896\" srcset=\"https:\/\/crees.org.do\/wp-content\/uploads\/2025\/11\/Untitled-copy-20-3-scaled.png 1200w, https:\/\/crees.org.do\/wp-content\/uploads\/2025\/11\/Untitled-copy-20-3-450x450.png 450w, https:\/\/crees.org.do\/wp-content\/uploads\/2025\/11\/Untitled-copy-20-3-2000x2000.png 2000w, https:\/\/crees.org.do\/wp-content\/uploads\/2025\/11\/Untitled-copy-20-3-150x150.png 150w, https:\/\/crees.org.do\/wp-content\/uploads\/2025\/11\/Untitled-copy-20-3-768x768.png 768w, https:\/\/crees.org.do\/wp-content\/uploads\/2025\/11\/Untitled-copy-20-3-500x500.png 500w, https:\/\/crees.org.do\/wp-content\/uploads\/2025\/11\/Untitled-copy-20-3-1536x1536.png 1536w, https:\/\/crees.org.do\/wp-content\/uploads\/2025\/11\/Untitled-copy-20-3-2048x2048.png 2048w\" sizes=\"(max-width: 896px) 100vw, 896px\" \/><\/h2>\n<h2 style=\"text-align: justify;\"><strong>La n\u00f3mina p\u00fablica alcanza los 778 mil trabajadores en Rep\u00fablica Dominicana<\/strong><\/h2>\n<p style=\"text-align: justify;\">Los datos de la Superintendencia de Salud y Riesgos Laborales (SISALRIL) muestran que la n\u00f3mina p\u00fablica contin\u00faa expandi\u00e9ndose. A septiembre de 2025 se registraron 777,525 empleados, lo que implica un aumento de 5.2% frente al mismo mes de 2024, equivalente a 38,780 nuevos trabajadores. En lo que va de a\u00f1o, el incremento asciende a 22,700 empleados, o 3.0%. Adem\u00e1s, la variaci\u00f3n interanual de septiembre es la m\u00e1s alta desde marzo de 2023.<\/p>\n<p style=\"text-align: justify;\">Al observar los \u00faltimos diez a\u00f1os \u2014es decir, desde 2016\u2014 se aprecia con mayor claridad la magnitud del crecimiento: en una d\u00e9cada la n\u00f3mina ha aumentado en m\u00e1s de 255,000 empleados. Esto refleja una tendencia continua de ampliaci\u00f3n del aparato estatal. Incluso en un periodo tan corto como entre julio y septiembre de 2025, el aumento fue de 2.3%. Si ese ritmo se mantuviera durante doce meses, equivaldr\u00eda a un crecimiento anual cercano a 14%.<\/p>\n<p style=\"text-align: justify;\">El proyecto de presupuesto para 2026 confirma esta din\u00e1mica: de aprobarse, el gasto en remuneraciones representar\u00eda 23.2% del gasto p\u00fablico total, nuevamente el componente m\u00e1s elevado.<\/p>\n<p style=\"text-align: justify;\">Cuando el empleo p\u00fablico crece de manera constante, tambi\u00e9n aumenta la cantidad de recursos que la econom\u00eda debe destinar a sostenerlo. Esos recursos provienen de la actividad productiva y no pueden emplearse simult\u00e1neamente en otros usos. Por eso, el costo relevante no es \u00fanicamente el monto presupuestado, sino lo que la sociedad deja de hacer con esos recursos: invertir, innovar o crear nuevos empleos en el sector privado. Esa din\u00e1mica condiciona la capacidad del pa\u00eds de generar mayor prosperidad en el futuro.<\/p>\n<div class=\"pvc_clear\"><\/div>\n<p class=\"pvc_stats all \" data-element-id=\"29048\" style=\"\"><i class=\"pvc-stats-icon medium\" aria-hidden=\"true\"><svg aria-hidden=\"true\" focusable=\"false\" data-prefix=\"far\" data-icon=\"chart-bar\" role=\"img\" xmlns=\"http:\/\/www.w3.org\/2000\/svg\" viewBox=\"0 0 512 512\" class=\"svg-inline--fa fa-chart-bar fa-w-16 fa-2x\"><path fill=\"currentColor\" d=\"M396.8 352h22.4c6.4 0 12.8-6.4 12.8-12.8V108.8c0-6.4-6.4-12.8-12.8-12.8h-22.4c-6.4 0-12.8 6.4-12.8 12.8v230.4c0 6.4 6.4 12.8 12.8 12.8zm-192 0h22.4c6.4 0 12.8-6.4 12.8-12.8V140.8c0-6.4-6.4-12.8-12.8-12.8h-22.4c-6.4 0-12.8 6.4-12.8 12.8v198.4c0 6.4 6.4 12.8 12.8 12.8zm96 0h22.4c6.4 0 12.8-6.4 12.8-12.8V204.8c0-6.4-6.4-12.8-12.8-12.8h-22.4c-6.4 0-12.8 6.4-12.8 12.8v134.4c0 6.4 6.4 12.8 12.8 12.8zM496 400H48V80c0-8.84-7.16-16-16-16H16C7.16 64 0 71.16 0 80v336c0 17.67 14.33 32 32 32h464c8.84 0 16-7.16 16-16v-16c0-8.84-7.16-16-16-16zm-387.2-48h22.4c6.4 0 12.8-6.4 12.8-12.8v-70.4c0-6.4-6.4-12.8-12.8-12.8h-22.4c-6.4 0-12.8 6.4-12.8 12.8v70.4c0 6.4 6.4 12.8 12.8 12.8z\" class=\"\"><\/path><\/svg><\/i> Vistas Totales&nbsp;1,454&nbsp;<\/p>\n<div class=\"pvc_clear\"><\/div>\n","protected":false},"excerpt":{"rendered":"<p>La n\u00f3mina p\u00fablica alcanza los 778 mil trabajadores en Rep\u00fablica Dominicana Los datos de la Superintendencia de Salud y Riesgos Laborales (SISALRIL) muestran que la n\u00f3mina p\u00fablica contin\u00faa expandi\u00e9ndose. A septiembre de 2025 se registraron 777,525 empleados, lo que implica un aumento de 5.2% frente al mismo mes de 2024, equivalente a 38,780 nuevos trabajadores&#8230;.<\/p>\n<div class=\"pvc_clear\"><\/div>\n<p class=\"pvc_stats all \" data-element-id=\"29048\" style=\"\"><i class=\"pvc-stats-icon medium\" aria-hidden=\"true\"><svg aria-hidden=\"true\" focusable=\"false\" data-prefix=\"far\" data-icon=\"chart-bar\" role=\"img\" xmlns=\"http:\/\/www.w3.org\/2000\/svg\" viewBox=\"0 0 512 512\" class=\"svg-inline--fa fa-chart-bar fa-w-16 fa-2x\"><path fill=\"currentColor\" d=\"M396.8 352h22.4c6.4 0 12.8-6.4 12.8-12.8V108.8c0-6.4-6.4-12.8-12.8-12.8h-22.4c-6.4 0-12.8 6.4-12.8 12.8v230.4c0 6.4 6.4 12.8 12.8 12.8zm-192 0h22.4c6.4 0 12.8-6.4 12.8-12.8V140.8c0-6.4-6.4-12.8-12.8-12.8h-22.4c-6.4 0-12.8 6.4-12.8 12.8v198.4c0 6.4 6.4 12.8 12.8 12.8zm96 0h22.4c6.4 0 12.8-6.4 12.8-12.8V204.8c0-6.4-6.4-12.8-12.8-12.8h-22.4c-6.4 0-12.8 6.4-12.8 12.8v134.4c0 6.4 6.4 12.8 12.8 12.8zM496 400H48V80c0-8.84-7.16-16-16-16H16C7.16 64 0 71.16 0 80v336c0 17.67 14.33 32 32 32h464c8.84 0 16-7.16 16-16v-16c0-8.84-7.16-16-16-16zm-387.2-48h22.4c6.4 0 12.8-6.4 12.8-12.8v-70.4c0-6.4-6.4-12.8-12.8-12.8h-22.4c-6.4 0-12.8 6.4-12.8 12.8v70.4c0 6.4 6.4 12.8 12.8 12.8z\" class=\"\"><\/path><\/svg><\/i> Vistas Totales&nbsp;1,454&nbsp;<\/p>\n<div class=\"pvc_clear\"><\/div>\n","protected":false},"author":2,"featured_media":29049,"comment_status":"closed","ping_status":"closed","sticky":false,"template":"","format":"standard","meta":{"footnotes":""},"categories":[21],"tags":[],"class_list":["post-29048","post","type-post","status-publish","format-standard","has-post-thumbnail","hentry","category-blog"],"yoast_head":"<!-- This site is optimized with the Yoast SEO plugin v25.2 - https:\/\/yoast.com\/wordpress\/plugins\/seo\/ -->\n<title>La n\u00f3mina p\u00fablica alcanza los 778 mil trabajadores en Rep\u00fablica Dominicana | CREES<\/title>\n<meta name=\"robots\" content=\"index, follow, max-snippet:-1, max-image-preview:large, max-video-preview:-1\" \/>\n<link rel=\"canonical\" href=\"https:\/\/crees.org.do\/?p=29048\" \/>\n<meta property=\"og:locale\" content=\"es_ES\" \/>\n<meta property=\"og:type\" content=\"article\" \/>\n<meta property=\"og:title\" content=\"La n\u00f3mina p\u00fablica alcanza los 778 mil trabajadores en Rep\u00fablica Dominicana | CREES\" \/>\n<meta property=\"og:description\" content=\"La n\u00f3mina p\u00fablica alcanza los 778 mil trabajadores en Rep\u00fablica Dominicana Los datos de la Superintendencia de Salud y Riesgos Laborales (SISALRIL) muestran que la n\u00f3mina p\u00fablica contin\u00faa expandi\u00e9ndose. A septiembre de 2025 se registraron 777,525 empleados, lo que implica un aumento de 5.2% frente al mismo mes de 2024, equivalente a 38,780 nuevos trabajadores....\" \/>\n<meta property=\"og:url\" content=\"https:\/\/crees.org.do\/?p=29048\" \/>\n<meta property=\"og:site_name\" content=\"CREES\" \/>\n<meta property=\"article:publisher\" content=\"https:\/\/www.facebook.com\/CREESRD\/\" \/>\n<meta property=\"article:published_time\" content=\"2025-11-25T20:38:14+00:00\" \/>\n<meta property=\"og:image\" content=\"https:\/\/crees.org.do\/wp-content\/uploads\/2025\/11\/Untitled-copy-20-3-scaled.png\" \/>\n\t<meta property=\"og:image:width\" content=\"1200\" \/>\n\t<meta property=\"og:image:height\" content=\"1200\" \/>\n\t<meta property=\"og:image:type\" content=\"image\/png\" \/>\n<meta name=\"author\" content=\"Crees\" \/>\n<meta name=\"twitter:card\" content=\"summary_large_image\" \/>\n<meta name=\"twitter:creator\" content=\"@CREESRD\" \/>\n<meta name=\"twitter:site\" content=\"@CREESRD\" \/>\n<meta name=\"twitter:label1\" content=\"Escrito por\" \/>\n\t<meta name=\"twitter:data1\" content=\"Crees\" \/>\n\t<meta name=\"twitter:label2\" content=\"Tiempo de lectura\" \/>\n\t<meta name=\"twitter:data2\" content=\"1 minuto\" \/>\n<script type=\"application\/ld+json\" class=\"yoast-schema-graph\">{\"@context\":\"https:\/\/schema.org\",\"@graph\":[{\"@type\":\"Article\",\"@id\":\"https:\/\/crees.org.do\/?p=29048#article\",\"isPartOf\":{\"@id\":\"https:\/\/crees.org.do\/?p=29048\"},\"author\":{\"name\":\"Crees\",\"@id\":\"https:\/\/crees.org.do\/#\/schema\/person\/e7f97cd94d7bf9cd0e0ce30acb7d56b8\"},\"headline\":\"La n\u00f3mina p\u00fablica alcanza los 778 mil trabajadores en Rep\u00fablica Dominicana\",\"datePublished\":\"2025-11-25T20:38:14+00:00\",\"mainEntityOfPage\":{\"@id\":\"https:\/\/crees.org.do\/?p=29048\"},\"wordCount\":290,\"publisher\":{\"@id\":\"https:\/\/crees.org.do\/#organization\"},\"image\":{\"@id\":\"https:\/\/crees.org.do\/?p=29048#primaryimage\"},\"thumbnailUrl\":\"https:\/\/crees.org.do\/wp-content\/uploads\/2025\/11\/Untitled-copy-20-3-scaled.png\",\"articleSection\":[\"Blog\"],\"inLanguage\":\"es\"},{\"@type\":\"WebPage\",\"@id\":\"https:\/\/crees.org.do\/?p=29048\",\"url\":\"https:\/\/crees.org.do\/?p=29048\",\"name\":\"La n\u00f3mina p\u00fablica alcanza los 778 mil trabajadores en Rep\u00fablica Dominicana | CREES\",\"isPartOf\":{\"@id\":\"https:\/\/crees.org.do\/#website\"},\"primaryImageOfPage\":{\"@id\":\"https:\/\/crees.org.do\/?p=29048#primaryimage\"},\"image\":{\"@id\":\"https:\/\/crees.org.do\/?p=29048#primaryimage\"},\"thumbnailUrl\":\"https:\/\/crees.org.do\/wp-content\/uploads\/2025\/11\/Untitled-copy-20-3-scaled.png\",\"datePublished\":\"2025-11-25T20:38:14+00:00\",\"breadcrumb\":{\"@id\":\"https:\/\/crees.org.do\/?p=29048#breadcrumb\"},\"inLanguage\":\"es\",\"potentialAction\":[{\"@type\":\"ReadAction\",\"target\":[\"https:\/\/crees.org.do\/?p=29048\"]}]},{\"@type\":\"ImageObject\",\"inLanguage\":\"es\",\"@id\":\"https:\/\/crees.org.do\/?p=29048#primaryimage\",\"url\":\"https:\/\/crees.org.do\/wp-content\/uploads\/2025\/11\/Untitled-copy-20-3-scaled.png\",\"contentUrl\":\"https:\/\/crees.org.do\/wp-content\/uploads\/2025\/11\/Untitled-copy-20-3-scaled.png\",\"width\":1200,\"height\":1200},{\"@type\":\"BreadcrumbList\",\"@id\":\"https:\/\/crees.org.do\/?p=29048#breadcrumb\",\"itemListElement\":[{\"@type\":\"ListItem\",\"position\":1,\"name\":\"Portada\",\"item\":\"https:\/\/crees.org.do\/\"},{\"@type\":\"ListItem\",\"position\":2,\"name\":\"La n\u00f3mina p\u00fablica alcanza los 778 mil trabajadores en Rep\u00fablica Dominicana\"}]},{\"@type\":\"WebSite\",\"@id\":\"https:\/\/crees.org.do\/#website\",\"url\":\"https:\/\/crees.org.do\/\",\"name\":\"CREES\",\"description\":\"Centro Regional de Estrategias Econ\u00f3micas Sostenibles\",\"publisher\":{\"@id\":\"https:\/\/crees.org.do\/#organization\"},\"potentialAction\":[{\"@type\":\"SearchAction\",\"target\":{\"@type\":\"EntryPoint\",\"urlTemplate\":\"https:\/\/crees.org.do\/?s={search_term_string}\"},\"query-input\":{\"@type\":\"PropertyValueSpecification\",\"valueRequired\":true,\"valueName\":\"search_term_string\"}}],\"inLanguage\":\"es\"},{\"@type\":\"Organization\",\"@id\":\"https:\/\/crees.org.do\/#organization\",\"name\":\"CREES | Centro Regional de Estrategias Econ\u00f3micas Sostenibles\",\"url\":\"https:\/\/crees.org.do\/\",\"logo\":{\"@type\":\"ImageObject\",\"inLanguage\":\"es\",\"@id\":\"https:\/\/crees.org.do\/#\/schema\/logo\/image\/\",\"url\":\"https:\/\/crees.org.do\/wp-content\/uploads\/2022\/03\/crees-logo-1.jpg\",\"contentUrl\":\"https:\/\/crees.org.do\/wp-content\/uploads\/2022\/03\/crees-logo-1.jpg\",\"width\":244,\"height\":71,\"caption\":\"CREES | Centro Regional de Estrategias Econ\u00f3micas Sostenibles\"},\"image\":{\"@id\":\"https:\/\/crees.org.do\/#\/schema\/logo\/image\/\"},\"sameAs\":[\"https:\/\/www.facebook.com\/CREESRD\/\",\"https:\/\/x.com\/CREESRD\"]},{\"@type\":\"Person\",\"@id\":\"https:\/\/crees.org.do\/#\/schema\/person\/e7f97cd94d7bf9cd0e0ce30acb7d56b8\",\"name\":\"Crees\",\"image\":{\"@type\":\"ImageObject\",\"inLanguage\":\"es\",\"@id\":\"https:\/\/crees.org.do\/#\/schema\/person\/image\/\",\"url\":\"https:\/\/secure.gravatar.com\/avatar\/390ac8f0be5d9aa046152553e2dd7011b59a512d89c150f5e5f28bb8d9a0b165?s=96&d=mm&r=g\",\"contentUrl\":\"https:\/\/secure.gravatar.com\/avatar\/390ac8f0be5d9aa046152553e2dd7011b59a512d89c150f5e5f28bb8d9a0b165?s=96&d=mm&r=g\",\"caption\":\"Crees\"},\"url\":\"https:\/\/crees.org.do\/?author=2\"}]}<\/script>\n<!-- \/ Yoast SEO plugin. -->","yoast_head_json":{"title":"La n\u00f3mina p\u00fablica alcanza los 778 mil trabajadores en Rep\u00fablica Dominicana | CREES","robots":{"index":"index","follow":"follow","max-snippet":"max-snippet:-1","max-image-preview":"max-image-preview:large","max-video-preview":"max-video-preview:-1"},"canonical":"https:\/\/crees.org.do\/?p=29048","og_locale":"es_ES","og_type":"article","og_title":"La n\u00f3mina p\u00fablica alcanza los 778 mil trabajadores en Rep\u00fablica Dominicana | CREES","og_description":"La n\u00f3mina p\u00fablica alcanza los 778 mil trabajadores en Rep\u00fablica Dominicana Los datos de la Superintendencia de Salud y Riesgos Laborales (SISALRIL) muestran que la n\u00f3mina p\u00fablica contin\u00faa expandi\u00e9ndose. A septiembre de 2025 se registraron 777,525 empleados, lo que implica un aumento de 5.2% frente al mismo mes de 2024, equivalente a 38,780 nuevos trabajadores....","og_url":"https:\/\/crees.org.do\/?p=29048","og_site_name":"CREES","article_publisher":"https:\/\/www.facebook.com\/CREESRD\/","article_published_time":"2025-11-25T20:38:14+00:00","og_image":[{"width":1200,"height":1200,"url":"https:\/\/crees.org.do\/wp-content\/uploads\/2025\/11\/Untitled-copy-20-3-scaled.png","type":"image\/png"}],"author":"Crees","twitter_card":"summary_large_image","twitter_creator":"@CREESRD","twitter_site":"@CREESRD","twitter_misc":{"Escrito por":"Crees","Tiempo de lectura":"1 minuto"},"schema":{"@context":"https:\/\/schema.org","@graph":[{"@type":"Article","@id":"https:\/\/crees.org.do\/?p=29048#article","isPartOf":{"@id":"https:\/\/crees.org.do\/?p=29048"},"author":{"name":"Crees","@id":"https:\/\/crees.org.do\/#\/schema\/person\/e7f97cd94d7bf9cd0e0ce30acb7d56b8"},"headline":"La n\u00f3mina p\u00fablica alcanza los 778 mil trabajadores en Rep\u00fablica Dominicana","datePublished":"2025-11-25T20:38:14+00:00","mainEntityOfPage":{"@id":"https:\/\/crees.org.do\/?p=29048"},"wordCount":290,"publisher":{"@id":"https:\/\/crees.org.do\/#organization"},"image":{"@id":"https:\/\/crees.org.do\/?p=29048#primaryimage"},"thumbnailUrl":"https:\/\/crees.org.do\/wp-content\/uploads\/2025\/11\/Untitled-copy-20-3-scaled.png","articleSection":["Blog"],"inLanguage":"es"},{"@type":"WebPage","@id":"https:\/\/crees.org.do\/?p=29048","url":"https:\/\/crees.org.do\/?p=29048","name":"La n\u00f3mina p\u00fablica alcanza los 778 mil trabajadores en Rep\u00fablica Dominicana | CREES","isPartOf":{"@id":"https:\/\/crees.org.do\/#website"},"primaryImageOfPage":{"@id":"https:\/\/crees.org.do\/?p=29048#primaryimage"},"image":{"@id":"https:\/\/crees.org.do\/?p=29048#primaryimage"},"thumbnailUrl":"https:\/\/crees.org.do\/wp-content\/uploads\/2025\/11\/Untitled-copy-20-3-scaled.png","datePublished":"2025-11-25T20:38:14+00:00","breadcrumb":{"@id":"https:\/\/crees.org.do\/?p=29048#breadcrumb"},"inLanguage":"es","potentialAction":[{"@type":"ReadAction","target":["https:\/\/crees.org.do\/?p=29048"]}]},{"@type":"ImageObject","inLanguage":"es","@id":"https:\/\/crees.org.do\/?p=29048#primaryimage","url":"https:\/\/crees.org.do\/wp-content\/uploads\/2025\/11\/Untitled-copy-20-3-scaled.png","contentUrl":"https:\/\/crees.org.do\/wp-content\/uploads\/2025\/11\/Untitled-copy-20-3-scaled.png","width":1200,"height":1200},{"@type":"BreadcrumbList","@id":"https:\/\/crees.org.do\/?p=29048#breadcrumb","itemListElement":[{"@type":"ListItem","position":1,"name":"Portada","item":"https:\/\/crees.org.do\/"},{"@type":"ListItem","position":2,"name":"La n\u00f3mina p\u00fablica alcanza los 778 mil trabajadores en Rep\u00fablica Dominicana"}]},{"@type":"WebSite","@id":"https:\/\/crees.org.do\/#website","url":"https:\/\/crees.org.do\/","name":"CREES","description":"Centro Regional de Estrategias Econ\u00f3micas Sostenibles","publisher":{"@id":"https:\/\/crees.org.do\/#organization"},"potentialAction":[{"@type":"SearchAction","target":{"@type":"EntryPoint","urlTemplate":"https:\/\/crees.org.do\/?s={search_term_string}"},"query-input":{"@type":"PropertyValueSpecification","valueRequired":true,"valueName":"search_term_string"}}],"inLanguage":"es"},{"@type":"Organization","@id":"https:\/\/crees.org.do\/#organization","name":"CREES | Centro Regional de Estrategias Econ\u00f3micas Sostenibles","url":"https:\/\/crees.org.do\/","logo":{"@type":"ImageObject","inLanguage":"es","@id":"https:\/\/crees.org.do\/#\/schema\/logo\/image\/","url":"https:\/\/crees.org.do\/wp-content\/uploads\/2022\/03\/crees-logo-1.jpg","contentUrl":"https:\/\/crees.org.do\/wp-content\/uploads\/2022\/03\/crees-logo-1.jpg","width":244,"height":71,"caption":"CREES | Centro Regional de Estrategias Econ\u00f3micas Sostenibles"},"image":{"@id":"https:\/\/crees.org.do\/#\/schema\/logo\/image\/"},"sameAs":["https:\/\/www.facebook.com\/CREESRD\/","https:\/\/x.com\/CREESRD"]},{"@type":"Person","@id":"https:\/\/crees.org.do\/#\/schema\/person\/e7f97cd94d7bf9cd0e0ce30acb7d56b8","name":"Crees","image":{"@type":"ImageObject","inLanguage":"es","@id":"https:\/\/crees.org.do\/#\/schema\/person\/image\/","url":"https:\/\/secure.gravatar.com\/avatar\/390ac8f0be5d9aa046152553e2dd7011b59a512d89c150f5e5f28bb8d9a0b165?s=96&d=mm&r=g","contentUrl":"https:\/\/secure.gravatar.com\/avatar\/390ac8f0be5d9aa046152553e2dd7011b59a512d89c150f5e5f28bb8d9a0b165?s=96&d=mm&r=g","caption":"Crees"},"url":"https:\/\/crees.org.do\/?author=2"}]}},"_links":{"self":[{"href":"https:\/\/crees.org.do\/index.php?rest_route=\/wp\/v2\/posts\/29048","targetHints":{"allow":["GET"]}}],"collection":[{"href":"https:\/\/crees.org.do\/index.php?rest_route=\/wp\/v2\/posts"}],"about":[{"href":"https:\/\/crees.org.do\/index.php?rest_route=\/wp\/v2\/types\/post"}],"author":[{"embeddable":true,"href":"https:\/\/crees.org.do\/index.php?rest_route=\/wp\/v2\/users\/2"}],"replies":[{"embeddable":true,"href":"https:\/\/crees.org.do\/index.php?rest_route=%2Fwp%2Fv2%2Fcomments&post=29048"}],"version-history":[{"count":1,"href":"https:\/\/crees.org.do\/index.php?rest_route=\/wp\/v2\/posts\/29048\/revisions"}],"predecessor-version":[{"id":29050,"href":"https:\/\/crees.org.do\/index.php?rest_route=\/wp\/v2\/posts\/29048\/revisions\/29050"}],"wp:featuredmedia":[{"embeddable":true,"href":"https:\/\/crees.org.do\/index.php?rest_route=\/wp\/v2\/media\/29049"}],"wp:attachment":[{"href":"https:\/\/crees.org.do\/index.php?rest_route=%2Fwp%2Fv2%2Fmedia&parent=29048"}],"wp:term":[{"taxonomy":"category","embeddable":true,"href":"https:\/\/crees.org.do\/index.php?rest_route=%2Fwp%2Fv2%2Fcategories&post=29048"},{"taxonomy":"post_tag","embeddable":true,"href":"https:\/\/crees.org.do\/index.php?rest_route=%2Fwp%2Fv2%2Ftags&post=29048"}],"curies":[{"name":"wp","href":"https:\/\/api.w.org\/{rel}","templated":true}]}}