{"id":29057,"date":"2025-11-27T00:00:53","date_gmt":"2025-11-27T00:00:53","guid":{"rendered":"https:\/\/crees.org.do\/?p=29057"},"modified":"2025-11-27T19:39:20","modified_gmt":"2025-11-27T19:39:20","slug":"si-las-reformas-estructurales-continuan-pendientes","status":"publish","type":"post","link":"https:\/\/crees.org.do\/?p=29057","title":{"rendered":"S\u00ed, las reformas estructurales contin\u00faan pendientes"},"content":{"rendered":"<p>Autor: Miguel Collado Di Franco<\/p>\n<p>Fecha: 27 de noviembre de 2025<\/p>\n<p>&nbsp;<\/p>\n<h2><img fetchpriority=\"high\" decoding=\"async\" class=\"aligncenter wp-image-29088\" src=\"https:\/\/crees.org.do\/wp-content\/uploads\/2025\/11\/Tabla-reformas-estructurales-1-scaled.png\" alt=\"\" width=\"896\" height=\"896\" srcset=\"https:\/\/crees.org.do\/wp-content\/uploads\/2025\/11\/Tabla-reformas-estructurales-1-scaled.png 1200w, https:\/\/crees.org.do\/wp-content\/uploads\/2025\/11\/Tabla-reformas-estructurales-1-450x450.png 450w, https:\/\/crees.org.do\/wp-content\/uploads\/2025\/11\/Tabla-reformas-estructurales-1-2000x2000.png 2000w, https:\/\/crees.org.do\/wp-content\/uploads\/2025\/11\/Tabla-reformas-estructurales-1-150x150.png 150w, https:\/\/crees.org.do\/wp-content\/uploads\/2025\/11\/Tabla-reformas-estructurales-1-768x768.png 768w, https:\/\/crees.org.do\/wp-content\/uploads\/2025\/11\/Tabla-reformas-estructurales-1-500x500.png 500w, https:\/\/crees.org.do\/wp-content\/uploads\/2025\/11\/Tabla-reformas-estructurales-1-1536x1536.png 1536w, https:\/\/crees.org.do\/wp-content\/uploads\/2025\/11\/Tabla-reformas-estructurales-1-2048x2048.png 2048w\" sizes=\"(max-width: 896px) 100vw, 896px\" \/><\/h2>\n<h2 style=\"text-align: justify;\"><strong>S\u00ed, las reformas estructurales contin\u00faan pendientes<\/strong><\/h2>\n<p style=\"text-align: justify;\">Rep\u00fablica Dominicana, tal como hemos expresado desde hace m\u00e1s de una d\u00e9cada, necesita implementar un conjunto de reformas estructurales que fortalezcan los fundamentos de la econom\u00eda y promuevan la competitividad. En este \u00faltimo aspecto, que permitan incrementar la productividad en la econom\u00eda.<\/p>\n<p style=\"text-align: justify;\">Estas reformas tendr\u00edan prop\u00f3sitos m\u00e1s espec\u00edficos. Por ejemplo, disminuir las barreras a la inversi\u00f3n e innovaci\u00f3n, y mejorar el clima de negocios en la Rep\u00fablica Dominicana. De igual forma, reducir la estructura de costos internos para que las empresas puedan competir y generar m\u00e1s empleos y riquezas. Solo con empleos productivos que aumenten la riqueza en la econom\u00eda, por medio de la creaci\u00f3n de bienes y servicios de mayor valor, se puede alcanzar crecimiento econ\u00f3mico sano.<\/p>\n<p style=\"text-align: justify;\">En otro orden, las reformas necesarias contribuir\u00edan a crecer la econom\u00eda formal, reduciendo los incentivos a la evasi\u00f3n y elusi\u00f3n que crea el complejo sistema impositivo actual. En tal sentido, el sistema tributario actual parece estar dise\u00f1ado para promover la informalidad y la evasi\u00f3n; una consecuencia positiva af\u00edn ser\u00eda reducir el contrabando y las falsificaciones, y la llamada competencia desleal.<\/p>\n<p style=\"text-align: justify;\">\u00bfOtros beneficios? Fortalecer el orden institucional, garantizar la convivencia armoniosa y la paz social. En \u00faltima instancia, alcanzar en poco tiempo la calificaci\u00f3n de grado de inversi\u00f3n. Sin reformas estructurales, no ser\u00e1 posible lograr ese \u00faltimo objetivo.<\/p>\n<p style=\"text-align: justify;\">La madre de todas las reformas deber\u00eda ser una modificaci\u00f3n tributaria. Una actualizaci\u00f3n a la legislaci\u00f3n actual deber\u00eda reducir tasas y ampliar las bases tributarias; eliminar impuestos distorsionadores; reducir la cantidad de anticipos al a\u00f1o; simplificar las normas generales y los requisitos para la declaraci\u00f3n y pago de impuestos con un formulario \u00fanico para retenciones enviado en una fecha espec\u00edfica del mes. Con una reforma de este tipo se estar\u00eda garantizando la eficiencia en las recaudaciones y se promover\u00eda mayor crecimiento econ\u00f3mico. Las exenciones, al establecerse tasas m\u00e1s bajas y menos tributos, se mantendr\u00edan hasta agotar el per\u00edodo de vigencia de cada ley o contrato.<\/p>\n<p style=\"text-align: justify;\">La ley de responsabilidad fiscal actual debe ser perfeccionada. Es necesario mayor control, para alcanzar una consolidaci\u00f3n fiscal; por tanto, la legislaci\u00f3n deber\u00eda ser reforzada con reglas, no metas, de d\u00e9ficit y endeudamiento p\u00fablico.<\/p>\n<p style=\"text-align: justify;\">Entre las reformas pendiente se encuentra la laboral. En este sentido, la modificaci\u00f3n al C\u00f3digo de Trabajo debe ir enfocada a flexibilizar el mercado laboral, reducir costos laborales no salariales y establecer un seguro de cesant\u00eda, al cual puedan afiliarse quienes entran al mercado laboral. Se mantendr\u00edan los derechos adquiridos de trabajadores actuales.<\/p>\n<p style=\"text-align: justify;\">En materia energ\u00e9tica es necesario realizar cambios profundos en el sistema el\u00e9ctrico con licitaci\u00f3n de venta de las acciones de las empresas distribuidoras de electricidad, reducir el subsidio escalonadamente y revisi\u00f3n de las tarifas. En el aspecto de los hidrocarburos, entre otros elementos, es necesario revisar los impuestos existentes; y flexibilizar el mercado.<\/p>\n<p style=\"text-align: justify;\">Con respecto al sistema de pensiones, la reforma, que debe ir acompa\u00f1ada de las anteriores para reducir costos en la econom\u00eda y facilitar la formalidad, debe contemplar aumentar los aportes a las cuentas de capitalizaci\u00f3n individual. En adici\u00f3n, autorizar la inversi\u00f3n en el exterior de los fondos en las cuentas, limitar las inversiones en t\u00edtulos del Estado, revisar la edad de retiro y tiempo de aportes, y combatir el fraude en declaraciones salariales.<\/p>\n<p style=\"text-align: justify;\">Estas son algunas de las principales reformas pendientes, sin olvidar la necesidad de superar las trabas en permisolog\u00eda y eliminar regulaciones que encarecen hacer negocios y vivir en el pa\u00eds.<\/p>\n<div class=\"pvc_clear\"><\/div>\n<p class=\"pvc_stats all \" data-element-id=\"29057\" style=\"\"><i class=\"pvc-stats-icon medium\" aria-hidden=\"true\"><svg aria-hidden=\"true\" focusable=\"false\" data-prefix=\"far\" data-icon=\"chart-bar\" role=\"img\" xmlns=\"http:\/\/www.w3.org\/2000\/svg\" viewBox=\"0 0 512 512\" class=\"svg-inline--fa fa-chart-bar fa-w-16 fa-2x\"><path fill=\"currentColor\" d=\"M396.8 352h22.4c6.4 0 12.8-6.4 12.8-12.8V108.8c0-6.4-6.4-12.8-12.8-12.8h-22.4c-6.4 0-12.8 6.4-12.8 12.8v230.4c0 6.4 6.4 12.8 12.8 12.8zm-192 0h22.4c6.4 0 12.8-6.4 12.8-12.8V140.8c0-6.4-6.4-12.8-12.8-12.8h-22.4c-6.4 0-12.8 6.4-12.8 12.8v198.4c0 6.4 6.4 12.8 12.8 12.8zm96 0h22.4c6.4 0 12.8-6.4 12.8-12.8V204.8c0-6.4-6.4-12.8-12.8-12.8h-22.4c-6.4 0-12.8 6.4-12.8 12.8v134.4c0 6.4 6.4 12.8 12.8 12.8zM496 400H48V80c0-8.84-7.16-16-16-16H16C7.16 64 0 71.16 0 80v336c0 17.67 14.33 32 32 32h464c8.84 0 16-7.16 16-16v-16c0-8.84-7.16-16-16-16zm-387.2-48h22.4c6.4 0 12.8-6.4 12.8-12.8v-70.4c0-6.4-6.4-12.8-12.8-12.8h-22.4c-6.4 0-12.8 6.4-12.8 12.8v70.4c0 6.4 6.4 12.8 12.8 12.8z\" class=\"\"><\/path><\/svg><\/i> Vistas Totales&nbsp;1,112&nbsp;, Vistas Hoy&nbsp;6&nbsp;<\/p>\n<div class=\"pvc_clear\"><\/div>\n","protected":false},"excerpt":{"rendered":"<p>Autor: Miguel Collado Di Franco Fecha: 27 de noviembre de 2025 &nbsp; S\u00ed, las reformas estructurales contin\u00faan pendientes Rep\u00fablica Dominicana, tal como hemos expresado desde hace m\u00e1s de una d\u00e9cada, necesita implementar un conjunto de reformas estructurales que fortalezcan los fundamentos de la econom\u00eda y promuevan la competitividad. En este \u00faltimo aspecto, que permitan incrementar&#8230;<\/p>\n<div class=\"pvc_clear\"><\/div>\n<p class=\"pvc_stats all \" data-element-id=\"29057\" style=\"\"><i class=\"pvc-stats-icon medium\" aria-hidden=\"true\"><svg aria-hidden=\"true\" focusable=\"false\" data-prefix=\"far\" data-icon=\"chart-bar\" role=\"img\" xmlns=\"http:\/\/www.w3.org\/2000\/svg\" viewBox=\"0 0 512 512\" class=\"svg-inline--fa fa-chart-bar fa-w-16 fa-2x\"><path fill=\"currentColor\" d=\"M396.8 352h22.4c6.4 0 12.8-6.4 12.8-12.8V108.8c0-6.4-6.4-12.8-12.8-12.8h-22.4c-6.4 0-12.8 6.4-12.8 12.8v230.4c0 6.4 6.4 12.8 12.8 12.8zm-192 0h22.4c6.4 0 12.8-6.4 12.8-12.8V140.8c0-6.4-6.4-12.8-12.8-12.8h-22.4c-6.4 0-12.8 6.4-12.8 12.8v198.4c0 6.4 6.4 12.8 12.8 12.8zm96 0h22.4c6.4 0 12.8-6.4 12.8-12.8V204.8c0-6.4-6.4-12.8-12.8-12.8h-22.4c-6.4 0-12.8 6.4-12.8 12.8v134.4c0 6.4 6.4 12.8 12.8 12.8zM496 400H48V80c0-8.84-7.16-16-16-16H16C7.16 64 0 71.16 0 80v336c0 17.67 14.33 32 32 32h464c8.84 0 16-7.16 16-16v-16c0-8.84-7.16-16-16-16zm-387.2-48h22.4c6.4 0 12.8-6.4 12.8-12.8v-70.4c0-6.4-6.4-12.8-12.8-12.8h-22.4c-6.4 0-12.8 6.4-12.8 12.8v70.4c0 6.4 6.4 12.8 12.8 12.8z\" class=\"\"><\/path><\/svg><\/i> Vistas Totales&nbsp;1,112&nbsp;, Vistas Hoy&nbsp;6&nbsp;<\/p>\n<div class=\"pvc_clear\"><\/div>\n","protected":false},"author":2,"featured_media":29088,"comment_status":"closed","ping_status":"closed","sticky":false,"template":"","format":"standard","meta":{"footnotes":""},"categories":[22],"tags":[],"class_list":["post-29057","post","type-post","status-publish","format-standard","has-post-thumbnail","hentry","category-articulos"],"yoast_head":"<!-- This site is optimized with the Yoast SEO plugin v25.2 - https:\/\/yoast.com\/wordpress\/plugins\/seo\/ -->\n<title>S\u00ed, las reformas estructurales contin\u00faan pendientes | CREES<\/title>\n<meta name=\"robots\" content=\"index, follow, max-snippet:-1, max-image-preview:large, max-video-preview:-1\" \/>\n<link rel=\"canonical\" href=\"https:\/\/crees.org.do\/?p=29057\" \/>\n<meta property=\"og:locale\" content=\"es_ES\" \/>\n<meta property=\"og:type\" content=\"article\" \/>\n<meta property=\"og:title\" content=\"S\u00ed, las reformas estructurales contin\u00faan pendientes | CREES\" \/>\n<meta property=\"og:description\" content=\"Autor: Miguel Collado Di Franco Fecha: 27 de noviembre de 2025 &nbsp; S\u00ed, las reformas estructurales contin\u00faan pendientes Rep\u00fablica Dominicana, tal como hemos expresado desde hace m\u00e1s de una d\u00e9cada, necesita implementar un conjunto de reformas estructurales que fortalezcan los fundamentos de la econom\u00eda y promuevan la competitividad. En este \u00faltimo aspecto, que permitan incrementar...\" \/>\n<meta property=\"og:url\" content=\"https:\/\/crees.org.do\/?p=29057\" \/>\n<meta property=\"og:site_name\" content=\"CREES\" \/>\n<meta property=\"article:publisher\" content=\"https:\/\/www.facebook.com\/CREESRD\/\" \/>\n<meta property=\"article:published_time\" content=\"2025-11-27T00:00:53+00:00\" \/>\n<meta property=\"article:modified_time\" content=\"2025-11-27T19:39:20+00:00\" \/>\n<meta property=\"og:image\" content=\"https:\/\/crees.org.do\/wp-content\/uploads\/2025\/11\/Tabla-reformas-estructurales-1-scaled.png\" \/>\n\t<meta property=\"og:image:width\" content=\"1200\" \/>\n\t<meta property=\"og:image:height\" content=\"1200\" \/>\n\t<meta property=\"og:image:type\" content=\"image\/png\" \/>\n<meta name=\"author\" content=\"Crees\" \/>\n<meta name=\"twitter:card\" content=\"summary_large_image\" \/>\n<meta name=\"twitter:creator\" content=\"@CREESRD\" \/>\n<meta name=\"twitter:site\" content=\"@CREESRD\" \/>\n<meta name=\"twitter:label1\" content=\"Escrito por\" \/>\n\t<meta name=\"twitter:data1\" content=\"Crees\" \/>\n\t<meta name=\"twitter:label2\" content=\"Tiempo de lectura\" \/>\n\t<meta name=\"twitter:data2\" content=\"3 minutos\" \/>\n<script type=\"application\/ld+json\" class=\"yoast-schema-graph\">{\"@context\":\"https:\/\/schema.org\",\"@graph\":[{\"@type\":\"Article\",\"@id\":\"https:\/\/crees.org.do\/?p=29057#article\",\"isPartOf\":{\"@id\":\"https:\/\/crees.org.do\/?p=29057\"},\"author\":{\"name\":\"Crees\",\"@id\":\"https:\/\/crees.org.do\/#\/schema\/person\/e7f97cd94d7bf9cd0e0ce30acb7d56b8\"},\"headline\":\"S\u00ed, las reformas estructurales contin\u00faan pendientes\",\"datePublished\":\"2025-11-27T00:00:53+00:00\",\"dateModified\":\"2025-11-27T19:39:20+00:00\",\"mainEntityOfPage\":{\"@id\":\"https:\/\/crees.org.do\/?p=29057\"},\"wordCount\":648,\"publisher\":{\"@id\":\"https:\/\/crees.org.do\/#organization\"},\"image\":{\"@id\":\"https:\/\/crees.org.do\/?p=29057#primaryimage\"},\"thumbnailUrl\":\"https:\/\/crees.org.do\/wp-content\/uploads\/2025\/11\/Tabla-reformas-estructurales-1-scaled.png\",\"articleSection\":[\"Art\u00edculos\"],\"inLanguage\":\"es\"},{\"@type\":\"WebPage\",\"@id\":\"https:\/\/crees.org.do\/?p=29057\",\"url\":\"https:\/\/crees.org.do\/?p=29057\",\"name\":\"S\u00ed, las reformas estructurales contin\u00faan pendientes | CREES\",\"isPartOf\":{\"@id\":\"https:\/\/crees.org.do\/#website\"},\"primaryImageOfPage\":{\"@id\":\"https:\/\/crees.org.do\/?p=29057#primaryimage\"},\"image\":{\"@id\":\"https:\/\/crees.org.do\/?p=29057#primaryimage\"},\"thumbnailUrl\":\"https:\/\/crees.org.do\/wp-content\/uploads\/2025\/11\/Tabla-reformas-estructurales-1-scaled.png\",\"datePublished\":\"2025-11-27T00:00:53+00:00\",\"dateModified\":\"2025-11-27T19:39:20+00:00\",\"breadcrumb\":{\"@id\":\"https:\/\/crees.org.do\/?p=29057#breadcrumb\"},\"inLanguage\":\"es\",\"potentialAction\":[{\"@type\":\"ReadAction\",\"target\":[\"https:\/\/crees.org.do\/?p=29057\"]}]},{\"@type\":\"ImageObject\",\"inLanguage\":\"es\",\"@id\":\"https:\/\/crees.org.do\/?p=29057#primaryimage\",\"url\":\"https:\/\/crees.org.do\/wp-content\/uploads\/2025\/11\/Tabla-reformas-estructurales-1-scaled.png\",\"contentUrl\":\"https:\/\/crees.org.do\/wp-content\/uploads\/2025\/11\/Tabla-reformas-estructurales-1-scaled.png\",\"width\":1200,\"height\":1200},{\"@type\":\"BreadcrumbList\",\"@id\":\"https:\/\/crees.org.do\/?p=29057#breadcrumb\",\"itemListElement\":[{\"@type\":\"ListItem\",\"position\":1,\"name\":\"Portada\",\"item\":\"https:\/\/crees.org.do\/\"},{\"@type\":\"ListItem\",\"position\":2,\"name\":\"S\u00ed, las reformas estructurales contin\u00faan pendientes\"}]},{\"@type\":\"WebSite\",\"@id\":\"https:\/\/crees.org.do\/#website\",\"url\":\"https:\/\/crees.org.do\/\",\"name\":\"CREES\",\"description\":\"Centro Regional de Estrategias Econ\u00f3micas Sostenibles\",\"publisher\":{\"@id\":\"https:\/\/crees.org.do\/#organization\"},\"potentialAction\":[{\"@type\":\"SearchAction\",\"target\":{\"@type\":\"EntryPoint\",\"urlTemplate\":\"https:\/\/crees.org.do\/?s={search_term_string}\"},\"query-input\":{\"@type\":\"PropertyValueSpecification\",\"valueRequired\":true,\"valueName\":\"search_term_string\"}}],\"inLanguage\":\"es\"},{\"@type\":\"Organization\",\"@id\":\"https:\/\/crees.org.do\/#organization\",\"name\":\"CREES | Centro Regional de Estrategias Econ\u00f3micas Sostenibles\",\"url\":\"https:\/\/crees.org.do\/\",\"logo\":{\"@type\":\"ImageObject\",\"inLanguage\":\"es\",\"@id\":\"https:\/\/crees.org.do\/#\/schema\/logo\/image\/\",\"url\":\"https:\/\/crees.org.do\/wp-content\/uploads\/2022\/03\/crees-logo-1.jpg\",\"contentUrl\":\"https:\/\/crees.org.do\/wp-content\/uploads\/2022\/03\/crees-logo-1.jpg\",\"width\":244,\"height\":71,\"caption\":\"CREES | Centro Regional de Estrategias Econ\u00f3micas Sostenibles\"},\"image\":{\"@id\":\"https:\/\/crees.org.do\/#\/schema\/logo\/image\/\"},\"sameAs\":[\"https:\/\/www.facebook.com\/CREESRD\/\",\"https:\/\/x.com\/CREESRD\"]},{\"@type\":\"Person\",\"@id\":\"https:\/\/crees.org.do\/#\/schema\/person\/e7f97cd94d7bf9cd0e0ce30acb7d56b8\",\"name\":\"Crees\",\"image\":{\"@type\":\"ImageObject\",\"inLanguage\":\"es\",\"@id\":\"https:\/\/crees.org.do\/#\/schema\/person\/image\/\",\"url\":\"https:\/\/secure.gravatar.com\/avatar\/390ac8f0be5d9aa046152553e2dd7011b59a512d89c150f5e5f28bb8d9a0b165?s=96&d=mm&r=g\",\"contentUrl\":\"https:\/\/secure.gravatar.com\/avatar\/390ac8f0be5d9aa046152553e2dd7011b59a512d89c150f5e5f28bb8d9a0b165?s=96&d=mm&r=g\",\"caption\":\"Crees\"},\"url\":\"https:\/\/crees.org.do\/?author=2\"}]}<\/script>\n<!-- \/ Yoast SEO plugin. -->","yoast_head_json":{"title":"S\u00ed, las reformas estructurales contin\u00faan pendientes | CREES","robots":{"index":"index","follow":"follow","max-snippet":"max-snippet:-1","max-image-preview":"max-image-preview:large","max-video-preview":"max-video-preview:-1"},"canonical":"https:\/\/crees.org.do\/?p=29057","og_locale":"es_ES","og_type":"article","og_title":"S\u00ed, las reformas estructurales contin\u00faan pendientes | CREES","og_description":"Autor: Miguel Collado Di Franco Fecha: 27 de noviembre de 2025 &nbsp; S\u00ed, las reformas estructurales contin\u00faan pendientes Rep\u00fablica Dominicana, tal como hemos expresado desde hace m\u00e1s de una d\u00e9cada, necesita implementar un conjunto de reformas estructurales que fortalezcan los fundamentos de la econom\u00eda y promuevan la competitividad. En este \u00faltimo aspecto, que permitan incrementar...","og_url":"https:\/\/crees.org.do\/?p=29057","og_site_name":"CREES","article_publisher":"https:\/\/www.facebook.com\/CREESRD\/","article_published_time":"2025-11-27T00:00:53+00:00","article_modified_time":"2025-11-27T19:39:20+00:00","og_image":[{"width":1200,"height":1200,"url":"https:\/\/crees.org.do\/wp-content\/uploads\/2025\/11\/Tabla-reformas-estructurales-1-scaled.png","type":"image\/png"}],"author":"Crees","twitter_card":"summary_large_image","twitter_creator":"@CREESRD","twitter_site":"@CREESRD","twitter_misc":{"Escrito por":"Crees","Tiempo de lectura":"3 minutos"},"schema":{"@context":"https:\/\/schema.org","@graph":[{"@type":"Article","@id":"https:\/\/crees.org.do\/?p=29057#article","isPartOf":{"@id":"https:\/\/crees.org.do\/?p=29057"},"author":{"name":"Crees","@id":"https:\/\/crees.org.do\/#\/schema\/person\/e7f97cd94d7bf9cd0e0ce30acb7d56b8"},"headline":"S\u00ed, las reformas estructurales contin\u00faan pendientes","datePublished":"2025-11-27T00:00:53+00:00","dateModified":"2025-11-27T19:39:20+00:00","mainEntityOfPage":{"@id":"https:\/\/crees.org.do\/?p=29057"},"wordCount":648,"publisher":{"@id":"https:\/\/crees.org.do\/#organization"},"image":{"@id":"https:\/\/crees.org.do\/?p=29057#primaryimage"},"thumbnailUrl":"https:\/\/crees.org.do\/wp-content\/uploads\/2025\/11\/Tabla-reformas-estructurales-1-scaled.png","articleSection":["Art\u00edculos"],"inLanguage":"es"},{"@type":"WebPage","@id":"https:\/\/crees.org.do\/?p=29057","url":"https:\/\/crees.org.do\/?p=29057","name":"S\u00ed, las reformas estructurales contin\u00faan pendientes | CREES","isPartOf":{"@id":"https:\/\/crees.org.do\/#website"},"primaryImageOfPage":{"@id":"https:\/\/crees.org.do\/?p=29057#primaryimage"},"image":{"@id":"https:\/\/crees.org.do\/?p=29057#primaryimage"},"thumbnailUrl":"https:\/\/crees.org.do\/wp-content\/uploads\/2025\/11\/Tabla-reformas-estructurales-1-scaled.png","datePublished":"2025-11-27T00:00:53+00:00","dateModified":"2025-11-27T19:39:20+00:00","breadcrumb":{"@id":"https:\/\/crees.org.do\/?p=29057#breadcrumb"},"inLanguage":"es","potentialAction":[{"@type":"ReadAction","target":["https:\/\/crees.org.do\/?p=29057"]}]},{"@type":"ImageObject","inLanguage":"es","@id":"https:\/\/crees.org.do\/?p=29057#primaryimage","url":"https:\/\/crees.org.do\/wp-content\/uploads\/2025\/11\/Tabla-reformas-estructurales-1-scaled.png","contentUrl":"https:\/\/crees.org.do\/wp-content\/uploads\/2025\/11\/Tabla-reformas-estructurales-1-scaled.png","width":1200,"height":1200},{"@type":"BreadcrumbList","@id":"https:\/\/crees.org.do\/?p=29057#breadcrumb","itemListElement":[{"@type":"ListItem","position":1,"name":"Portada","item":"https:\/\/crees.org.do\/"},{"@type":"ListItem","position":2,"name":"S\u00ed, las reformas estructurales contin\u00faan pendientes"}]},{"@type":"WebSite","@id":"https:\/\/crees.org.do\/#website","url":"https:\/\/crees.org.do\/","name":"CREES","description":"Centro Regional de Estrategias Econ\u00f3micas Sostenibles","publisher":{"@id":"https:\/\/crees.org.do\/#organization"},"potentialAction":[{"@type":"SearchAction","target":{"@type":"EntryPoint","urlTemplate":"https:\/\/crees.org.do\/?s={search_term_string}"},"query-input":{"@type":"PropertyValueSpecification","valueRequired":true,"valueName":"search_term_string"}}],"inLanguage":"es"},{"@type":"Organization","@id":"https:\/\/crees.org.do\/#organization","name":"CREES | Centro Regional de Estrategias Econ\u00f3micas Sostenibles","url":"https:\/\/crees.org.do\/","logo":{"@type":"ImageObject","inLanguage":"es","@id":"https:\/\/crees.org.do\/#\/schema\/logo\/image\/","url":"https:\/\/crees.org.do\/wp-content\/uploads\/2022\/03\/crees-logo-1.jpg","contentUrl":"https:\/\/crees.org.do\/wp-content\/uploads\/2022\/03\/crees-logo-1.jpg","width":244,"height":71,"caption":"CREES | Centro Regional de Estrategias Econ\u00f3micas Sostenibles"},"image":{"@id":"https:\/\/crees.org.do\/#\/schema\/logo\/image\/"},"sameAs":["https:\/\/www.facebook.com\/CREESRD\/","https:\/\/x.com\/CREESRD"]},{"@type":"Person","@id":"https:\/\/crees.org.do\/#\/schema\/person\/e7f97cd94d7bf9cd0e0ce30acb7d56b8","name":"Crees","image":{"@type":"ImageObject","inLanguage":"es","@id":"https:\/\/crees.org.do\/#\/schema\/person\/image\/","url":"https:\/\/secure.gravatar.com\/avatar\/390ac8f0be5d9aa046152553e2dd7011b59a512d89c150f5e5f28bb8d9a0b165?s=96&d=mm&r=g","contentUrl":"https:\/\/secure.gravatar.com\/avatar\/390ac8f0be5d9aa046152553e2dd7011b59a512d89c150f5e5f28bb8d9a0b165?s=96&d=mm&r=g","caption":"Crees"},"url":"https:\/\/crees.org.do\/?author=2"}]}},"_links":{"self":[{"href":"https:\/\/crees.org.do\/index.php?rest_route=\/wp\/v2\/posts\/29057","targetHints":{"allow":["GET"]}}],"collection":[{"href":"https:\/\/crees.org.do\/index.php?rest_route=\/wp\/v2\/posts"}],"about":[{"href":"https:\/\/crees.org.do\/index.php?rest_route=\/wp\/v2\/types\/post"}],"author":[{"embeddable":true,"href":"https:\/\/crees.org.do\/index.php?rest_route=\/wp\/v2\/users\/2"}],"replies":[{"embeddable":true,"href":"https:\/\/crees.org.do\/index.php?rest_route=%2Fwp%2Fv2%2Fcomments&post=29057"}],"version-history":[{"count":3,"href":"https:\/\/crees.org.do\/index.php?rest_route=\/wp\/v2\/posts\/29057\/revisions"}],"predecessor-version":[{"id":29089,"href":"https:\/\/crees.org.do\/index.php?rest_route=\/wp\/v2\/posts\/29057\/revisions\/29089"}],"wp:featuredmedia":[{"embeddable":true,"href":"https:\/\/crees.org.do\/index.php?rest_route=\/wp\/v2\/media\/29088"}],"wp:attachment":[{"href":"https:\/\/crees.org.do\/index.php?rest_route=%2Fwp%2Fv2%2Fmedia&parent=29057"}],"wp:term":[{"taxonomy":"category","embeddable":true,"href":"https:\/\/crees.org.do\/index.php?rest_route=%2Fwp%2Fv2%2Fcategories&post=29057"},{"taxonomy":"post_tag","embeddable":true,"href":"https:\/\/crees.org.do\/index.php?rest_route=%2Fwp%2Fv2%2Ftags&post=29057"}],"curies":[{"name":"wp","href":"https:\/\/api.w.org\/{rel}","templated":true}]}}