{"id":29094,"date":"2025-12-05T13:31:00","date_gmt":"2025-12-05T13:31:00","guid":{"rendered":"https:\/\/crees.org.do\/?p=29094"},"modified":"2025-12-05T13:31:00","modified_gmt":"2025-12-05T13:31:00","slug":"las-exenciones-fiscales-no-son-el-problema-son-el-sintoma","status":"publish","type":"post","link":"https:\/\/crees.org.do\/?p=29094","title":{"rendered":"Las exenciones fiscales no son el problema, son el s\u00edntoma"},"content":{"rendered":"<p style=\"text-align: justify;\">Autor: Miguel Collado Di Franco<\/p>\n<p style=\"text-align: justify;\">Fecha: 4 de diciembre de 2025<\/p>\n<p><img fetchpriority=\"high\" decoding=\"async\" class=\"aligncenter wp-image-29095\" src=\"https:\/\/crees.org.do\/wp-content\/uploads\/2025\/12\/Evolucion-ISR-OCDE-y-RD-scaled.png\" alt=\"\" width=\"896\" height=\"896\" srcset=\"https:\/\/crees.org.do\/wp-content\/uploads\/2025\/12\/Evolucion-ISR-OCDE-y-RD-scaled.png 1200w, https:\/\/crees.org.do\/wp-content\/uploads\/2025\/12\/Evolucion-ISR-OCDE-y-RD-450x450.png 450w, https:\/\/crees.org.do\/wp-content\/uploads\/2025\/12\/Evolucion-ISR-OCDE-y-RD-2000x2000.png 2000w, https:\/\/crees.org.do\/wp-content\/uploads\/2025\/12\/Evolucion-ISR-OCDE-y-RD-150x150.png 150w, https:\/\/crees.org.do\/wp-content\/uploads\/2025\/12\/Evolucion-ISR-OCDE-y-RD-768x768.png 768w, https:\/\/crees.org.do\/wp-content\/uploads\/2025\/12\/Evolucion-ISR-OCDE-y-RD-500x500.png 500w, https:\/\/crees.org.do\/wp-content\/uploads\/2025\/12\/Evolucion-ISR-OCDE-y-RD-1536x1536.png 1536w, https:\/\/crees.org.do\/wp-content\/uploads\/2025\/12\/Evolucion-ISR-OCDE-y-RD-2048x2048.png 2048w\" sizes=\"(max-width: 896px) 100vw, 896px\" \/><\/p>\n<h2 style=\"text-align: justify;\"><strong>Las exenciones fiscales no son el problema, son el s\u00edntoma<\/strong><\/h2>\n<p style=\"text-align: justify;\">Entendemos que el tratamiento a las leyes que otorgan exenciones fiscales deber\u00eda considerar el porqu\u00e9 de la din\u00e1mica de demanda de estas por parte de agentes econ\u00f3micos que residen o realizan actividades econ\u00f3micas en el pa\u00eds. Sin rodeos, es necesario preguntarse: \u00bfqu\u00e9 falla en el sistema que hace que sin los beneficios de las llamadas leyes de incentivo prefirieran llevarse sus capitales a otras econom\u00edas o no traer las inversiones a Rep\u00fablica Dominicana?<\/p>\n<p style=\"text-align: justify;\">Lo primero es estar claros en que el otorgamiento de privilegios en forma de leyes es un reflejo de distorsiones del orden institucional por cuanto tienden a beneficiar a algunos miembros de la sociedad sobre otros. Sin embargo, es imprescindible entender que las exenciones son la prueba categ\u00f3rica de que el r\u00e9gimen tributario de Rep\u00fablica Dominicana es altamente penalizador, ya que la \u00fanica manera de realizar grandes inversiones es con una suerte de salvavidas tributario.<\/p>\n<p style=\"text-align: justify;\">En segundo lugar, e igual de relevante, la demanda de estos beneficios refleja la existencia de costos introducidos por mercados distorsionados. Legislaciones y normas, y dise\u00f1o, hacen que el mercado laboral, el el\u00e9ctrico, el de hidrocarburos, el de transporte de carga, y otros, encarezcan vivir y hacer negocios en el pa\u00eds. Por igual, prevalecen instituciones que mantiene costos de transacci\u00f3n altos, como la gesti\u00f3n de permisos o tr\u00e1mites; y mora y costos de resoluci\u00f3n de conflictos en el sistema judicial.<\/p>\n<p style=\"text-align: justify;\">La demanda de exenciones, en resumen, refleja los costos y las distorsiones que imponen leyes y regulaciones.<\/p>\n<p style=\"text-align: justify;\">Es necesario tener mucho cuidado sobre c\u00f3mo se hace el abordaje espec\u00edfico de las exenciones en alguna modificaci\u00f3n futura al sistema tributario. Se debe reformar, lo que es lo mismo que crear un r\u00e9gimen m\u00e1s simple para el contribuyente y para la administraci\u00f3n tributaria, y que reduzca incentivos para la evasi\u00f3n, la elusi\u00f3n fiscal y la informalidad. Esto se lograr\u00eda reduciendo tasas impositivas y eliminando impuestos altamente distorsionadores y de baja recaudaci\u00f3n, y simplificando los tr\u00e1mites tributarios.<\/p>\n<p style=\"text-align: justify;\">Para tratar las exenciones hay que mirarse en el espejo y reconocer que el sistema tributario es altamente complejo. El sistema tributario genera informalidad, incentiva la evasi\u00f3n y la elusi\u00f3n y motiva que existan leyes y contratos de exenciones y exoneraciones fiscales. En consecuencia, tenemos un sistema tributario que no funciona.<\/p>\n<p style=\"text-align: justify;\">Si el sistema tributario fuera un instrumento para generar competitividad, como lo han implementado otros pa\u00edses, no tendr\u00edamos las distorsiones creadas por estos llamados incentivos para las inversiones; y las exenciones en impuestos como el ITBIS. El sistema tributario est\u00e1 roto y es necesario arreglarlo. No seguirle poniendo remiendos o parches.<\/p>\n<p style=\"text-align: justify;\">Un sistema de instituciones que facilita la cooperaci\u00f3n voluntaria entre los individuos, y la coordinaci\u00f3n de sus actividades en los mercados, propicia la creaci\u00f3n de m\u00e1s bienes y servicios, empleo, ahorro e inversi\u00f3n. Es decir, cuando las instituciones, entre ellas el sistema tributario, est\u00e1n pensadas para que las personas coordinen sus esfuerzos, se fortalece la cohesi\u00f3n social. La llamada paz social surge de manera espont\u00e1nea, y as\u00ed se mantiene. Siempre debemos tener presente que las relaciones de intercambio libre y voluntario fortalecen la unidad de las personas. Este, y no otro, es el camino al crecimiento sostenido. No lo es el de la imposici\u00f3n de leyes y normas que provocan distorsiones que luego hay que perder tiempo en corregir y que, en consecuencia, retrasan el avance hacia la prosperidad.<\/p>\n<div class=\"pvc_clear\"><\/div>\n<p class=\"pvc_stats all \" data-element-id=\"29094\" style=\"\"><i class=\"pvc-stats-icon medium\" aria-hidden=\"true\"><svg aria-hidden=\"true\" focusable=\"false\" data-prefix=\"far\" data-icon=\"chart-bar\" role=\"img\" xmlns=\"http:\/\/www.w3.org\/2000\/svg\" viewBox=\"0 0 512 512\" class=\"svg-inline--fa fa-chart-bar fa-w-16 fa-2x\"><path fill=\"currentColor\" d=\"M396.8 352h22.4c6.4 0 12.8-6.4 12.8-12.8V108.8c0-6.4-6.4-12.8-12.8-12.8h-22.4c-6.4 0-12.8 6.4-12.8 12.8v230.4c0 6.4 6.4 12.8 12.8 12.8zm-192 0h22.4c6.4 0 12.8-6.4 12.8-12.8V140.8c0-6.4-6.4-12.8-12.8-12.8h-22.4c-6.4 0-12.8 6.4-12.8 12.8v198.4c0 6.4 6.4 12.8 12.8 12.8zm96 0h22.4c6.4 0 12.8-6.4 12.8-12.8V204.8c0-6.4-6.4-12.8-12.8-12.8h-22.4c-6.4 0-12.8 6.4-12.8 12.8v134.4c0 6.4 6.4 12.8 12.8 12.8zM496 400H48V80c0-8.84-7.16-16-16-16H16C7.16 64 0 71.16 0 80v336c0 17.67 14.33 32 32 32h464c8.84 0 16-7.16 16-16v-16c0-8.84-7.16-16-16-16zm-387.2-48h22.4c6.4 0 12.8-6.4 12.8-12.8v-70.4c0-6.4-6.4-12.8-12.8-12.8h-22.4c-6.4 0-12.8 6.4-12.8 12.8v70.4c0 6.4 6.4 12.8 12.8 12.8z\" class=\"\"><\/path><\/svg><\/i> Vistas Totales&nbsp;1,286&nbsp;, Vistas Hoy&nbsp;8&nbsp;<\/p>\n<div class=\"pvc_clear\"><\/div>\n","protected":false},"excerpt":{"rendered":"<p>Autor: Miguel Collado Di Franco Fecha: 4 de diciembre de 2025 Las exenciones fiscales no son el problema, son el s\u00edntoma Entendemos que el tratamiento a las leyes que otorgan exenciones fiscales deber\u00eda considerar el porqu\u00e9 de la din\u00e1mica de demanda de estas por parte de agentes econ\u00f3micos que residen o realizan actividades econ\u00f3micas en&#8230;<\/p>\n<div class=\"pvc_clear\"><\/div>\n<p class=\"pvc_stats all \" data-element-id=\"29094\" style=\"\"><i class=\"pvc-stats-icon medium\" aria-hidden=\"true\"><svg aria-hidden=\"true\" focusable=\"false\" data-prefix=\"far\" data-icon=\"chart-bar\" role=\"img\" xmlns=\"http:\/\/www.w3.org\/2000\/svg\" viewBox=\"0 0 512 512\" class=\"svg-inline--fa fa-chart-bar fa-w-16 fa-2x\"><path fill=\"currentColor\" d=\"M396.8 352h22.4c6.4 0 12.8-6.4 12.8-12.8V108.8c0-6.4-6.4-12.8-12.8-12.8h-22.4c-6.4 0-12.8 6.4-12.8 12.8v230.4c0 6.4 6.4 12.8 12.8 12.8zm-192 0h22.4c6.4 0 12.8-6.4 12.8-12.8V140.8c0-6.4-6.4-12.8-12.8-12.8h-22.4c-6.4 0-12.8 6.4-12.8 12.8v198.4c0 6.4 6.4 12.8 12.8 12.8zm96 0h22.4c6.4 0 12.8-6.4 12.8-12.8V204.8c0-6.4-6.4-12.8-12.8-12.8h-22.4c-6.4 0-12.8 6.4-12.8 12.8v134.4c0 6.4 6.4 12.8 12.8 12.8zM496 400H48V80c0-8.84-7.16-16-16-16H16C7.16 64 0 71.16 0 80v336c0 17.67 14.33 32 32 32h464c8.84 0 16-7.16 16-16v-16c0-8.84-7.16-16-16-16zm-387.2-48h22.4c6.4 0 12.8-6.4 12.8-12.8v-70.4c0-6.4-6.4-12.8-12.8-12.8h-22.4c-6.4 0-12.8 6.4-12.8 12.8v70.4c0 6.4 6.4 12.8 12.8 12.8z\" class=\"\"><\/path><\/svg><\/i> Vistas Totales&nbsp;1,286&nbsp;, Vistas Hoy&nbsp;8&nbsp;<\/p>\n<div class=\"pvc_clear\"><\/div>\n","protected":false},"author":2,"featured_media":29095,"comment_status":"closed","ping_status":"closed","sticky":false,"template":"","format":"standard","meta":{"footnotes":""},"categories":[22],"tags":[],"class_list":["post-29094","post","type-post","status-publish","format-standard","has-post-thumbnail","hentry","category-articulos"],"yoast_head":"<!-- This site is optimized with the Yoast SEO plugin v25.2 - https:\/\/yoast.com\/wordpress\/plugins\/seo\/ -->\n<title>Las exenciones fiscales no son el problema, son el s\u00edntoma | CREES<\/title>\n<meta name=\"robots\" content=\"index, follow, max-snippet:-1, max-image-preview:large, max-video-preview:-1\" \/>\n<link rel=\"canonical\" href=\"https:\/\/crees.org.do\/?p=29094\" \/>\n<meta property=\"og:locale\" content=\"es_ES\" \/>\n<meta property=\"og:type\" content=\"article\" \/>\n<meta property=\"og:title\" content=\"Las exenciones fiscales no son el problema, son el s\u00edntoma | CREES\" \/>\n<meta property=\"og:description\" content=\"Autor: Miguel Collado Di Franco Fecha: 4 de diciembre de 2025 Las exenciones fiscales no son el problema, son el s\u00edntoma Entendemos que el tratamiento a las leyes que otorgan exenciones fiscales deber\u00eda considerar el porqu\u00e9 de la din\u00e1mica de demanda de estas por parte de agentes econ\u00f3micos que residen o realizan actividades econ\u00f3micas en...\" \/>\n<meta property=\"og:url\" content=\"https:\/\/crees.org.do\/?p=29094\" \/>\n<meta property=\"og:site_name\" content=\"CREES\" \/>\n<meta property=\"article:publisher\" content=\"https:\/\/www.facebook.com\/CREESRD\/\" \/>\n<meta property=\"article:published_time\" content=\"2025-12-05T13:31:00+00:00\" \/>\n<meta property=\"og:image\" content=\"https:\/\/crees.org.do\/wp-content\/uploads\/2025\/12\/Evolucion-ISR-OCDE-y-RD-scaled.png\" \/>\n\t<meta property=\"og:image:width\" content=\"1200\" \/>\n\t<meta property=\"og:image:height\" content=\"1200\" \/>\n\t<meta property=\"og:image:type\" content=\"image\/png\" \/>\n<meta name=\"author\" content=\"Crees\" \/>\n<meta name=\"twitter:card\" content=\"summary_large_image\" \/>\n<meta name=\"twitter:creator\" content=\"@CREESRD\" \/>\n<meta name=\"twitter:site\" content=\"@CREESRD\" \/>\n<meta name=\"twitter:label1\" content=\"Escrito por\" \/>\n\t<meta name=\"twitter:data1\" content=\"Crees\" \/>\n\t<meta name=\"twitter:label2\" content=\"Tiempo de lectura\" \/>\n\t<meta name=\"twitter:data2\" content=\"3 minutos\" \/>\n<script type=\"application\/ld+json\" class=\"yoast-schema-graph\">{\"@context\":\"https:\/\/schema.org\",\"@graph\":[{\"@type\":\"Article\",\"@id\":\"https:\/\/crees.org.do\/?p=29094#article\",\"isPartOf\":{\"@id\":\"https:\/\/crees.org.do\/?p=29094\"},\"author\":{\"name\":\"Crees\",\"@id\":\"https:\/\/crees.org.do\/#\/schema\/person\/e7f97cd94d7bf9cd0e0ce30acb7d56b8\"},\"headline\":\"Las exenciones fiscales no son el problema, son el s\u00edntoma\",\"datePublished\":\"2025-12-05T13:31:00+00:00\",\"mainEntityOfPage\":{\"@id\":\"https:\/\/crees.org.do\/?p=29094\"},\"wordCount\":625,\"publisher\":{\"@id\":\"https:\/\/crees.org.do\/#organization\"},\"image\":{\"@id\":\"https:\/\/crees.org.do\/?p=29094#primaryimage\"},\"thumbnailUrl\":\"https:\/\/crees.org.do\/wp-content\/uploads\/2025\/12\/Evolucion-ISR-OCDE-y-RD-scaled.png\",\"articleSection\":[\"Art\u00edculos\"],\"inLanguage\":\"es\"},{\"@type\":\"WebPage\",\"@id\":\"https:\/\/crees.org.do\/?p=29094\",\"url\":\"https:\/\/crees.org.do\/?p=29094\",\"name\":\"Las exenciones fiscales no son el problema, son el s\u00edntoma | CREES\",\"isPartOf\":{\"@id\":\"https:\/\/crees.org.do\/#website\"},\"primaryImageOfPage\":{\"@id\":\"https:\/\/crees.org.do\/?p=29094#primaryimage\"},\"image\":{\"@id\":\"https:\/\/crees.org.do\/?p=29094#primaryimage\"},\"thumbnailUrl\":\"https:\/\/crees.org.do\/wp-content\/uploads\/2025\/12\/Evolucion-ISR-OCDE-y-RD-scaled.png\",\"datePublished\":\"2025-12-05T13:31:00+00:00\",\"breadcrumb\":{\"@id\":\"https:\/\/crees.org.do\/?p=29094#breadcrumb\"},\"inLanguage\":\"es\",\"potentialAction\":[{\"@type\":\"ReadAction\",\"target\":[\"https:\/\/crees.org.do\/?p=29094\"]}]},{\"@type\":\"ImageObject\",\"inLanguage\":\"es\",\"@id\":\"https:\/\/crees.org.do\/?p=29094#primaryimage\",\"url\":\"https:\/\/crees.org.do\/wp-content\/uploads\/2025\/12\/Evolucion-ISR-OCDE-y-RD-scaled.png\",\"contentUrl\":\"https:\/\/crees.org.do\/wp-content\/uploads\/2025\/12\/Evolucion-ISR-OCDE-y-RD-scaled.png\",\"width\":1200,\"height\":1200},{\"@type\":\"BreadcrumbList\",\"@id\":\"https:\/\/crees.org.do\/?p=29094#breadcrumb\",\"itemListElement\":[{\"@type\":\"ListItem\",\"position\":1,\"name\":\"Portada\",\"item\":\"https:\/\/crees.org.do\/\"},{\"@type\":\"ListItem\",\"position\":2,\"name\":\"Las exenciones fiscales no son el problema, son el s\u00edntoma\"}]},{\"@type\":\"WebSite\",\"@id\":\"https:\/\/crees.org.do\/#website\",\"url\":\"https:\/\/crees.org.do\/\",\"name\":\"CREES\",\"description\":\"Centro Regional de Estrategias Econ\u00f3micas Sostenibles\",\"publisher\":{\"@id\":\"https:\/\/crees.org.do\/#organization\"},\"potentialAction\":[{\"@type\":\"SearchAction\",\"target\":{\"@type\":\"EntryPoint\",\"urlTemplate\":\"https:\/\/crees.org.do\/?s={search_term_string}\"},\"query-input\":{\"@type\":\"PropertyValueSpecification\",\"valueRequired\":true,\"valueName\":\"search_term_string\"}}],\"inLanguage\":\"es\"},{\"@type\":\"Organization\",\"@id\":\"https:\/\/crees.org.do\/#organization\",\"name\":\"CREES | Centro Regional de Estrategias Econ\u00f3micas Sostenibles\",\"url\":\"https:\/\/crees.org.do\/\",\"logo\":{\"@type\":\"ImageObject\",\"inLanguage\":\"es\",\"@id\":\"https:\/\/crees.org.do\/#\/schema\/logo\/image\/\",\"url\":\"https:\/\/crees.org.do\/wp-content\/uploads\/2022\/03\/crees-logo-1.jpg\",\"contentUrl\":\"https:\/\/crees.org.do\/wp-content\/uploads\/2022\/03\/crees-logo-1.jpg\",\"width\":244,\"height\":71,\"caption\":\"CREES | Centro Regional de Estrategias Econ\u00f3micas Sostenibles\"},\"image\":{\"@id\":\"https:\/\/crees.org.do\/#\/schema\/logo\/image\/\"},\"sameAs\":[\"https:\/\/www.facebook.com\/CREESRD\/\",\"https:\/\/x.com\/CREESRD\"]},{\"@type\":\"Person\",\"@id\":\"https:\/\/crees.org.do\/#\/schema\/person\/e7f97cd94d7bf9cd0e0ce30acb7d56b8\",\"name\":\"Crees\",\"image\":{\"@type\":\"ImageObject\",\"inLanguage\":\"es\",\"@id\":\"https:\/\/crees.org.do\/#\/schema\/person\/image\/\",\"url\":\"https:\/\/secure.gravatar.com\/avatar\/390ac8f0be5d9aa046152553e2dd7011b59a512d89c150f5e5f28bb8d9a0b165?s=96&d=mm&r=g\",\"contentUrl\":\"https:\/\/secure.gravatar.com\/avatar\/390ac8f0be5d9aa046152553e2dd7011b59a512d89c150f5e5f28bb8d9a0b165?s=96&d=mm&r=g\",\"caption\":\"Crees\"},\"url\":\"https:\/\/crees.org.do\/?author=2\"}]}<\/script>\n<!-- \/ Yoast SEO plugin. -->","yoast_head_json":{"title":"Las exenciones fiscales no son el problema, son el s\u00edntoma | CREES","robots":{"index":"index","follow":"follow","max-snippet":"max-snippet:-1","max-image-preview":"max-image-preview:large","max-video-preview":"max-video-preview:-1"},"canonical":"https:\/\/crees.org.do\/?p=29094","og_locale":"es_ES","og_type":"article","og_title":"Las exenciones fiscales no son el problema, son el s\u00edntoma | CREES","og_description":"Autor: Miguel Collado Di Franco Fecha: 4 de diciembre de 2025 Las exenciones fiscales no son el problema, son el s\u00edntoma Entendemos que el tratamiento a las leyes que otorgan exenciones fiscales deber\u00eda considerar el porqu\u00e9 de la din\u00e1mica de demanda de estas por parte de agentes econ\u00f3micos que residen o realizan actividades econ\u00f3micas en...","og_url":"https:\/\/crees.org.do\/?p=29094","og_site_name":"CREES","article_publisher":"https:\/\/www.facebook.com\/CREESRD\/","article_published_time":"2025-12-05T13:31:00+00:00","og_image":[{"width":1200,"height":1200,"url":"https:\/\/crees.org.do\/wp-content\/uploads\/2025\/12\/Evolucion-ISR-OCDE-y-RD-scaled.png","type":"image\/png"}],"author":"Crees","twitter_card":"summary_large_image","twitter_creator":"@CREESRD","twitter_site":"@CREESRD","twitter_misc":{"Escrito por":"Crees","Tiempo de lectura":"3 minutos"},"schema":{"@context":"https:\/\/schema.org","@graph":[{"@type":"Article","@id":"https:\/\/crees.org.do\/?p=29094#article","isPartOf":{"@id":"https:\/\/crees.org.do\/?p=29094"},"author":{"name":"Crees","@id":"https:\/\/crees.org.do\/#\/schema\/person\/e7f97cd94d7bf9cd0e0ce30acb7d56b8"},"headline":"Las exenciones fiscales no son el problema, son el s\u00edntoma","datePublished":"2025-12-05T13:31:00+00:00","mainEntityOfPage":{"@id":"https:\/\/crees.org.do\/?p=29094"},"wordCount":625,"publisher":{"@id":"https:\/\/crees.org.do\/#organization"},"image":{"@id":"https:\/\/crees.org.do\/?p=29094#primaryimage"},"thumbnailUrl":"https:\/\/crees.org.do\/wp-content\/uploads\/2025\/12\/Evolucion-ISR-OCDE-y-RD-scaled.png","articleSection":["Art\u00edculos"],"inLanguage":"es"},{"@type":"WebPage","@id":"https:\/\/crees.org.do\/?p=29094","url":"https:\/\/crees.org.do\/?p=29094","name":"Las exenciones fiscales no son el problema, son el s\u00edntoma | CREES","isPartOf":{"@id":"https:\/\/crees.org.do\/#website"},"primaryImageOfPage":{"@id":"https:\/\/crees.org.do\/?p=29094#primaryimage"},"image":{"@id":"https:\/\/crees.org.do\/?p=29094#primaryimage"},"thumbnailUrl":"https:\/\/crees.org.do\/wp-content\/uploads\/2025\/12\/Evolucion-ISR-OCDE-y-RD-scaled.png","datePublished":"2025-12-05T13:31:00+00:00","breadcrumb":{"@id":"https:\/\/crees.org.do\/?p=29094#breadcrumb"},"inLanguage":"es","potentialAction":[{"@type":"ReadAction","target":["https:\/\/crees.org.do\/?p=29094"]}]},{"@type":"ImageObject","inLanguage":"es","@id":"https:\/\/crees.org.do\/?p=29094#primaryimage","url":"https:\/\/crees.org.do\/wp-content\/uploads\/2025\/12\/Evolucion-ISR-OCDE-y-RD-scaled.png","contentUrl":"https:\/\/crees.org.do\/wp-content\/uploads\/2025\/12\/Evolucion-ISR-OCDE-y-RD-scaled.png","width":1200,"height":1200},{"@type":"BreadcrumbList","@id":"https:\/\/crees.org.do\/?p=29094#breadcrumb","itemListElement":[{"@type":"ListItem","position":1,"name":"Portada","item":"https:\/\/crees.org.do\/"},{"@type":"ListItem","position":2,"name":"Las exenciones fiscales no son el problema, son el s\u00edntoma"}]},{"@type":"WebSite","@id":"https:\/\/crees.org.do\/#website","url":"https:\/\/crees.org.do\/","name":"CREES","description":"Centro Regional de Estrategias Econ\u00f3micas Sostenibles","publisher":{"@id":"https:\/\/crees.org.do\/#organization"},"potentialAction":[{"@type":"SearchAction","target":{"@type":"EntryPoint","urlTemplate":"https:\/\/crees.org.do\/?s={search_term_string}"},"query-input":{"@type":"PropertyValueSpecification","valueRequired":true,"valueName":"search_term_string"}}],"inLanguage":"es"},{"@type":"Organization","@id":"https:\/\/crees.org.do\/#organization","name":"CREES | Centro Regional de Estrategias Econ\u00f3micas Sostenibles","url":"https:\/\/crees.org.do\/","logo":{"@type":"ImageObject","inLanguage":"es","@id":"https:\/\/crees.org.do\/#\/schema\/logo\/image\/","url":"https:\/\/crees.org.do\/wp-content\/uploads\/2022\/03\/crees-logo-1.jpg","contentUrl":"https:\/\/crees.org.do\/wp-content\/uploads\/2022\/03\/crees-logo-1.jpg","width":244,"height":71,"caption":"CREES | Centro Regional de Estrategias Econ\u00f3micas Sostenibles"},"image":{"@id":"https:\/\/crees.org.do\/#\/schema\/logo\/image\/"},"sameAs":["https:\/\/www.facebook.com\/CREESRD\/","https:\/\/x.com\/CREESRD"]},{"@type":"Person","@id":"https:\/\/crees.org.do\/#\/schema\/person\/e7f97cd94d7bf9cd0e0ce30acb7d56b8","name":"Crees","image":{"@type":"ImageObject","inLanguage":"es","@id":"https:\/\/crees.org.do\/#\/schema\/person\/image\/","url":"https:\/\/secure.gravatar.com\/avatar\/390ac8f0be5d9aa046152553e2dd7011b59a512d89c150f5e5f28bb8d9a0b165?s=96&d=mm&r=g","contentUrl":"https:\/\/secure.gravatar.com\/avatar\/390ac8f0be5d9aa046152553e2dd7011b59a512d89c150f5e5f28bb8d9a0b165?s=96&d=mm&r=g","caption":"Crees"},"url":"https:\/\/crees.org.do\/?author=2"}]}},"_links":{"self":[{"href":"https:\/\/crees.org.do\/index.php?rest_route=\/wp\/v2\/posts\/29094","targetHints":{"allow":["GET"]}}],"collection":[{"href":"https:\/\/crees.org.do\/index.php?rest_route=\/wp\/v2\/posts"}],"about":[{"href":"https:\/\/crees.org.do\/index.php?rest_route=\/wp\/v2\/types\/post"}],"author":[{"embeddable":true,"href":"https:\/\/crees.org.do\/index.php?rest_route=\/wp\/v2\/users\/2"}],"replies":[{"embeddable":true,"href":"https:\/\/crees.org.do\/index.php?rest_route=%2Fwp%2Fv2%2Fcomments&post=29094"}],"version-history":[{"count":1,"href":"https:\/\/crees.org.do\/index.php?rest_route=\/wp\/v2\/posts\/29094\/revisions"}],"predecessor-version":[{"id":29096,"href":"https:\/\/crees.org.do\/index.php?rest_route=\/wp\/v2\/posts\/29094\/revisions\/29096"}],"wp:featuredmedia":[{"embeddable":true,"href":"https:\/\/crees.org.do\/index.php?rest_route=\/wp\/v2\/media\/29095"}],"wp:attachment":[{"href":"https:\/\/crees.org.do\/index.php?rest_route=%2Fwp%2Fv2%2Fmedia&parent=29094"}],"wp:term":[{"taxonomy":"category","embeddable":true,"href":"https:\/\/crees.org.do\/index.php?rest_route=%2Fwp%2Fv2%2Fcategories&post=29094"},{"taxonomy":"post_tag","embeddable":true,"href":"https:\/\/crees.org.do\/index.php?rest_route=%2Fwp%2Fv2%2Ftags&post=29094"}],"curies":[{"name":"wp","href":"https:\/\/api.w.org\/{rel}","templated":true}]}}