{"id":29118,"date":"2025-12-10T16:07:10","date_gmt":"2025-12-10T16:07:10","guid":{"rendered":"https:\/\/crees.org.do\/?p=29118"},"modified":"2025-12-10T16:07:10","modified_gmt":"2025-12-10T16:07:10","slug":"como-se-posiciona-republica-dominicana-en-el-imperio-de-la-ley-2025","status":"publish","type":"post","link":"https:\/\/crees.org.do\/?p=29118","title":{"rendered":"C\u00f3mo se posiciona Rep\u00fablica Dominicana en el Imperio de la Ley 2025"},"content":{"rendered":"<h2><img fetchpriority=\"high\" decoding=\"async\" class=\"aligncenter wp-image-29119\" src=\"https:\/\/crees.org.do\/wp-content\/uploads\/2025\/12\/Imperio-de-la-ley-scaled.png\" alt=\"\" width=\"896\" height=\"896\" srcset=\"https:\/\/crees.org.do\/wp-content\/uploads\/2025\/12\/Imperio-de-la-ley-scaled.png 1200w, https:\/\/crees.org.do\/wp-content\/uploads\/2025\/12\/Imperio-de-la-ley-450x450.png 450w, https:\/\/crees.org.do\/wp-content\/uploads\/2025\/12\/Imperio-de-la-ley-2000x2000.png 2000w, https:\/\/crees.org.do\/wp-content\/uploads\/2025\/12\/Imperio-de-la-ley-150x150.png 150w, https:\/\/crees.org.do\/wp-content\/uploads\/2025\/12\/Imperio-de-la-ley-768x768.png 768w, https:\/\/crees.org.do\/wp-content\/uploads\/2025\/12\/Imperio-de-la-ley-500x500.png 500w, https:\/\/crees.org.do\/wp-content\/uploads\/2025\/12\/Imperio-de-la-ley-1536x1536.png 1536w, https:\/\/crees.org.do\/wp-content\/uploads\/2025\/12\/Imperio-de-la-ley-2048x2048.png 2048w\" sizes=\"(max-width: 896px) 100vw, 896px\" \/><\/h2>\n<h2><strong>C\u00f3mo se posiciona Rep\u00fablica Dominicana en el Imperio de la Ley 2025<\/strong><\/h2>\n<p>De acuerdo con el \u00cdndice Imperio de la Ley publicado por el World Justice Project, Rep\u00fablica Dominicana tuvo una puntuaci\u00f3n de 0.50 (similar a a\u00f1os anteriores cuando obtuvo 0.49) y la posici\u00f3n 76 de 143 a nivel global en 2025. El promedio de Latinoam\u00e9rica permaneci\u00f3 con un \u00edndice de 0.48, situando a Rep\u00fablica Dominicana 0.02 puntos encima de la media, aunque todav\u00eda lejos de pa\u00edses como Uruguay o Costa Rica, que ostentan puntuaciones mucho m\u00e1s elevadas.<\/p>\n<p>Como las posiciones son relativas, no necesariamente los avances se deben a incrementos en la puntuaci\u00f3n, es necesario ver la posici\u00f3n de los dem\u00e1s pa\u00edses. Por octavo a\u00f1o consecutivo la puntuaci\u00f3n empeor\u00f3 en la mayor\u00eda de pa\u00edses.<\/p>\n<p>El \u00cdndice de Imperio de la Ley tiene como objetivo medir la solidez del Estado de derecho a trav\u00e9s de ocho factores. Entre ellos, varios muestran ligeras mejoras: ausencia de corrupci\u00f3n aument\u00f3 de 0.41 a 0.42; transparencia gubernamental pas\u00f3 de 0.57 a 0.58; limitaciones al poder del gobierno subi\u00f3 de 0.51 a 0.53; y aplicaci\u00f3n regulatoria avanz\u00f3 de 0.43 a 0.44.<\/p>\n<p>Por otro lado, Derechos fundamentales (0.58) y orden y seguridad (0.64) se mantuvieron estables. En cuanto a justicia civil y justicia criminal, el \u00edndice registr\u00f3 mejoras marginales de 0.01 y 0.02 puntos, respectivamente.<\/p>\n<p>En conjunto los resultados muestran que ha existido mejora, sin embargo, es necesario continuar los avances. Un Estado de derecho responsable y transparente es esencial para garantizar un desarrollo sostenible. El fortalecimiento institucional no solo es clave para asegurar justicia y seguridad, sino tambi\u00e9n para fomentar un entorno confiable y propicio para la inversi\u00f3n y el emprendimiento.<\/p>\n<div class=\"pvc_clear\"><\/div>\n<p class=\"pvc_stats all \" data-element-id=\"29118\" style=\"\"><i class=\"pvc-stats-icon medium\" aria-hidden=\"true\"><svg aria-hidden=\"true\" focusable=\"false\" data-prefix=\"far\" data-icon=\"chart-bar\" role=\"img\" xmlns=\"http:\/\/www.w3.org\/2000\/svg\" viewBox=\"0 0 512 512\" class=\"svg-inline--fa fa-chart-bar fa-w-16 fa-2x\"><path fill=\"currentColor\" d=\"M396.8 352h22.4c6.4 0 12.8-6.4 12.8-12.8V108.8c0-6.4-6.4-12.8-12.8-12.8h-22.4c-6.4 0-12.8 6.4-12.8 12.8v230.4c0 6.4 6.4 12.8 12.8 12.8zm-192 0h22.4c6.4 0 12.8-6.4 12.8-12.8V140.8c0-6.4-6.4-12.8-12.8-12.8h-22.4c-6.4 0-12.8 6.4-12.8 12.8v198.4c0 6.4 6.4 12.8 12.8 12.8zm96 0h22.4c6.4 0 12.8-6.4 12.8-12.8V204.8c0-6.4-6.4-12.8-12.8-12.8h-22.4c-6.4 0-12.8 6.4-12.8 12.8v134.4c0 6.4 6.4 12.8 12.8 12.8zM496 400H48V80c0-8.84-7.16-16-16-16H16C7.16 64 0 71.16 0 80v336c0 17.67 14.33 32 32 32h464c8.84 0 16-7.16 16-16v-16c0-8.84-7.16-16-16-16zm-387.2-48h22.4c6.4 0 12.8-6.4 12.8-12.8v-70.4c0-6.4-6.4-12.8-12.8-12.8h-22.4c-6.4 0-12.8 6.4-12.8 12.8v70.4c0 6.4 6.4 12.8 12.8 12.8z\" class=\"\"><\/path><\/svg><\/i> Vistas Totales&nbsp;1,033&nbsp;, Vistas Hoy&nbsp;4&nbsp;<\/p>\n<div class=\"pvc_clear\"><\/div>\n","protected":false},"excerpt":{"rendered":"<p>C\u00f3mo se posiciona Rep\u00fablica Dominicana en el Imperio de la Ley 2025 De acuerdo con el \u00cdndice Imperio de la Ley publicado por el World Justice Project, Rep\u00fablica Dominicana tuvo una puntuaci\u00f3n de 0.50 (similar a a\u00f1os anteriores cuando obtuvo 0.49) y la posici\u00f3n 76 de 143 a nivel global en 2025. El promedio de&#8230;<\/p>\n<div class=\"pvc_clear\"><\/div>\n<p class=\"pvc_stats all \" data-element-id=\"29118\" style=\"\"><i class=\"pvc-stats-icon medium\" aria-hidden=\"true\"><svg aria-hidden=\"true\" focusable=\"false\" data-prefix=\"far\" data-icon=\"chart-bar\" role=\"img\" xmlns=\"http:\/\/www.w3.org\/2000\/svg\" viewBox=\"0 0 512 512\" class=\"svg-inline--fa fa-chart-bar fa-w-16 fa-2x\"><path fill=\"currentColor\" d=\"M396.8 352h22.4c6.4 0 12.8-6.4 12.8-12.8V108.8c0-6.4-6.4-12.8-12.8-12.8h-22.4c-6.4 0-12.8 6.4-12.8 12.8v230.4c0 6.4 6.4 12.8 12.8 12.8zm-192 0h22.4c6.4 0 12.8-6.4 12.8-12.8V140.8c0-6.4-6.4-12.8-12.8-12.8h-22.4c-6.4 0-12.8 6.4-12.8 12.8v198.4c0 6.4 6.4 12.8 12.8 12.8zm96 0h22.4c6.4 0 12.8-6.4 12.8-12.8V204.8c0-6.4-6.4-12.8-12.8-12.8h-22.4c-6.4 0-12.8 6.4-12.8 12.8v134.4c0 6.4 6.4 12.8 12.8 12.8zM496 400H48V80c0-8.84-7.16-16-16-16H16C7.16 64 0 71.16 0 80v336c0 17.67 14.33 32 32 32h464c8.84 0 16-7.16 16-16v-16c0-8.84-7.16-16-16-16zm-387.2-48h22.4c6.4 0 12.8-6.4 12.8-12.8v-70.4c0-6.4-6.4-12.8-12.8-12.8h-22.4c-6.4 0-12.8 6.4-12.8 12.8v70.4c0 6.4 6.4 12.8 12.8 12.8z\" class=\"\"><\/path><\/svg><\/i> Vistas Totales&nbsp;1,033&nbsp;, Vistas Hoy&nbsp;4&nbsp;<\/p>\n<div class=\"pvc_clear\"><\/div>\n","protected":false},"author":2,"featured_media":29119,"comment_status":"closed","ping_status":"closed","sticky":false,"template":"","format":"standard","meta":{"footnotes":""},"categories":[21],"tags":[],"class_list":["post-29118","post","type-post","status-publish","format-standard","has-post-thumbnail","hentry","category-blog"],"yoast_head":"<!-- This site is optimized with the Yoast SEO plugin v25.2 - https:\/\/yoast.com\/wordpress\/plugins\/seo\/ -->\n<title>C\u00f3mo se posiciona Rep\u00fablica Dominicana en el Imperio de la Ley 2025 | CREES<\/title>\n<meta name=\"robots\" content=\"index, follow, max-snippet:-1, max-image-preview:large, max-video-preview:-1\" \/>\n<link rel=\"canonical\" href=\"https:\/\/crees.org.do\/?p=29118\" \/>\n<meta property=\"og:locale\" content=\"es_ES\" \/>\n<meta property=\"og:type\" content=\"article\" \/>\n<meta property=\"og:title\" content=\"C\u00f3mo se posiciona Rep\u00fablica Dominicana en el Imperio de la Ley 2025 | CREES\" \/>\n<meta property=\"og:description\" content=\"C\u00f3mo se posiciona Rep\u00fablica Dominicana en el Imperio de la Ley 2025 De acuerdo con el \u00cdndice Imperio de la Ley publicado por el World Justice Project, Rep\u00fablica Dominicana tuvo una puntuaci\u00f3n de 0.50 (similar a a\u00f1os anteriores cuando obtuvo 0.49) y la posici\u00f3n 76 de 143 a nivel global en 2025. El promedio de...\" \/>\n<meta property=\"og:url\" content=\"https:\/\/crees.org.do\/?p=29118\" \/>\n<meta property=\"og:site_name\" content=\"CREES\" \/>\n<meta property=\"article:publisher\" content=\"https:\/\/www.facebook.com\/CREESRD\/\" \/>\n<meta property=\"article:published_time\" content=\"2025-12-10T16:07:10+00:00\" \/>\n<meta property=\"og:image\" content=\"https:\/\/crees.org.do\/wp-content\/uploads\/2025\/12\/Imperio-de-la-ley-scaled.png\" \/>\n\t<meta property=\"og:image:width\" content=\"1200\" \/>\n\t<meta property=\"og:image:height\" content=\"1200\" \/>\n\t<meta property=\"og:image:type\" content=\"image\/png\" \/>\n<meta name=\"author\" content=\"Crees\" \/>\n<meta name=\"twitter:card\" content=\"summary_large_image\" \/>\n<meta name=\"twitter:creator\" content=\"@CREESRD\" \/>\n<meta name=\"twitter:site\" content=\"@CREESRD\" \/>\n<meta name=\"twitter:label1\" content=\"Escrito por\" \/>\n\t<meta name=\"twitter:data1\" content=\"Crees\" \/>\n\t<meta name=\"twitter:label2\" content=\"Tiempo de lectura\" \/>\n\t<meta name=\"twitter:data2\" content=\"1 minuto\" \/>\n<script type=\"application\/ld+json\" class=\"yoast-schema-graph\">{\"@context\":\"https:\/\/schema.org\",\"@graph\":[{\"@type\":\"Article\",\"@id\":\"https:\/\/crees.org.do\/?p=29118#article\",\"isPartOf\":{\"@id\":\"https:\/\/crees.org.do\/?p=29118\"},\"author\":{\"name\":\"Crees\",\"@id\":\"https:\/\/crees.org.do\/#\/schema\/person\/e7f97cd94d7bf9cd0e0ce30acb7d56b8\"},\"headline\":\"C\u00f3mo se posiciona Rep\u00fablica Dominicana en el Imperio de la Ley 2025\",\"datePublished\":\"2025-12-10T16:07:10+00:00\",\"mainEntityOfPage\":{\"@id\":\"https:\/\/crees.org.do\/?p=29118\"},\"wordCount\":293,\"publisher\":{\"@id\":\"https:\/\/crees.org.do\/#organization\"},\"image\":{\"@id\":\"https:\/\/crees.org.do\/?p=29118#primaryimage\"},\"thumbnailUrl\":\"https:\/\/crees.org.do\/wp-content\/uploads\/2025\/12\/Imperio-de-la-ley-scaled.png\",\"articleSection\":[\"Blog\"],\"inLanguage\":\"es\"},{\"@type\":\"WebPage\",\"@id\":\"https:\/\/crees.org.do\/?p=29118\",\"url\":\"https:\/\/crees.org.do\/?p=29118\",\"name\":\"C\u00f3mo se posiciona Rep\u00fablica Dominicana en el Imperio de la Ley 2025 | CREES\",\"isPartOf\":{\"@id\":\"https:\/\/crees.org.do\/#website\"},\"primaryImageOfPage\":{\"@id\":\"https:\/\/crees.org.do\/?p=29118#primaryimage\"},\"image\":{\"@id\":\"https:\/\/crees.org.do\/?p=29118#primaryimage\"},\"thumbnailUrl\":\"https:\/\/crees.org.do\/wp-content\/uploads\/2025\/12\/Imperio-de-la-ley-scaled.png\",\"datePublished\":\"2025-12-10T16:07:10+00:00\",\"breadcrumb\":{\"@id\":\"https:\/\/crees.org.do\/?p=29118#breadcrumb\"},\"inLanguage\":\"es\",\"potentialAction\":[{\"@type\":\"ReadAction\",\"target\":[\"https:\/\/crees.org.do\/?p=29118\"]}]},{\"@type\":\"ImageObject\",\"inLanguage\":\"es\",\"@id\":\"https:\/\/crees.org.do\/?p=29118#primaryimage\",\"url\":\"https:\/\/crees.org.do\/wp-content\/uploads\/2025\/12\/Imperio-de-la-ley-scaled.png\",\"contentUrl\":\"https:\/\/crees.org.do\/wp-content\/uploads\/2025\/12\/Imperio-de-la-ley-scaled.png\",\"width\":1200,\"height\":1200},{\"@type\":\"BreadcrumbList\",\"@id\":\"https:\/\/crees.org.do\/?p=29118#breadcrumb\",\"itemListElement\":[{\"@type\":\"ListItem\",\"position\":1,\"name\":\"Portada\",\"item\":\"https:\/\/crees.org.do\/\"},{\"@type\":\"ListItem\",\"position\":2,\"name\":\"C\u00f3mo se posiciona Rep\u00fablica Dominicana en el Imperio de la Ley 2025\"}]},{\"@type\":\"WebSite\",\"@id\":\"https:\/\/crees.org.do\/#website\",\"url\":\"https:\/\/crees.org.do\/\",\"name\":\"CREES\",\"description\":\"Centro Regional de Estrategias Econ\u00f3micas Sostenibles\",\"publisher\":{\"@id\":\"https:\/\/crees.org.do\/#organization\"},\"potentialAction\":[{\"@type\":\"SearchAction\",\"target\":{\"@type\":\"EntryPoint\",\"urlTemplate\":\"https:\/\/crees.org.do\/?s={search_term_string}\"},\"query-input\":{\"@type\":\"PropertyValueSpecification\",\"valueRequired\":true,\"valueName\":\"search_term_string\"}}],\"inLanguage\":\"es\"},{\"@type\":\"Organization\",\"@id\":\"https:\/\/crees.org.do\/#organization\",\"name\":\"CREES | Centro Regional de Estrategias Econ\u00f3micas Sostenibles\",\"url\":\"https:\/\/crees.org.do\/\",\"logo\":{\"@type\":\"ImageObject\",\"inLanguage\":\"es\",\"@id\":\"https:\/\/crees.org.do\/#\/schema\/logo\/image\/\",\"url\":\"https:\/\/crees.org.do\/wp-content\/uploads\/2022\/03\/crees-logo-1.jpg\",\"contentUrl\":\"https:\/\/crees.org.do\/wp-content\/uploads\/2022\/03\/crees-logo-1.jpg\",\"width\":244,\"height\":71,\"caption\":\"CREES | Centro Regional de Estrategias Econ\u00f3micas Sostenibles\"},\"image\":{\"@id\":\"https:\/\/crees.org.do\/#\/schema\/logo\/image\/\"},\"sameAs\":[\"https:\/\/www.facebook.com\/CREESRD\/\",\"https:\/\/x.com\/CREESRD\"]},{\"@type\":\"Person\",\"@id\":\"https:\/\/crees.org.do\/#\/schema\/person\/e7f97cd94d7bf9cd0e0ce30acb7d56b8\",\"name\":\"Crees\",\"image\":{\"@type\":\"ImageObject\",\"inLanguage\":\"es\",\"@id\":\"https:\/\/crees.org.do\/#\/schema\/person\/image\/\",\"url\":\"https:\/\/secure.gravatar.com\/avatar\/390ac8f0be5d9aa046152553e2dd7011b59a512d89c150f5e5f28bb8d9a0b165?s=96&d=mm&r=g\",\"contentUrl\":\"https:\/\/secure.gravatar.com\/avatar\/390ac8f0be5d9aa046152553e2dd7011b59a512d89c150f5e5f28bb8d9a0b165?s=96&d=mm&r=g\",\"caption\":\"Crees\"},\"url\":\"https:\/\/crees.org.do\/?author=2\"}]}<\/script>\n<!-- \/ Yoast SEO plugin. -->","yoast_head_json":{"title":"C\u00f3mo se posiciona Rep\u00fablica Dominicana en el Imperio de la Ley 2025 | CREES","robots":{"index":"index","follow":"follow","max-snippet":"max-snippet:-1","max-image-preview":"max-image-preview:large","max-video-preview":"max-video-preview:-1"},"canonical":"https:\/\/crees.org.do\/?p=29118","og_locale":"es_ES","og_type":"article","og_title":"C\u00f3mo se posiciona Rep\u00fablica Dominicana en el Imperio de la Ley 2025 | CREES","og_description":"C\u00f3mo se posiciona Rep\u00fablica Dominicana en el Imperio de la Ley 2025 De acuerdo con el \u00cdndice Imperio de la Ley publicado por el World Justice Project, Rep\u00fablica Dominicana tuvo una puntuaci\u00f3n de 0.50 (similar a a\u00f1os anteriores cuando obtuvo 0.49) y la posici\u00f3n 76 de 143 a nivel global en 2025. El promedio de...","og_url":"https:\/\/crees.org.do\/?p=29118","og_site_name":"CREES","article_publisher":"https:\/\/www.facebook.com\/CREESRD\/","article_published_time":"2025-12-10T16:07:10+00:00","og_image":[{"width":1200,"height":1200,"url":"https:\/\/crees.org.do\/wp-content\/uploads\/2025\/12\/Imperio-de-la-ley-scaled.png","type":"image\/png"}],"author":"Crees","twitter_card":"summary_large_image","twitter_creator":"@CREESRD","twitter_site":"@CREESRD","twitter_misc":{"Escrito por":"Crees","Tiempo de lectura":"1 minuto"},"schema":{"@context":"https:\/\/schema.org","@graph":[{"@type":"Article","@id":"https:\/\/crees.org.do\/?p=29118#article","isPartOf":{"@id":"https:\/\/crees.org.do\/?p=29118"},"author":{"name":"Crees","@id":"https:\/\/crees.org.do\/#\/schema\/person\/e7f97cd94d7bf9cd0e0ce30acb7d56b8"},"headline":"C\u00f3mo se posiciona Rep\u00fablica Dominicana en el Imperio de la Ley 2025","datePublished":"2025-12-10T16:07:10+00:00","mainEntityOfPage":{"@id":"https:\/\/crees.org.do\/?p=29118"},"wordCount":293,"publisher":{"@id":"https:\/\/crees.org.do\/#organization"},"image":{"@id":"https:\/\/crees.org.do\/?p=29118#primaryimage"},"thumbnailUrl":"https:\/\/crees.org.do\/wp-content\/uploads\/2025\/12\/Imperio-de-la-ley-scaled.png","articleSection":["Blog"],"inLanguage":"es"},{"@type":"WebPage","@id":"https:\/\/crees.org.do\/?p=29118","url":"https:\/\/crees.org.do\/?p=29118","name":"C\u00f3mo se posiciona Rep\u00fablica Dominicana en el Imperio de la Ley 2025 | CREES","isPartOf":{"@id":"https:\/\/crees.org.do\/#website"},"primaryImageOfPage":{"@id":"https:\/\/crees.org.do\/?p=29118#primaryimage"},"image":{"@id":"https:\/\/crees.org.do\/?p=29118#primaryimage"},"thumbnailUrl":"https:\/\/crees.org.do\/wp-content\/uploads\/2025\/12\/Imperio-de-la-ley-scaled.png","datePublished":"2025-12-10T16:07:10+00:00","breadcrumb":{"@id":"https:\/\/crees.org.do\/?p=29118#breadcrumb"},"inLanguage":"es","potentialAction":[{"@type":"ReadAction","target":["https:\/\/crees.org.do\/?p=29118"]}]},{"@type":"ImageObject","inLanguage":"es","@id":"https:\/\/crees.org.do\/?p=29118#primaryimage","url":"https:\/\/crees.org.do\/wp-content\/uploads\/2025\/12\/Imperio-de-la-ley-scaled.png","contentUrl":"https:\/\/crees.org.do\/wp-content\/uploads\/2025\/12\/Imperio-de-la-ley-scaled.png","width":1200,"height":1200},{"@type":"BreadcrumbList","@id":"https:\/\/crees.org.do\/?p=29118#breadcrumb","itemListElement":[{"@type":"ListItem","position":1,"name":"Portada","item":"https:\/\/crees.org.do\/"},{"@type":"ListItem","position":2,"name":"C\u00f3mo se posiciona Rep\u00fablica Dominicana en el Imperio de la Ley 2025"}]},{"@type":"WebSite","@id":"https:\/\/crees.org.do\/#website","url":"https:\/\/crees.org.do\/","name":"CREES","description":"Centro Regional de Estrategias Econ\u00f3micas Sostenibles","publisher":{"@id":"https:\/\/crees.org.do\/#organization"},"potentialAction":[{"@type":"SearchAction","target":{"@type":"EntryPoint","urlTemplate":"https:\/\/crees.org.do\/?s={search_term_string}"},"query-input":{"@type":"PropertyValueSpecification","valueRequired":true,"valueName":"search_term_string"}}],"inLanguage":"es"},{"@type":"Organization","@id":"https:\/\/crees.org.do\/#organization","name":"CREES | Centro Regional de Estrategias Econ\u00f3micas Sostenibles","url":"https:\/\/crees.org.do\/","logo":{"@type":"ImageObject","inLanguage":"es","@id":"https:\/\/crees.org.do\/#\/schema\/logo\/image\/","url":"https:\/\/crees.org.do\/wp-content\/uploads\/2022\/03\/crees-logo-1.jpg","contentUrl":"https:\/\/crees.org.do\/wp-content\/uploads\/2022\/03\/crees-logo-1.jpg","width":244,"height":71,"caption":"CREES | Centro Regional de Estrategias Econ\u00f3micas Sostenibles"},"image":{"@id":"https:\/\/crees.org.do\/#\/schema\/logo\/image\/"},"sameAs":["https:\/\/www.facebook.com\/CREESRD\/","https:\/\/x.com\/CREESRD"]},{"@type":"Person","@id":"https:\/\/crees.org.do\/#\/schema\/person\/e7f97cd94d7bf9cd0e0ce30acb7d56b8","name":"Crees","image":{"@type":"ImageObject","inLanguage":"es","@id":"https:\/\/crees.org.do\/#\/schema\/person\/image\/","url":"https:\/\/secure.gravatar.com\/avatar\/390ac8f0be5d9aa046152553e2dd7011b59a512d89c150f5e5f28bb8d9a0b165?s=96&d=mm&r=g","contentUrl":"https:\/\/secure.gravatar.com\/avatar\/390ac8f0be5d9aa046152553e2dd7011b59a512d89c150f5e5f28bb8d9a0b165?s=96&d=mm&r=g","caption":"Crees"},"url":"https:\/\/crees.org.do\/?author=2"}]}},"_links":{"self":[{"href":"https:\/\/crees.org.do\/index.php?rest_route=\/wp\/v2\/posts\/29118","targetHints":{"allow":["GET"]}}],"collection":[{"href":"https:\/\/crees.org.do\/index.php?rest_route=\/wp\/v2\/posts"}],"about":[{"href":"https:\/\/crees.org.do\/index.php?rest_route=\/wp\/v2\/types\/post"}],"author":[{"embeddable":true,"href":"https:\/\/crees.org.do\/index.php?rest_route=\/wp\/v2\/users\/2"}],"replies":[{"embeddable":true,"href":"https:\/\/crees.org.do\/index.php?rest_route=%2Fwp%2Fv2%2Fcomments&post=29118"}],"version-history":[{"count":1,"href":"https:\/\/crees.org.do\/index.php?rest_route=\/wp\/v2\/posts\/29118\/revisions"}],"predecessor-version":[{"id":29120,"href":"https:\/\/crees.org.do\/index.php?rest_route=\/wp\/v2\/posts\/29118\/revisions\/29120"}],"wp:featuredmedia":[{"embeddable":true,"href":"https:\/\/crees.org.do\/index.php?rest_route=\/wp\/v2\/media\/29119"}],"wp:attachment":[{"href":"https:\/\/crees.org.do\/index.php?rest_route=%2Fwp%2Fv2%2Fmedia&parent=29118"}],"wp:term":[{"taxonomy":"category","embeddable":true,"href":"https:\/\/crees.org.do\/index.php?rest_route=%2Fwp%2Fv2%2Fcategories&post=29118"},{"taxonomy":"post_tag","embeddable":true,"href":"https:\/\/crees.org.do\/index.php?rest_route=%2Fwp%2Fv2%2Ftags&post=29118"}],"curies":[{"name":"wp","href":"https:\/\/api.w.org\/{rel}","templated":true}]}}