{"id":29121,"date":"2025-12-10T16:19:17","date_gmt":"2025-12-10T16:19:17","guid":{"rendered":"https:\/\/crees.org.do\/?p=29121"},"modified":"2025-12-10T16:19:17","modified_gmt":"2025-12-10T16:19:17","slug":"crees-exenciones-fiscales-reflejan-un-sistema-tributario-distorsionado-no-son-el-verdadero-problema","status":"publish","type":"post","link":"https:\/\/crees.org.do\/?p=29121","title":{"rendered":"CREES: Exenciones fiscales reflejan un sistema tributario distorsionado, no son el verdadero problema"},"content":{"rendered":"<p style=\"text-align: justify;\">Autor: Manuel Jim\u00e9nez<\/p>\n<p style=\"text-align: justify;\">Fecha: 5 de diciembre de 2025<\/p>\n<p style=\"text-align: justify;\">Extra\u00eddo de: <a href=\"https:\/\/lapropuestadigital.com\/crees-exenciones-fiscales-reflejan-un-sistema-tributario-distorsionado-no-son-el-verdadero-problema\/\">La Propuesta Digital<\/a><\/p>\n<h2 class=\"entry-title\" style=\"text-align: justify;\">CREES: Exenciones fiscales reflejan un sistema tributario distorsionado, no son el verdadero problema<\/h2>\n<p style=\"text-align: justify;\"><strong>Santo Domingo, 5 diciembre.<\/strong>\u00a0\u2013 Las exenciones fiscales otorgadas a trav\u00e9s de leyes especiales en la Rep\u00fablica Dominicana no deben ser vistas como el problema principal del sistema tributario, sino como el s\u00edntoma de fallas estructurales m\u00e1s profundas.<\/p>\n<p style=\"text-align: justify;\">As\u00ed lo sostiene el Centro Regional de Estrategias Econ\u00f3micas Sostenibles (CREES) en un an\u00e1lisis publicado en su portal digital, donde enfatiza la necesidad de replantear el enfoque con el que se discuten y aplican estos incentivos.<\/p>\n<p style=\"text-align: justify;\">Seg\u00fan el CREES, el tratamiento legislativo a las leyes que otorgan exenciones deber\u00eda partir del an\u00e1lisis de por qu\u00e9 los agentes econ\u00f3micos que operan o desean invertir en el pa\u00eds sienten la necesidad de acogerse a estos beneficios.<\/p>\n<p style=\"text-align: justify;\">En palabras del centro, \u201csin rodeos, es necesario preguntarse: \u00bfqu\u00e9 falla en el sistema que hace que, sin los beneficios de las llamadas leyes de incentivo, prefieran llevarse sus capitales a otras econom\u00edas o no traer las inversiones a Rep\u00fablica Dominicana?\u201d .<\/p>\n<p style=\"text-align: justify;\">El centro de pensamiento econ\u00f3mico considera que la proliferaci\u00f3n de privilegios fiscales a trav\u00e9s de leyes especiales es evidencia clara de distorsiones en el orden institucional, ya que tales medidas tienden a favorecer a ciertos sectores en detrimento de otros.<\/p>\n<p style=\"text-align: justify;\">Sin embargo, subraya que, m\u00e1s all\u00e1 de ese debate, lo fundamental es reconocer que estas exenciones son una confirmaci\u00f3n de que el r\u00e9gimen tributario dominicano es \u201caltamente penalizador\u201d, lo que obliga a ofrecer una especie de \u201csalvavidas tributario\u201d para viabilizar inversiones de gran escala .<\/p>\n<p style=\"text-align: justify;\">En su an\u00e1lisis, el CREES tambi\u00e9n advierte que la demanda de exenciones est\u00e1 estrechamente vinculada con los altos costos provocados por mercados distorsionados.<\/p>\n<p style=\"text-align: justify;\">Cita como ejemplos el mercado laboral, el el\u00e9ctrico, el de hidrocarburos y el transporte de carga, todos afectados por regulaciones que encarecen significativamente el costo de vida y de hacer negocios en el pa\u00eds.<\/p>\n<p style=\"text-align: justify;\">A esto se suman las ineficiencias institucionales, como los altos costos de transacci\u00f3n derivados de tr\u00e1mites, permisos y la lentitud del sistema judicial.<\/p>\n<p style=\"text-align: justify;\">\u201cLa demanda de exenciones, en resumen, refleja los costos y las distorsiones que imponen leyes y regulaciones\u201d, apunta el centro, reiterando que estas pr\u00e1cticas no son una anomal\u00eda aislada, sino una respuesta racional a un entorno econ\u00f3mico que penaliza la inversi\u00f3n y la producci\u00f3n formal.<\/p>\n<p style=\"text-align: justify;\">Para el CREES, cualquier revisi\u00f3n futura al r\u00e9gimen fiscal debe ser cuidadosamente dise\u00f1ada. El enfoque debe ir m\u00e1s all\u00e1 de la eliminaci\u00f3n de exenciones y centrarse en una verdadera reforma estructural que simplifique el sistema tributario, reduzca tasas impositivas, elimine impuestos distorsionadores y de baja recaudaci\u00f3n, y facilite el cumplimiento tributario tanto para los contribuyentes como para la administraci\u00f3n.<\/p>\n<p style=\"text-align: justify;\">\u201cEl sistema tributario dominicano genera informalidad, incentiva la evasi\u00f3n y la elusi\u00f3n, y motiva la existencia de leyes y contratos especiales que otorgan exenciones\u201d, se\u00f1ala la entidad.<\/p>\n<p style=\"text-align: justify;\">En consecuencia, concluye que el sistema \u201cno funciona\u201d, y en vez de seguir aplicando parches, es necesario redise\u00f1arlo por completo para que sea un verdadero instrumento de competitividad y desarrollo econ\u00f3mico.<\/p>\n<p style=\"text-align: justify;\">En su reflexi\u00f3n final, el CREES sostiene que un sistema institucional eficiente, que promueva la cooperaci\u00f3n voluntaria y la coordinaci\u00f3n en los mercados, es clave para lograr crecimiento econ\u00f3mico sostenido.<\/p>\n<p style=\"text-align: justify;\">Resalta que las relaciones libres y voluntarias fortalecen la cohesi\u00f3n social y que la verdadera \u201cpaz social\u201d se logra cuando las personas pueden trabajar, producir e intercambiar sin obst\u00e1culos artificiales creados por normativas ineficaces.<\/p>\n<p style=\"text-align: justify;\">En ese sentido, advierte que las leyes que generan distorsiones no solo afectan la econom\u00eda, sino que tambi\u00e9n frenan el avance hacia la prosperidad colectiva.<\/p>\n<p><img fetchpriority=\"high\" decoding=\"async\" class=\"aligncenter wp-image-29095\" src=\"https:\/\/crees.org.do\/wp-content\/uploads\/2025\/12\/Evolucion-ISR-OCDE-y-RD-scaled.png\" alt=\"\" width=\"896\" height=\"896\" srcset=\"https:\/\/crees.org.do\/wp-content\/uploads\/2025\/12\/Evolucion-ISR-OCDE-y-RD-scaled.png 1200w, https:\/\/crees.org.do\/wp-content\/uploads\/2025\/12\/Evolucion-ISR-OCDE-y-RD-450x450.png 450w, https:\/\/crees.org.do\/wp-content\/uploads\/2025\/12\/Evolucion-ISR-OCDE-y-RD-2000x2000.png 2000w, https:\/\/crees.org.do\/wp-content\/uploads\/2025\/12\/Evolucion-ISR-OCDE-y-RD-150x150.png 150w, https:\/\/crees.org.do\/wp-content\/uploads\/2025\/12\/Evolucion-ISR-OCDE-y-RD-768x768.png 768w, https:\/\/crees.org.do\/wp-content\/uploads\/2025\/12\/Evolucion-ISR-OCDE-y-RD-500x500.png 500w, https:\/\/crees.org.do\/wp-content\/uploads\/2025\/12\/Evolucion-ISR-OCDE-y-RD-1536x1536.png 1536w, https:\/\/crees.org.do\/wp-content\/uploads\/2025\/12\/Evolucion-ISR-OCDE-y-RD-2048x2048.png 2048w\" sizes=\"(max-width: 896px) 100vw, 896px\" \/><\/p>\n<div class=\"pvc_clear\"><\/div>\n<p class=\"pvc_stats all \" data-element-id=\"29121\" style=\"\"><i class=\"pvc-stats-icon medium\" aria-hidden=\"true\"><svg aria-hidden=\"true\" focusable=\"false\" data-prefix=\"far\" data-icon=\"chart-bar\" role=\"img\" xmlns=\"http:\/\/www.w3.org\/2000\/svg\" viewBox=\"0 0 512 512\" class=\"svg-inline--fa fa-chart-bar fa-w-16 fa-2x\"><path fill=\"currentColor\" d=\"M396.8 352h22.4c6.4 0 12.8-6.4 12.8-12.8V108.8c0-6.4-6.4-12.8-12.8-12.8h-22.4c-6.4 0-12.8 6.4-12.8 12.8v230.4c0 6.4 6.4 12.8 12.8 12.8zm-192 0h22.4c6.4 0 12.8-6.4 12.8-12.8V140.8c0-6.4-6.4-12.8-12.8-12.8h-22.4c-6.4 0-12.8 6.4-12.8 12.8v198.4c0 6.4 6.4 12.8 12.8 12.8zm96 0h22.4c6.4 0 12.8-6.4 12.8-12.8V204.8c0-6.4-6.4-12.8-12.8-12.8h-22.4c-6.4 0-12.8 6.4-12.8 12.8v134.4c0 6.4 6.4 12.8 12.8 12.8zM496 400H48V80c0-8.84-7.16-16-16-16H16C7.16 64 0 71.16 0 80v336c0 17.67 14.33 32 32 32h464c8.84 0 16-7.16 16-16v-16c0-8.84-7.16-16-16-16zm-387.2-48h22.4c6.4 0 12.8-6.4 12.8-12.8v-70.4c0-6.4-6.4-12.8-12.8-12.8h-22.4c-6.4 0-12.8 6.4-12.8 12.8v70.4c0 6.4 6.4 12.8 12.8 12.8z\" class=\"\"><\/path><\/svg><\/i> Vistas Totales&nbsp;931&nbsp;, Vistas Hoy&nbsp;6&nbsp;<\/p>\n<div class=\"pvc_clear\"><\/div>\n","protected":false},"excerpt":{"rendered":"<p>Autor: Manuel Jim\u00e9nez Fecha: 5 de diciembre de 2025 Extra\u00eddo de: La Propuesta Digital CREES: Exenciones fiscales reflejan un sistema tributario distorsionado, no son el verdadero problema Santo Domingo, 5 diciembre.\u00a0\u2013 Las exenciones fiscales otorgadas a trav\u00e9s de leyes especiales en la Rep\u00fablica Dominicana no deben ser vistas como el problema principal del sistema tributario,&#8230;<\/p>\n<div class=\"pvc_clear\"><\/div>\n<p class=\"pvc_stats all \" data-element-id=\"29121\" style=\"\"><i class=\"pvc-stats-icon medium\" aria-hidden=\"true\"><svg aria-hidden=\"true\" focusable=\"false\" data-prefix=\"far\" data-icon=\"chart-bar\" role=\"img\" xmlns=\"http:\/\/www.w3.org\/2000\/svg\" viewBox=\"0 0 512 512\" class=\"svg-inline--fa fa-chart-bar fa-w-16 fa-2x\"><path fill=\"currentColor\" d=\"M396.8 352h22.4c6.4 0 12.8-6.4 12.8-12.8V108.8c0-6.4-6.4-12.8-12.8-12.8h-22.4c-6.4 0-12.8 6.4-12.8 12.8v230.4c0 6.4 6.4 12.8 12.8 12.8zm-192 0h22.4c6.4 0 12.8-6.4 12.8-12.8V140.8c0-6.4-6.4-12.8-12.8-12.8h-22.4c-6.4 0-12.8 6.4-12.8 12.8v198.4c0 6.4 6.4 12.8 12.8 12.8zm96 0h22.4c6.4 0 12.8-6.4 12.8-12.8V204.8c0-6.4-6.4-12.8-12.8-12.8h-22.4c-6.4 0-12.8 6.4-12.8 12.8v134.4c0 6.4 6.4 12.8 12.8 12.8zM496 400H48V80c0-8.84-7.16-16-16-16H16C7.16 64 0 71.16 0 80v336c0 17.67 14.33 32 32 32h464c8.84 0 16-7.16 16-16v-16c0-8.84-7.16-16-16-16zm-387.2-48h22.4c6.4 0 12.8-6.4 12.8-12.8v-70.4c0-6.4-6.4-12.8-12.8-12.8h-22.4c-6.4 0-12.8 6.4-12.8 12.8v70.4c0 6.4 6.4 12.8 12.8 12.8z\" class=\"\"><\/path><\/svg><\/i> Vistas Totales&nbsp;931&nbsp;, Vistas Hoy&nbsp;6&nbsp;<\/p>\n<div class=\"pvc_clear\"><\/div>\n","protected":false},"author":2,"featured_media":29095,"comment_status":"closed","ping_status":"closed","sticky":false,"template":"","format":"standard","meta":{"footnotes":""},"categories":[19],"tags":[],"class_list":["post-29121","post","type-post","status-publish","format-standard","has-post-thumbnail","hentry","category-actualidad"],"yoast_head":"<!-- This site is optimized with the Yoast SEO plugin v25.2 - https:\/\/yoast.com\/wordpress\/plugins\/seo\/ -->\n<title>CREES: Exenciones fiscales reflejan un sistema tributario distorsionado, no son el verdadero problema | CREES<\/title>\n<meta name=\"robots\" content=\"index, follow, max-snippet:-1, max-image-preview:large, max-video-preview:-1\" \/>\n<link rel=\"canonical\" href=\"https:\/\/crees.org.do\/?p=29121\" \/>\n<meta property=\"og:locale\" content=\"es_ES\" \/>\n<meta property=\"og:type\" content=\"article\" \/>\n<meta property=\"og:title\" content=\"CREES: Exenciones fiscales reflejan un sistema tributario distorsionado, no son el verdadero problema | CREES\" \/>\n<meta property=\"og:description\" content=\"Autor: Manuel Jim\u00e9nez Fecha: 5 de diciembre de 2025 Extra\u00eddo de: La Propuesta Digital CREES: Exenciones fiscales reflejan un sistema tributario distorsionado, no son el verdadero problema Santo Domingo, 5 diciembre.\u00a0\u2013 Las exenciones fiscales otorgadas a trav\u00e9s de leyes especiales en la Rep\u00fablica Dominicana no deben ser vistas como el problema principal del sistema tributario,...\" \/>\n<meta property=\"og:url\" content=\"https:\/\/crees.org.do\/?p=29121\" \/>\n<meta property=\"og:site_name\" content=\"CREES\" \/>\n<meta property=\"article:publisher\" content=\"https:\/\/www.facebook.com\/CREESRD\/\" \/>\n<meta property=\"article:published_time\" content=\"2025-12-10T16:19:17+00:00\" \/>\n<meta property=\"og:image\" content=\"https:\/\/crees.org.do\/wp-content\/uploads\/2025\/12\/Evolucion-ISR-OCDE-y-RD-scaled.png\" \/>\n\t<meta property=\"og:image:width\" content=\"1200\" \/>\n\t<meta property=\"og:image:height\" content=\"1200\" \/>\n\t<meta property=\"og:image:type\" content=\"image\/png\" \/>\n<meta name=\"author\" content=\"Crees\" \/>\n<meta name=\"twitter:card\" content=\"summary_large_image\" \/>\n<meta name=\"twitter:creator\" content=\"@CREESRD\" \/>\n<meta name=\"twitter:site\" content=\"@CREESRD\" \/>\n<meta name=\"twitter:label1\" content=\"Escrito por\" \/>\n\t<meta name=\"twitter:data1\" content=\"Crees\" \/>\n\t<meta name=\"twitter:label2\" content=\"Tiempo de lectura\" \/>\n\t<meta name=\"twitter:data2\" content=\"3 minutos\" \/>\n<script type=\"application\/ld+json\" class=\"yoast-schema-graph\">{\"@context\":\"https:\/\/schema.org\",\"@graph\":[{\"@type\":\"Article\",\"@id\":\"https:\/\/crees.org.do\/?p=29121#article\",\"isPartOf\":{\"@id\":\"https:\/\/crees.org.do\/?p=29121\"},\"author\":{\"name\":\"Crees\",\"@id\":\"https:\/\/crees.org.do\/#\/schema\/person\/e7f97cd94d7bf9cd0e0ce30acb7d56b8\"},\"headline\":\"CREES: Exenciones fiscales reflejan un sistema tributario distorsionado, no son el verdadero problema\",\"datePublished\":\"2025-12-10T16:19:17+00:00\",\"mainEntityOfPage\":{\"@id\":\"https:\/\/crees.org.do\/?p=29121\"},\"wordCount\":656,\"publisher\":{\"@id\":\"https:\/\/crees.org.do\/#organization\"},\"image\":{\"@id\":\"https:\/\/crees.org.do\/?p=29121#primaryimage\"},\"thumbnailUrl\":\"https:\/\/crees.org.do\/wp-content\/uploads\/2025\/12\/Evolucion-ISR-OCDE-y-RD-scaled.png\",\"articleSection\":[\"Actualidad\"],\"inLanguage\":\"es\"},{\"@type\":\"WebPage\",\"@id\":\"https:\/\/crees.org.do\/?p=29121\",\"url\":\"https:\/\/crees.org.do\/?p=29121\",\"name\":\"CREES: Exenciones fiscales reflejan un sistema tributario distorsionado, no son el verdadero problema | CREES\",\"isPartOf\":{\"@id\":\"https:\/\/crees.org.do\/#website\"},\"primaryImageOfPage\":{\"@id\":\"https:\/\/crees.org.do\/?p=29121#primaryimage\"},\"image\":{\"@id\":\"https:\/\/crees.org.do\/?p=29121#primaryimage\"},\"thumbnailUrl\":\"https:\/\/crees.org.do\/wp-content\/uploads\/2025\/12\/Evolucion-ISR-OCDE-y-RD-scaled.png\",\"datePublished\":\"2025-12-10T16:19:17+00:00\",\"breadcrumb\":{\"@id\":\"https:\/\/crees.org.do\/?p=29121#breadcrumb\"},\"inLanguage\":\"es\",\"potentialAction\":[{\"@type\":\"ReadAction\",\"target\":[\"https:\/\/crees.org.do\/?p=29121\"]}]},{\"@type\":\"ImageObject\",\"inLanguage\":\"es\",\"@id\":\"https:\/\/crees.org.do\/?p=29121#primaryimage\",\"url\":\"https:\/\/crees.org.do\/wp-content\/uploads\/2025\/12\/Evolucion-ISR-OCDE-y-RD-scaled.png\",\"contentUrl\":\"https:\/\/crees.org.do\/wp-content\/uploads\/2025\/12\/Evolucion-ISR-OCDE-y-RD-scaled.png\",\"width\":1200,\"height\":1200},{\"@type\":\"BreadcrumbList\",\"@id\":\"https:\/\/crees.org.do\/?p=29121#breadcrumb\",\"itemListElement\":[{\"@type\":\"ListItem\",\"position\":1,\"name\":\"Portada\",\"item\":\"https:\/\/crees.org.do\/\"},{\"@type\":\"ListItem\",\"position\":2,\"name\":\"CREES: Exenciones fiscales reflejan un sistema tributario distorsionado, no son el verdadero problema\"}]},{\"@type\":\"WebSite\",\"@id\":\"https:\/\/crees.org.do\/#website\",\"url\":\"https:\/\/crees.org.do\/\",\"name\":\"CREES\",\"description\":\"Centro Regional de Estrategias Econ\u00f3micas Sostenibles\",\"publisher\":{\"@id\":\"https:\/\/crees.org.do\/#organization\"},\"potentialAction\":[{\"@type\":\"SearchAction\",\"target\":{\"@type\":\"EntryPoint\",\"urlTemplate\":\"https:\/\/crees.org.do\/?s={search_term_string}\"},\"query-input\":{\"@type\":\"PropertyValueSpecification\",\"valueRequired\":true,\"valueName\":\"search_term_string\"}}],\"inLanguage\":\"es\"},{\"@type\":\"Organization\",\"@id\":\"https:\/\/crees.org.do\/#organization\",\"name\":\"CREES | Centro Regional de Estrategias Econ\u00f3micas Sostenibles\",\"url\":\"https:\/\/crees.org.do\/\",\"logo\":{\"@type\":\"ImageObject\",\"inLanguage\":\"es\",\"@id\":\"https:\/\/crees.org.do\/#\/schema\/logo\/image\/\",\"url\":\"https:\/\/crees.org.do\/wp-content\/uploads\/2022\/03\/crees-logo-1.jpg\",\"contentUrl\":\"https:\/\/crees.org.do\/wp-content\/uploads\/2022\/03\/crees-logo-1.jpg\",\"width\":244,\"height\":71,\"caption\":\"CREES | Centro Regional de Estrategias Econ\u00f3micas Sostenibles\"},\"image\":{\"@id\":\"https:\/\/crees.org.do\/#\/schema\/logo\/image\/\"},\"sameAs\":[\"https:\/\/www.facebook.com\/CREESRD\/\",\"https:\/\/x.com\/CREESRD\"]},{\"@type\":\"Person\",\"@id\":\"https:\/\/crees.org.do\/#\/schema\/person\/e7f97cd94d7bf9cd0e0ce30acb7d56b8\",\"name\":\"Crees\",\"image\":{\"@type\":\"ImageObject\",\"inLanguage\":\"es\",\"@id\":\"https:\/\/crees.org.do\/#\/schema\/person\/image\/\",\"url\":\"https:\/\/secure.gravatar.com\/avatar\/390ac8f0be5d9aa046152553e2dd7011b59a512d89c150f5e5f28bb8d9a0b165?s=96&d=mm&r=g\",\"contentUrl\":\"https:\/\/secure.gravatar.com\/avatar\/390ac8f0be5d9aa046152553e2dd7011b59a512d89c150f5e5f28bb8d9a0b165?s=96&d=mm&r=g\",\"caption\":\"Crees\"},\"url\":\"https:\/\/crees.org.do\/?author=2\"}]}<\/script>\n<!-- \/ Yoast SEO plugin. -->","yoast_head_json":{"title":"CREES: Exenciones fiscales reflejan un sistema tributario distorsionado, no son el verdadero problema | CREES","robots":{"index":"index","follow":"follow","max-snippet":"max-snippet:-1","max-image-preview":"max-image-preview:large","max-video-preview":"max-video-preview:-1"},"canonical":"https:\/\/crees.org.do\/?p=29121","og_locale":"es_ES","og_type":"article","og_title":"CREES: Exenciones fiscales reflejan un sistema tributario distorsionado, no son el verdadero problema | CREES","og_description":"Autor: Manuel Jim\u00e9nez Fecha: 5 de diciembre de 2025 Extra\u00eddo de: La Propuesta Digital CREES: Exenciones fiscales reflejan un sistema tributario distorsionado, no son el verdadero problema Santo Domingo, 5 diciembre.\u00a0\u2013 Las exenciones fiscales otorgadas a trav\u00e9s de leyes especiales en la Rep\u00fablica Dominicana no deben ser vistas como el problema principal del sistema tributario,...","og_url":"https:\/\/crees.org.do\/?p=29121","og_site_name":"CREES","article_publisher":"https:\/\/www.facebook.com\/CREESRD\/","article_published_time":"2025-12-10T16:19:17+00:00","og_image":[{"width":1200,"height":1200,"url":"https:\/\/crees.org.do\/wp-content\/uploads\/2025\/12\/Evolucion-ISR-OCDE-y-RD-scaled.png","type":"image\/png"}],"author":"Crees","twitter_card":"summary_large_image","twitter_creator":"@CREESRD","twitter_site":"@CREESRD","twitter_misc":{"Escrito por":"Crees","Tiempo de lectura":"3 minutos"},"schema":{"@context":"https:\/\/schema.org","@graph":[{"@type":"Article","@id":"https:\/\/crees.org.do\/?p=29121#article","isPartOf":{"@id":"https:\/\/crees.org.do\/?p=29121"},"author":{"name":"Crees","@id":"https:\/\/crees.org.do\/#\/schema\/person\/e7f97cd94d7bf9cd0e0ce30acb7d56b8"},"headline":"CREES: Exenciones fiscales reflejan un sistema tributario distorsionado, no son el verdadero problema","datePublished":"2025-12-10T16:19:17+00:00","mainEntityOfPage":{"@id":"https:\/\/crees.org.do\/?p=29121"},"wordCount":656,"publisher":{"@id":"https:\/\/crees.org.do\/#organization"},"image":{"@id":"https:\/\/crees.org.do\/?p=29121#primaryimage"},"thumbnailUrl":"https:\/\/crees.org.do\/wp-content\/uploads\/2025\/12\/Evolucion-ISR-OCDE-y-RD-scaled.png","articleSection":["Actualidad"],"inLanguage":"es"},{"@type":"WebPage","@id":"https:\/\/crees.org.do\/?p=29121","url":"https:\/\/crees.org.do\/?p=29121","name":"CREES: Exenciones fiscales reflejan un sistema tributario distorsionado, no son el verdadero problema | CREES","isPartOf":{"@id":"https:\/\/crees.org.do\/#website"},"primaryImageOfPage":{"@id":"https:\/\/crees.org.do\/?p=29121#primaryimage"},"image":{"@id":"https:\/\/crees.org.do\/?p=29121#primaryimage"},"thumbnailUrl":"https:\/\/crees.org.do\/wp-content\/uploads\/2025\/12\/Evolucion-ISR-OCDE-y-RD-scaled.png","datePublished":"2025-12-10T16:19:17+00:00","breadcrumb":{"@id":"https:\/\/crees.org.do\/?p=29121#breadcrumb"},"inLanguage":"es","potentialAction":[{"@type":"ReadAction","target":["https:\/\/crees.org.do\/?p=29121"]}]},{"@type":"ImageObject","inLanguage":"es","@id":"https:\/\/crees.org.do\/?p=29121#primaryimage","url":"https:\/\/crees.org.do\/wp-content\/uploads\/2025\/12\/Evolucion-ISR-OCDE-y-RD-scaled.png","contentUrl":"https:\/\/crees.org.do\/wp-content\/uploads\/2025\/12\/Evolucion-ISR-OCDE-y-RD-scaled.png","width":1200,"height":1200},{"@type":"BreadcrumbList","@id":"https:\/\/crees.org.do\/?p=29121#breadcrumb","itemListElement":[{"@type":"ListItem","position":1,"name":"Portada","item":"https:\/\/crees.org.do\/"},{"@type":"ListItem","position":2,"name":"CREES: Exenciones fiscales reflejan un sistema tributario distorsionado, no son el verdadero problema"}]},{"@type":"WebSite","@id":"https:\/\/crees.org.do\/#website","url":"https:\/\/crees.org.do\/","name":"CREES","description":"Centro Regional de Estrategias Econ\u00f3micas Sostenibles","publisher":{"@id":"https:\/\/crees.org.do\/#organization"},"potentialAction":[{"@type":"SearchAction","target":{"@type":"EntryPoint","urlTemplate":"https:\/\/crees.org.do\/?s={search_term_string}"},"query-input":{"@type":"PropertyValueSpecification","valueRequired":true,"valueName":"search_term_string"}}],"inLanguage":"es"},{"@type":"Organization","@id":"https:\/\/crees.org.do\/#organization","name":"CREES | Centro Regional de Estrategias Econ\u00f3micas Sostenibles","url":"https:\/\/crees.org.do\/","logo":{"@type":"ImageObject","inLanguage":"es","@id":"https:\/\/crees.org.do\/#\/schema\/logo\/image\/","url":"https:\/\/crees.org.do\/wp-content\/uploads\/2022\/03\/crees-logo-1.jpg","contentUrl":"https:\/\/crees.org.do\/wp-content\/uploads\/2022\/03\/crees-logo-1.jpg","width":244,"height":71,"caption":"CREES | Centro Regional de Estrategias Econ\u00f3micas Sostenibles"},"image":{"@id":"https:\/\/crees.org.do\/#\/schema\/logo\/image\/"},"sameAs":["https:\/\/www.facebook.com\/CREESRD\/","https:\/\/x.com\/CREESRD"]},{"@type":"Person","@id":"https:\/\/crees.org.do\/#\/schema\/person\/e7f97cd94d7bf9cd0e0ce30acb7d56b8","name":"Crees","image":{"@type":"ImageObject","inLanguage":"es","@id":"https:\/\/crees.org.do\/#\/schema\/person\/image\/","url":"https:\/\/secure.gravatar.com\/avatar\/390ac8f0be5d9aa046152553e2dd7011b59a512d89c150f5e5f28bb8d9a0b165?s=96&d=mm&r=g","contentUrl":"https:\/\/secure.gravatar.com\/avatar\/390ac8f0be5d9aa046152553e2dd7011b59a512d89c150f5e5f28bb8d9a0b165?s=96&d=mm&r=g","caption":"Crees"},"url":"https:\/\/crees.org.do\/?author=2"}]}},"_links":{"self":[{"href":"https:\/\/crees.org.do\/index.php?rest_route=\/wp\/v2\/posts\/29121","targetHints":{"allow":["GET"]}}],"collection":[{"href":"https:\/\/crees.org.do\/index.php?rest_route=\/wp\/v2\/posts"}],"about":[{"href":"https:\/\/crees.org.do\/index.php?rest_route=\/wp\/v2\/types\/post"}],"author":[{"embeddable":true,"href":"https:\/\/crees.org.do\/index.php?rest_route=\/wp\/v2\/users\/2"}],"replies":[{"embeddable":true,"href":"https:\/\/crees.org.do\/index.php?rest_route=%2Fwp%2Fv2%2Fcomments&post=29121"}],"version-history":[{"count":1,"href":"https:\/\/crees.org.do\/index.php?rest_route=\/wp\/v2\/posts\/29121\/revisions"}],"predecessor-version":[{"id":29122,"href":"https:\/\/crees.org.do\/index.php?rest_route=\/wp\/v2\/posts\/29121\/revisions\/29122"}],"wp:featuredmedia":[{"embeddable":true,"href":"https:\/\/crees.org.do\/index.php?rest_route=\/wp\/v2\/media\/29095"}],"wp:attachment":[{"href":"https:\/\/crees.org.do\/index.php?rest_route=%2Fwp%2Fv2%2Fmedia&parent=29121"}],"wp:term":[{"taxonomy":"category","embeddable":true,"href":"https:\/\/crees.org.do\/index.php?rest_route=%2Fwp%2Fv2%2Fcategories&post=29121"},{"taxonomy":"post_tag","embeddable":true,"href":"https:\/\/crees.org.do\/index.php?rest_route=%2Fwp%2Fv2%2Ftags&post=29121"}],"curies":[{"name":"wp","href":"https:\/\/api.w.org\/{rel}","templated":true}]}}