{"id":29163,"date":"2026-01-09T13:36:54","date_gmt":"2026-01-09T13:36:54","guid":{"rendered":"https:\/\/crees.org.do\/?p=29163"},"modified":"2026-01-09T15:28:54","modified_gmt":"2026-01-09T15:28:54","slug":"reducir-el-gasto-publico-lecciones-de-tres-paises","status":"publish","type":"post","link":"https:\/\/crees.org.do\/?p=29163","title":{"rendered":"Reducir el gasto p\u00fablico: Lecciones de tres pa\u00edses"},"content":{"rendered":"<p style=\"text-align: justify;\">Autor: Miguel Collado Di Franco<\/p>\n<p style=\"text-align: justify;\">Fecha: 8 de enero de 2026<\/p>\n<h2 style=\"text-align: justify;\"><strong>Reducir el gasto p\u00fablico: Lecciones de tres pa\u00edses<\/strong><\/h2>\n<p style=\"text-align: justify;\">En esta entrega presentamos tres ejemplos de consolidaciones fiscales realizadas mediante la reducci\u00f3n del gasto p\u00fablico, ya sea del gasto corriente o del gasto primario. Las experiencias mostradas corresponden a Canad\u00e1, Nueva Zelanda y Argentina.<\/p>\n<p style=\"text-align: justify;\">En el caso de Canad\u00e1, el proceso de consolidaci\u00f3n fiscal estuvo liderado por Paul Martin, el ministro de finanzas nombrado por Jean Chretien, el primer ministro entre 1992 y 2003. Antes le hab\u00edan sucedido, Trudeau padre y Brian Mulroney. Ambos llevaron a Canad\u00e1 por una senda de d\u00e9ficits y endeudamientos.<\/p>\n<p style=\"text-align: justify;\">El trabajo de Paul Martin y Chretien demostr\u00f3 que los d\u00e9ficits pueden ser llevados a super\u00e1vits por medio de recortes de gastos. El gobierno de Canad\u00e1 no redujo la tasa de crecimiento del gasto; lo que hizo fue reducir el gasto en t\u00e9rminos absolutos.<\/p>\n<p style=\"text-align: justify;\">El gobierno canadiense alcanz\u00f3 su meta a base de la reducci\u00f3n del gasto corriente no financiero. En el periodo fiscal 1992-1993, estos gastos representaban el 17.4% del PIB; en cinco a\u00f1os, con la reducci\u00f3n absoluta del gasto corriente, su nivel pas\u00f3 a representar el 13% del PIB.<\/p>\n<p style=\"text-align: justify;\">\u00bfC\u00f3mo Paul Martin convenci\u00f3 al p\u00fablico de la reducci\u00f3n en el gasto? Con una campa\u00f1a de educaci\u00f3n que les hizo comprender que era preciso tomar un camino de disciplina fiscal y de reducci\u00f3n de la deuda. La campa\u00f1a fue tan efectiva que la sociedad qued\u00f3 esperando un recorte de gasto mayor.<\/p>\n<p style=\"text-align: justify;\">Con respecto a la elaboraci\u00f3n del presupuesto, los ministros deb\u00edan presentar reducciones de gasto en sus proyectos. Si no se cumpl\u00eda con ese principio, el comit\u00e9 encargado de elaborar el presupuesto eleg\u00eda cu\u00e1l proyecto reducir. Todo el gabinete deb\u00eda estar comprometido.<\/p>\n<p style=\"text-align: justify;\">\u00bfHubo un incremento de impuestos al inicio del mandato del ministro Paul Martin? La respuesta es que s\u00ed lo hubo, pero lo importante fue la determinaci\u00f3n de reducir el gasto; porque por cada d\u00f3lar canadiense de nuevas recaudaciones fueron siete d\u00f3lares los que se redujeron en gastos. Otra pregunta en la que pensar\u00e1n algunos es si estas medidas tuvieron impacto sobre el desempleo. La tasa de desempleo se redujo y pas\u00f3 de 11.4% a 6.0%<\/p>\n<p style=\"text-align: justify;\">En Nueva Zelanda, una mujer asumi\u00f3 la responsabilidad de ordenar las finanzas p\u00fablicas. Ruth Richardson ten\u00eda convicciones ideol\u00f3gicas que no le permit\u00edan administrar un gobierno que gastara m\u00e1s de lo que le ingresaba. Como ella misma expresara, no comprend\u00eda c\u00f3mo Nueva Zelanda hab\u00eda estado operando con d\u00e9ficit fiscales por tanto tiempo ya que un principio que aplicaba para cualquier hogar no deb\u00eda ser ajeno a un gobierno. Es decir, la ministra de finanzas asumi\u00f3 la responsabilidad que le puso en sus manos el primer ministro Jim Bolger y decidi\u00f3 reducir el gasto y, en consecuencia, la deuda p\u00fablica.<\/p>\n<p style=\"text-align: justify;\">Una Ley de Responsabilidad Fiscal, llev\u00f3 la deuda de 61.1% del PIB en 1993 a 28.7% en 2002. \u00bfDej\u00f3 de crecer la econom\u00eda por las medidas adoptadas inicialmente? Las tasas de crecimiento de Nueva Zelanda aumentaron. En adici\u00f3n a las pol\u00edticas fiscales, el gobierno implement\u00f3 otras reformas estructurales. La Ley de Contratos de Empleos de 1991, que liberaliz\u00f3 el mercado de trabajo, se encuentra entre las reformas principales adoptadas por esa administraci\u00f3n. Las medidas fueron defendidas porque se cre\u00eda en sus resultados positivos, y as\u00ed sucedi\u00f3.<\/p>\n<p style=\"text-align: justify;\">Un ejemplo m\u00e1s reciente de reducci\u00f3n de gasto es el caso de Argentina. Lo que ha sucedido en Argentina, a pesar de la dependencia hist\u00f3rica de la ciudadan\u00eda del gasto estatal, ha sido una reducci\u00f3n de las erogaciones, principalmente las del gobierno nacional.<\/p>\n<p style=\"text-align: justify;\">El gasto primario del Gobierno nacional baj\u00f3 de 14.8% del PIB en 2023 a 13.7% en 2025. El gasto total, incluyendo a las provincias y los municipios, se encuentra en su valor m\u00e1s bajo desde el a\u00f1o 2008. Mientras en 2023 el gasto primario representaba el 37.9% del PIB, se estima en 2025 pas\u00f3 a ser 31.4%. Esa reducci\u00f3n equivale a una disminuci\u00f3n del gasto de 17.1% desde que la nueva administraci\u00f3n asumi\u00f3 el control de las finanzas p\u00fablicas.<\/p>\n<p style=\"text-align: justify;\">La reducci\u00f3n del gasto p\u00fablico se ha extendido, incluso, a la n\u00f3mina p\u00fablica. En noviembre de 2024, el total de empleados de la administraci\u00f3n p\u00fablica nacional, empresas y sociedades del Estado argentino representaba 304,107 empleos. Para noviembre de 2025, 12 meses despu\u00e9s, la cantidad de empleados era de 281,785, una reducci\u00f3n de 7.3% interanual. Los cuestionamientos habituales podr\u00edan incluir si hubo un aumento en el desempleo o si ha aumentado la pobreza. La creaci\u00f3n de empleo ha aumentado y la tasa de desempleo se redujo de 6.9% a 6.6% en el \u00faltimo a\u00f1o, de acuerdo con los \u00faltimos datos disponibles. La tasa de pobreza se ha reducido; una inflaci\u00f3n menor a la hist\u00f3rica, crecimiento econ\u00f3mico y creaci\u00f3n de empleo han mejorado la situaci\u00f3n econ\u00f3mica.<\/p>\n<p style=\"text-align: justify;\">Inicia un a\u00f1o, con oportunidades para realizar cambios, tomar decisiones con la intenci\u00f3n de mejorar las finanzas p\u00fablicas de Rep\u00fablica Dominicana. Como estos ejemplos, existen otros de pa\u00edses cuyos ministros de finanzas, y sus jefes de Estado, asumieron el compromiso de tomar medidas para reducir d\u00e9ficits y endeudamiento.<\/p>\n<div class=\"pvc_clear\"><\/div>\n<p class=\"pvc_stats all \" data-element-id=\"29163\" style=\"\"><i class=\"pvc-stats-icon medium\" aria-hidden=\"true\"><svg aria-hidden=\"true\" focusable=\"false\" data-prefix=\"far\" data-icon=\"chart-bar\" role=\"img\" xmlns=\"http:\/\/www.w3.org\/2000\/svg\" viewBox=\"0 0 512 512\" class=\"svg-inline--fa fa-chart-bar fa-w-16 fa-2x\"><path fill=\"currentColor\" d=\"M396.8 352h22.4c6.4 0 12.8-6.4 12.8-12.8V108.8c0-6.4-6.4-12.8-12.8-12.8h-22.4c-6.4 0-12.8 6.4-12.8 12.8v230.4c0 6.4 6.4 12.8 12.8 12.8zm-192 0h22.4c6.4 0 12.8-6.4 12.8-12.8V140.8c0-6.4-6.4-12.8-12.8-12.8h-22.4c-6.4 0-12.8 6.4-12.8 12.8v198.4c0 6.4 6.4 12.8 12.8 12.8zm96 0h22.4c6.4 0 12.8-6.4 12.8-12.8V204.8c0-6.4-6.4-12.8-12.8-12.8h-22.4c-6.4 0-12.8 6.4-12.8 12.8v134.4c0 6.4 6.4 12.8 12.8 12.8zM496 400H48V80c0-8.84-7.16-16-16-16H16C7.16 64 0 71.16 0 80v336c0 17.67 14.33 32 32 32h464c8.84 0 16-7.16 16-16v-16c0-8.84-7.16-16-16-16zm-387.2-48h22.4c6.4 0 12.8-6.4 12.8-12.8v-70.4c0-6.4-6.4-12.8-12.8-12.8h-22.4c-6.4 0-12.8 6.4-12.8 12.8v70.4c0 6.4 6.4 12.8 12.8 12.8z\" class=\"\"><\/path><\/svg><\/i> Vistas Totales&nbsp;1,124&nbsp;, Vistas Hoy&nbsp;2&nbsp;<\/p>\n<div class=\"pvc_clear\"><\/div>\n","protected":false},"excerpt":{"rendered":"<p>Autor: Miguel Collado Di Franco Fecha: 8 de enero de 2026 Reducir el gasto p\u00fablico: Lecciones de tres pa\u00edses En esta entrega presentamos tres ejemplos de consolidaciones fiscales realizadas mediante la reducci\u00f3n del gasto p\u00fablico, ya sea del gasto corriente o del gasto primario. Las experiencias mostradas corresponden a Canad\u00e1, Nueva Zelanda y Argentina. En&#8230;<\/p>\n<div class=\"pvc_clear\"><\/div>\n<p class=\"pvc_stats all \" data-element-id=\"29163\" style=\"\"><i class=\"pvc-stats-icon medium\" aria-hidden=\"true\"><svg aria-hidden=\"true\" focusable=\"false\" data-prefix=\"far\" data-icon=\"chart-bar\" role=\"img\" xmlns=\"http:\/\/www.w3.org\/2000\/svg\" viewBox=\"0 0 512 512\" class=\"svg-inline--fa fa-chart-bar fa-w-16 fa-2x\"><path fill=\"currentColor\" d=\"M396.8 352h22.4c6.4 0 12.8-6.4 12.8-12.8V108.8c0-6.4-6.4-12.8-12.8-12.8h-22.4c-6.4 0-12.8 6.4-12.8 12.8v230.4c0 6.4 6.4 12.8 12.8 12.8zm-192 0h22.4c6.4 0 12.8-6.4 12.8-12.8V140.8c0-6.4-6.4-12.8-12.8-12.8h-22.4c-6.4 0-12.8 6.4-12.8 12.8v198.4c0 6.4 6.4 12.8 12.8 12.8zm96 0h22.4c6.4 0 12.8-6.4 12.8-12.8V204.8c0-6.4-6.4-12.8-12.8-12.8h-22.4c-6.4 0-12.8 6.4-12.8 12.8v134.4c0 6.4 6.4 12.8 12.8 12.8zM496 400H48V80c0-8.84-7.16-16-16-16H16C7.16 64 0 71.16 0 80v336c0 17.67 14.33 32 32 32h464c8.84 0 16-7.16 16-16v-16c0-8.84-7.16-16-16-16zm-387.2-48h22.4c6.4 0 12.8-6.4 12.8-12.8v-70.4c0-6.4-6.4-12.8-12.8-12.8h-22.4c-6.4 0-12.8 6.4-12.8 12.8v70.4c0 6.4 6.4 12.8 12.8 12.8z\" class=\"\"><\/path><\/svg><\/i> Vistas Totales&nbsp;1,124&nbsp;, Vistas Hoy&nbsp;2&nbsp;<\/p>\n<div class=\"pvc_clear\"><\/div>\n","protected":false},"author":2,"featured_media":29180,"comment_status":"closed","ping_status":"closed","sticky":false,"template":"","format":"standard","meta":{"footnotes":""},"categories":[22],"tags":[],"class_list":["post-29163","post","type-post","status-publish","format-standard","has-post-thumbnail","hentry","category-articulos"],"yoast_head":"<!-- This site is optimized with the Yoast SEO plugin v25.2 - https:\/\/yoast.com\/wordpress\/plugins\/seo\/ -->\n<title>Reducir el gasto p\u00fablico: Lecciones de tres pa\u00edses | CREES<\/title>\n<meta name=\"robots\" content=\"index, follow, max-snippet:-1, max-image-preview:large, max-video-preview:-1\" \/>\n<link rel=\"canonical\" href=\"https:\/\/crees.org.do\/?p=29163\" \/>\n<meta property=\"og:locale\" content=\"es_ES\" \/>\n<meta property=\"og:type\" content=\"article\" \/>\n<meta property=\"og:title\" content=\"Reducir el gasto p\u00fablico: Lecciones de tres pa\u00edses | CREES\" \/>\n<meta property=\"og:description\" content=\"Autor: Miguel Collado Di Franco Fecha: 8 de enero de 2026 Reducir el gasto p\u00fablico: Lecciones de tres pa\u00edses En esta entrega presentamos tres ejemplos de consolidaciones fiscales realizadas mediante la reducci\u00f3n del gasto p\u00fablico, ya sea del gasto corriente o del gasto primario. Las experiencias mostradas corresponden a Canad\u00e1, Nueva Zelanda y Argentina. En...\" \/>\n<meta property=\"og:url\" content=\"https:\/\/crees.org.do\/?p=29163\" \/>\n<meta property=\"og:site_name\" content=\"CREES\" \/>\n<meta property=\"article:publisher\" content=\"https:\/\/www.facebook.com\/CREESRD\/\" \/>\n<meta property=\"article:published_time\" content=\"2026-01-09T13:36:54+00:00\" \/>\n<meta property=\"article:modified_time\" content=\"2026-01-09T15:28:54+00:00\" \/>\n<meta property=\"og:image\" content=\"https:\/\/crees.org.do\/wp-content\/uploads\/2026\/01\/Slide-1-copy-60-3-scaled.png\" \/>\n\t<meta property=\"og:image:width\" content=\"1200\" \/>\n\t<meta property=\"og:image:height\" content=\"1200\" \/>\n\t<meta property=\"og:image:type\" content=\"image\/png\" \/>\n<meta name=\"author\" content=\"Crees\" \/>\n<meta name=\"twitter:card\" content=\"summary_large_image\" \/>\n<meta name=\"twitter:creator\" content=\"@CREESRD\" \/>\n<meta name=\"twitter:site\" content=\"@CREESRD\" \/>\n<meta name=\"twitter:label1\" content=\"Escrito por\" \/>\n\t<meta name=\"twitter:data1\" content=\"Crees\" \/>\n\t<meta name=\"twitter:label2\" content=\"Tiempo de lectura\" \/>\n\t<meta name=\"twitter:data2\" content=\"4 minutos\" \/>\n<script type=\"application\/ld+json\" class=\"yoast-schema-graph\">{\"@context\":\"https:\/\/schema.org\",\"@graph\":[{\"@type\":\"Article\",\"@id\":\"https:\/\/crees.org.do\/?p=29163#article\",\"isPartOf\":{\"@id\":\"https:\/\/crees.org.do\/?p=29163\"},\"author\":{\"name\":\"Crees\",\"@id\":\"https:\/\/crees.org.do\/#\/schema\/person\/e7f97cd94d7bf9cd0e0ce30acb7d56b8\"},\"headline\":\"Reducir el gasto p\u00fablico: Lecciones de tres pa\u00edses\",\"datePublished\":\"2026-01-09T13:36:54+00:00\",\"dateModified\":\"2026-01-09T15:28:54+00:00\",\"mainEntityOfPage\":{\"@id\":\"https:\/\/crees.org.do\/?p=29163\"},\"wordCount\":899,\"publisher\":{\"@id\":\"https:\/\/crees.org.do\/#organization\"},\"image\":{\"@id\":\"https:\/\/crees.org.do\/?p=29163#primaryimage\"},\"thumbnailUrl\":\"https:\/\/crees.org.do\/wp-content\/uploads\/2026\/01\/Slide-1-copy-60-3-scaled.png\",\"articleSection\":[\"Art\u00edculos\"],\"inLanguage\":\"es\"},{\"@type\":\"WebPage\",\"@id\":\"https:\/\/crees.org.do\/?p=29163\",\"url\":\"https:\/\/crees.org.do\/?p=29163\",\"name\":\"Reducir el gasto p\u00fablico: Lecciones de tres pa\u00edses | CREES\",\"isPartOf\":{\"@id\":\"https:\/\/crees.org.do\/#website\"},\"primaryImageOfPage\":{\"@id\":\"https:\/\/crees.org.do\/?p=29163#primaryimage\"},\"image\":{\"@id\":\"https:\/\/crees.org.do\/?p=29163#primaryimage\"},\"thumbnailUrl\":\"https:\/\/crees.org.do\/wp-content\/uploads\/2026\/01\/Slide-1-copy-60-3-scaled.png\",\"datePublished\":\"2026-01-09T13:36:54+00:00\",\"dateModified\":\"2026-01-09T15:28:54+00:00\",\"breadcrumb\":{\"@id\":\"https:\/\/crees.org.do\/?p=29163#breadcrumb\"},\"inLanguage\":\"es\",\"potentialAction\":[{\"@type\":\"ReadAction\",\"target\":[\"https:\/\/crees.org.do\/?p=29163\"]}]},{\"@type\":\"ImageObject\",\"inLanguage\":\"es\",\"@id\":\"https:\/\/crees.org.do\/?p=29163#primaryimage\",\"url\":\"https:\/\/crees.org.do\/wp-content\/uploads\/2026\/01\/Slide-1-copy-60-3-scaled.png\",\"contentUrl\":\"https:\/\/crees.org.do\/wp-content\/uploads\/2026\/01\/Slide-1-copy-60-3-scaled.png\",\"width\":1200,\"height\":1200},{\"@type\":\"BreadcrumbList\",\"@id\":\"https:\/\/crees.org.do\/?p=29163#breadcrumb\",\"itemListElement\":[{\"@type\":\"ListItem\",\"position\":1,\"name\":\"Portada\",\"item\":\"https:\/\/crees.org.do\/\"},{\"@type\":\"ListItem\",\"position\":2,\"name\":\"Reducir el gasto p\u00fablico: Lecciones de tres pa\u00edses\"}]},{\"@type\":\"WebSite\",\"@id\":\"https:\/\/crees.org.do\/#website\",\"url\":\"https:\/\/crees.org.do\/\",\"name\":\"CREES\",\"description\":\"Centro Regional de Estrategias Econ\u00f3micas Sostenibles\",\"publisher\":{\"@id\":\"https:\/\/crees.org.do\/#organization\"},\"potentialAction\":[{\"@type\":\"SearchAction\",\"target\":{\"@type\":\"EntryPoint\",\"urlTemplate\":\"https:\/\/crees.org.do\/?s={search_term_string}\"},\"query-input\":{\"@type\":\"PropertyValueSpecification\",\"valueRequired\":true,\"valueName\":\"search_term_string\"}}],\"inLanguage\":\"es\"},{\"@type\":\"Organization\",\"@id\":\"https:\/\/crees.org.do\/#organization\",\"name\":\"CREES | Centro Regional de Estrategias Econ\u00f3micas Sostenibles\",\"url\":\"https:\/\/crees.org.do\/\",\"logo\":{\"@type\":\"ImageObject\",\"inLanguage\":\"es\",\"@id\":\"https:\/\/crees.org.do\/#\/schema\/logo\/image\/\",\"url\":\"https:\/\/crees.org.do\/wp-content\/uploads\/2022\/03\/crees-logo-1.jpg\",\"contentUrl\":\"https:\/\/crees.org.do\/wp-content\/uploads\/2022\/03\/crees-logo-1.jpg\",\"width\":244,\"height\":71,\"caption\":\"CREES | Centro Regional de Estrategias Econ\u00f3micas Sostenibles\"},\"image\":{\"@id\":\"https:\/\/crees.org.do\/#\/schema\/logo\/image\/\"},\"sameAs\":[\"https:\/\/www.facebook.com\/CREESRD\/\",\"https:\/\/x.com\/CREESRD\"]},{\"@type\":\"Person\",\"@id\":\"https:\/\/crees.org.do\/#\/schema\/person\/e7f97cd94d7bf9cd0e0ce30acb7d56b8\",\"name\":\"Crees\",\"image\":{\"@type\":\"ImageObject\",\"inLanguage\":\"es\",\"@id\":\"https:\/\/crees.org.do\/#\/schema\/person\/image\/\",\"url\":\"https:\/\/secure.gravatar.com\/avatar\/390ac8f0be5d9aa046152553e2dd7011b59a512d89c150f5e5f28bb8d9a0b165?s=96&d=mm&r=g\",\"contentUrl\":\"https:\/\/secure.gravatar.com\/avatar\/390ac8f0be5d9aa046152553e2dd7011b59a512d89c150f5e5f28bb8d9a0b165?s=96&d=mm&r=g\",\"caption\":\"Crees\"},\"url\":\"https:\/\/crees.org.do\/?author=2\"}]}<\/script>\n<!-- \/ Yoast SEO plugin. -->","yoast_head_json":{"title":"Reducir el gasto p\u00fablico: Lecciones de tres pa\u00edses | CREES","robots":{"index":"index","follow":"follow","max-snippet":"max-snippet:-1","max-image-preview":"max-image-preview:large","max-video-preview":"max-video-preview:-1"},"canonical":"https:\/\/crees.org.do\/?p=29163","og_locale":"es_ES","og_type":"article","og_title":"Reducir el gasto p\u00fablico: Lecciones de tres pa\u00edses | CREES","og_description":"Autor: Miguel Collado Di Franco Fecha: 8 de enero de 2026 Reducir el gasto p\u00fablico: Lecciones de tres pa\u00edses En esta entrega presentamos tres ejemplos de consolidaciones fiscales realizadas mediante la reducci\u00f3n del gasto p\u00fablico, ya sea del gasto corriente o del gasto primario. Las experiencias mostradas corresponden a Canad\u00e1, Nueva Zelanda y Argentina. En...","og_url":"https:\/\/crees.org.do\/?p=29163","og_site_name":"CREES","article_publisher":"https:\/\/www.facebook.com\/CREESRD\/","article_published_time":"2026-01-09T13:36:54+00:00","article_modified_time":"2026-01-09T15:28:54+00:00","og_image":[{"width":1200,"height":1200,"url":"https:\/\/crees.org.do\/wp-content\/uploads\/2026\/01\/Slide-1-copy-60-3-scaled.png","type":"image\/png"}],"author":"Crees","twitter_card":"summary_large_image","twitter_creator":"@CREESRD","twitter_site":"@CREESRD","twitter_misc":{"Escrito por":"Crees","Tiempo de lectura":"4 minutos"},"schema":{"@context":"https:\/\/schema.org","@graph":[{"@type":"Article","@id":"https:\/\/crees.org.do\/?p=29163#article","isPartOf":{"@id":"https:\/\/crees.org.do\/?p=29163"},"author":{"name":"Crees","@id":"https:\/\/crees.org.do\/#\/schema\/person\/e7f97cd94d7bf9cd0e0ce30acb7d56b8"},"headline":"Reducir el gasto p\u00fablico: Lecciones de tres pa\u00edses","datePublished":"2026-01-09T13:36:54+00:00","dateModified":"2026-01-09T15:28:54+00:00","mainEntityOfPage":{"@id":"https:\/\/crees.org.do\/?p=29163"},"wordCount":899,"publisher":{"@id":"https:\/\/crees.org.do\/#organization"},"image":{"@id":"https:\/\/crees.org.do\/?p=29163#primaryimage"},"thumbnailUrl":"https:\/\/crees.org.do\/wp-content\/uploads\/2026\/01\/Slide-1-copy-60-3-scaled.png","articleSection":["Art\u00edculos"],"inLanguage":"es"},{"@type":"WebPage","@id":"https:\/\/crees.org.do\/?p=29163","url":"https:\/\/crees.org.do\/?p=29163","name":"Reducir el gasto p\u00fablico: Lecciones de tres pa\u00edses | CREES","isPartOf":{"@id":"https:\/\/crees.org.do\/#website"},"primaryImageOfPage":{"@id":"https:\/\/crees.org.do\/?p=29163#primaryimage"},"image":{"@id":"https:\/\/crees.org.do\/?p=29163#primaryimage"},"thumbnailUrl":"https:\/\/crees.org.do\/wp-content\/uploads\/2026\/01\/Slide-1-copy-60-3-scaled.png","datePublished":"2026-01-09T13:36:54+00:00","dateModified":"2026-01-09T15:28:54+00:00","breadcrumb":{"@id":"https:\/\/crees.org.do\/?p=29163#breadcrumb"},"inLanguage":"es","potentialAction":[{"@type":"ReadAction","target":["https:\/\/crees.org.do\/?p=29163"]}]},{"@type":"ImageObject","inLanguage":"es","@id":"https:\/\/crees.org.do\/?p=29163#primaryimage","url":"https:\/\/crees.org.do\/wp-content\/uploads\/2026\/01\/Slide-1-copy-60-3-scaled.png","contentUrl":"https:\/\/crees.org.do\/wp-content\/uploads\/2026\/01\/Slide-1-copy-60-3-scaled.png","width":1200,"height":1200},{"@type":"BreadcrumbList","@id":"https:\/\/crees.org.do\/?p=29163#breadcrumb","itemListElement":[{"@type":"ListItem","position":1,"name":"Portada","item":"https:\/\/crees.org.do\/"},{"@type":"ListItem","position":2,"name":"Reducir el gasto p\u00fablico: Lecciones de tres pa\u00edses"}]},{"@type":"WebSite","@id":"https:\/\/crees.org.do\/#website","url":"https:\/\/crees.org.do\/","name":"CREES","description":"Centro Regional de Estrategias Econ\u00f3micas Sostenibles","publisher":{"@id":"https:\/\/crees.org.do\/#organization"},"potentialAction":[{"@type":"SearchAction","target":{"@type":"EntryPoint","urlTemplate":"https:\/\/crees.org.do\/?s={search_term_string}"},"query-input":{"@type":"PropertyValueSpecification","valueRequired":true,"valueName":"search_term_string"}}],"inLanguage":"es"},{"@type":"Organization","@id":"https:\/\/crees.org.do\/#organization","name":"CREES | Centro Regional de Estrategias Econ\u00f3micas Sostenibles","url":"https:\/\/crees.org.do\/","logo":{"@type":"ImageObject","inLanguage":"es","@id":"https:\/\/crees.org.do\/#\/schema\/logo\/image\/","url":"https:\/\/crees.org.do\/wp-content\/uploads\/2022\/03\/crees-logo-1.jpg","contentUrl":"https:\/\/crees.org.do\/wp-content\/uploads\/2022\/03\/crees-logo-1.jpg","width":244,"height":71,"caption":"CREES | Centro Regional de Estrategias Econ\u00f3micas Sostenibles"},"image":{"@id":"https:\/\/crees.org.do\/#\/schema\/logo\/image\/"},"sameAs":["https:\/\/www.facebook.com\/CREESRD\/","https:\/\/x.com\/CREESRD"]},{"@type":"Person","@id":"https:\/\/crees.org.do\/#\/schema\/person\/e7f97cd94d7bf9cd0e0ce30acb7d56b8","name":"Crees","image":{"@type":"ImageObject","inLanguage":"es","@id":"https:\/\/crees.org.do\/#\/schema\/person\/image\/","url":"https:\/\/secure.gravatar.com\/avatar\/390ac8f0be5d9aa046152553e2dd7011b59a512d89c150f5e5f28bb8d9a0b165?s=96&d=mm&r=g","contentUrl":"https:\/\/secure.gravatar.com\/avatar\/390ac8f0be5d9aa046152553e2dd7011b59a512d89c150f5e5f28bb8d9a0b165?s=96&d=mm&r=g","caption":"Crees"},"url":"https:\/\/crees.org.do\/?author=2"}]}},"_links":{"self":[{"href":"https:\/\/crees.org.do\/index.php?rest_route=\/wp\/v2\/posts\/29163","targetHints":{"allow":["GET"]}}],"collection":[{"href":"https:\/\/crees.org.do\/index.php?rest_route=\/wp\/v2\/posts"}],"about":[{"href":"https:\/\/crees.org.do\/index.php?rest_route=\/wp\/v2\/types\/post"}],"author":[{"embeddable":true,"href":"https:\/\/crees.org.do\/index.php?rest_route=\/wp\/v2\/users\/2"}],"replies":[{"embeddable":true,"href":"https:\/\/crees.org.do\/index.php?rest_route=%2Fwp%2Fv2%2Fcomments&post=29163"}],"version-history":[{"count":2,"href":"https:\/\/crees.org.do\/index.php?rest_route=\/wp\/v2\/posts\/29163\/revisions"}],"predecessor-version":[{"id":29179,"href":"https:\/\/crees.org.do\/index.php?rest_route=\/wp\/v2\/posts\/29163\/revisions\/29179"}],"wp:featuredmedia":[{"embeddable":true,"href":"https:\/\/crees.org.do\/index.php?rest_route=\/wp\/v2\/media\/29180"}],"wp:attachment":[{"href":"https:\/\/crees.org.do\/index.php?rest_route=%2Fwp%2Fv2%2Fmedia&parent=29163"}],"wp:term":[{"taxonomy":"category","embeddable":true,"href":"https:\/\/crees.org.do\/index.php?rest_route=%2Fwp%2Fv2%2Fcategories&post=29163"},{"taxonomy":"post_tag","embeddable":true,"href":"https:\/\/crees.org.do\/index.php?rest_route=%2Fwp%2Fv2%2Ftags&post=29163"}],"curies":[{"name":"wp","href":"https:\/\/api.w.org\/{rel}","templated":true}]}}