{"id":29168,"date":"2026-01-09T13:26:50","date_gmt":"2026-01-09T13:26:50","guid":{"rendered":"https:\/\/crees.org.do\/?p=29168"},"modified":"2026-01-09T13:26:50","modified_gmt":"2026-01-09T13:26:50","slug":"la-informalidad-continua-siendo-la-norma-en-america-latina","status":"publish","type":"post","link":"https:\/\/crees.org.do\/?p=29168","title":{"rendered":"La informalidad contin\u00faa siendo la norma en Am\u00e9rica Latina"},"content":{"rendered":"<h2><img fetchpriority=\"high\" decoding=\"async\" class=\"aligncenter wp-image-29169\" src=\"https:\/\/crees.org.do\/wp-content\/uploads\/2026\/01\/Copy-of-IIM-2-scaled.png\" alt=\"\" width=\"896\" height=\"896\" srcset=\"https:\/\/crees.org.do\/wp-content\/uploads\/2026\/01\/Copy-of-IIM-2-scaled.png 1200w, https:\/\/crees.org.do\/wp-content\/uploads\/2026\/01\/Copy-of-IIM-2-450x450.png 450w, https:\/\/crees.org.do\/wp-content\/uploads\/2026\/01\/Copy-of-IIM-2-2000x2000.png 2000w, https:\/\/crees.org.do\/wp-content\/uploads\/2026\/01\/Copy-of-IIM-2-150x150.png 150w, https:\/\/crees.org.do\/wp-content\/uploads\/2026\/01\/Copy-of-IIM-2-768x768.png 768w, https:\/\/crees.org.do\/wp-content\/uploads\/2026\/01\/Copy-of-IIM-2-500x500.png 500w, https:\/\/crees.org.do\/wp-content\/uploads\/2026\/01\/Copy-of-IIM-2-1536x1536.png 1536w, https:\/\/crees.org.do\/wp-content\/uploads\/2026\/01\/Copy-of-IIM-2-2048x2048.png 2048w\" sizes=\"(max-width: 896px) 100vw, 896px\" \/><\/h2>\n<h2 style=\"text-align: justify;\"><strong>La informalidad contin\u00faa siendo la norma en Am\u00e9rica Latina<\/strong><\/h2>\n<p style=\"text-align: justify;\">Como se puede ver en el gr\u00e1fico, la informalidad laboral en Am\u00e9rica Latina sigue siendo un problema muy extendido, aunque con diferencias entre pa\u00edses. Uruguay y Chile, son los dos pa\u00edses con las tasas relativamente m\u00e1s bajas, mientras que en el otro extremo se ubican pa\u00edses como Bolivia, Honduras y Per\u00fa, donde m\u00e1s del 70% de los trabajadores opera dentro de la informalidad. Esto implica que la mayor\u00eda de las personas trabaja sin contrato, sin seguridad social y sin protecci\u00f3n ante despidos, enfermedad o vejez.<\/p>\n<p style=\"text-align: justify;\">Esto no es una anomal\u00eda, la tendencia en la regi\u00f3n ha sido que la informalidad sea la norma, no la excepci\u00f3n.<\/p>\n<p style=\"text-align: justify;\">Pese al relativo crecimiento econ\u00f3mico del pa\u00eds en los \u00faltimos a\u00f1os, en el caso de la Rep\u00fablica Dominicana, la mayor parte de la poblaci\u00f3n sigue operando en la informalidad, dependiendo de empleos usualmente de baja productividad y bajos ingresos. Ello se debe a que, aunque ha habido crecimiento, persisten los obst\u00e1culos estructurales que incentivan la ocupaci\u00f3n informal.<\/p>\n<p style=\"text-align: justify;\">Entre los obst\u00e1culos que incentivan la informalidad se encuentra un sistema tributario poco competitivo, m\u00faltiples tr\u00e1mites, costos administrativos y obligaciones laborales que pueden resultar dif\u00edciles de asumir, especialmente para peque\u00f1as empresas y trabajadores independientes. Para muchas personas, el costo en tiempo y dinero requeridos para cumplir con estas obligaciones obstaculiza la formalizaci\u00f3n, lo que en muchos casos empuja tanto a empleadores como a trabajadores hacia el sector informal.<\/p>\n<p style=\"text-align: justify;\">Mientras estas condiciones no cambien, la informalidad seguir\u00e1 siendo una v\u00eda recurrente para que la gente consiga trabajo.<\/p>\n<div class=\"pvc_clear\"><\/div>\n<p class=\"pvc_stats all \" data-element-id=\"29168\" style=\"\"><i class=\"pvc-stats-icon medium\" aria-hidden=\"true\"><svg aria-hidden=\"true\" focusable=\"false\" data-prefix=\"far\" data-icon=\"chart-bar\" role=\"img\" xmlns=\"http:\/\/www.w3.org\/2000\/svg\" viewBox=\"0 0 512 512\" class=\"svg-inline--fa fa-chart-bar fa-w-16 fa-2x\"><path fill=\"currentColor\" d=\"M396.8 352h22.4c6.4 0 12.8-6.4 12.8-12.8V108.8c0-6.4-6.4-12.8-12.8-12.8h-22.4c-6.4 0-12.8 6.4-12.8 12.8v230.4c0 6.4 6.4 12.8 12.8 12.8zm-192 0h22.4c6.4 0 12.8-6.4 12.8-12.8V140.8c0-6.4-6.4-12.8-12.8-12.8h-22.4c-6.4 0-12.8 6.4-12.8 12.8v198.4c0 6.4 6.4 12.8 12.8 12.8zm96 0h22.4c6.4 0 12.8-6.4 12.8-12.8V204.8c0-6.4-6.4-12.8-12.8-12.8h-22.4c-6.4 0-12.8 6.4-12.8 12.8v134.4c0 6.4 6.4 12.8 12.8 12.8zM496 400H48V80c0-8.84-7.16-16-16-16H16C7.16 64 0 71.16 0 80v336c0 17.67 14.33 32 32 32h464c8.84 0 16-7.16 16-16v-16c0-8.84-7.16-16-16-16zm-387.2-48h22.4c6.4 0 12.8-6.4 12.8-12.8v-70.4c0-6.4-6.4-12.8-12.8-12.8h-22.4c-6.4 0-12.8 6.4-12.8 12.8v70.4c0 6.4 6.4 12.8 12.8 12.8z\" class=\"\"><\/path><\/svg><\/i> Vistas Totales&nbsp;808&nbsp;, Vistas Hoy&nbsp;4&nbsp;<\/p>\n<div class=\"pvc_clear\"><\/div>\n","protected":false},"excerpt":{"rendered":"<p>La informalidad contin\u00faa siendo la norma en Am\u00e9rica Latina Como se puede ver en el gr\u00e1fico, la informalidad laboral en Am\u00e9rica Latina sigue siendo un problema muy extendido, aunque con diferencias entre pa\u00edses. Uruguay y Chile, son los dos pa\u00edses con las tasas relativamente m\u00e1s bajas, mientras que en el otro extremo se ubican pa\u00edses&#8230;<\/p>\n<div class=\"pvc_clear\"><\/div>\n<p class=\"pvc_stats all \" data-element-id=\"29168\" style=\"\"><i class=\"pvc-stats-icon medium\" aria-hidden=\"true\"><svg aria-hidden=\"true\" focusable=\"false\" data-prefix=\"far\" data-icon=\"chart-bar\" role=\"img\" xmlns=\"http:\/\/www.w3.org\/2000\/svg\" viewBox=\"0 0 512 512\" class=\"svg-inline--fa fa-chart-bar fa-w-16 fa-2x\"><path fill=\"currentColor\" d=\"M396.8 352h22.4c6.4 0 12.8-6.4 12.8-12.8V108.8c0-6.4-6.4-12.8-12.8-12.8h-22.4c-6.4 0-12.8 6.4-12.8 12.8v230.4c0 6.4 6.4 12.8 12.8 12.8zm-192 0h22.4c6.4 0 12.8-6.4 12.8-12.8V140.8c0-6.4-6.4-12.8-12.8-12.8h-22.4c-6.4 0-12.8 6.4-12.8 12.8v198.4c0 6.4 6.4 12.8 12.8 12.8zm96 0h22.4c6.4 0 12.8-6.4 12.8-12.8V204.8c0-6.4-6.4-12.8-12.8-12.8h-22.4c-6.4 0-12.8 6.4-12.8 12.8v134.4c0 6.4 6.4 12.8 12.8 12.8zM496 400H48V80c0-8.84-7.16-16-16-16H16C7.16 64 0 71.16 0 80v336c0 17.67 14.33 32 32 32h464c8.84 0 16-7.16 16-16v-16c0-8.84-7.16-16-16-16zm-387.2-48h22.4c6.4 0 12.8-6.4 12.8-12.8v-70.4c0-6.4-6.4-12.8-12.8-12.8h-22.4c-6.4 0-12.8 6.4-12.8 12.8v70.4c0 6.4 6.4 12.8 12.8 12.8z\" class=\"\"><\/path><\/svg><\/i> Vistas Totales&nbsp;808&nbsp;, Vistas Hoy&nbsp;4&nbsp;<\/p>\n<div class=\"pvc_clear\"><\/div>\n","protected":false},"author":2,"featured_media":29169,"comment_status":"closed","ping_status":"closed","sticky":false,"template":"","format":"standard","meta":{"footnotes":""},"categories":[21],"tags":[],"class_list":["post-29168","post","type-post","status-publish","format-standard","has-post-thumbnail","hentry","category-blog"],"yoast_head":"<!-- This site is optimized with the Yoast SEO plugin v25.2 - https:\/\/yoast.com\/wordpress\/plugins\/seo\/ -->\n<title>La informalidad contin\u00faa siendo la norma en Am\u00e9rica Latina | CREES<\/title>\n<meta name=\"robots\" content=\"index, follow, max-snippet:-1, max-image-preview:large, max-video-preview:-1\" \/>\n<link rel=\"canonical\" href=\"https:\/\/crees.org.do\/?p=29168\" \/>\n<meta property=\"og:locale\" content=\"es_ES\" \/>\n<meta property=\"og:type\" content=\"article\" \/>\n<meta property=\"og:title\" content=\"La informalidad contin\u00faa siendo la norma en Am\u00e9rica Latina | CREES\" \/>\n<meta property=\"og:description\" content=\"La informalidad contin\u00faa siendo la norma en Am\u00e9rica Latina Como se puede ver en el gr\u00e1fico, la informalidad laboral en Am\u00e9rica Latina sigue siendo un problema muy extendido, aunque con diferencias entre pa\u00edses. Uruguay y Chile, son los dos pa\u00edses con las tasas relativamente m\u00e1s bajas, mientras que en el otro extremo se ubican pa\u00edses...\" \/>\n<meta property=\"og:url\" content=\"https:\/\/crees.org.do\/?p=29168\" \/>\n<meta property=\"og:site_name\" content=\"CREES\" \/>\n<meta property=\"article:publisher\" content=\"https:\/\/www.facebook.com\/CREESRD\/\" \/>\n<meta property=\"article:published_time\" content=\"2026-01-09T13:26:50+00:00\" \/>\n<meta property=\"og:image\" content=\"https:\/\/crees.org.do\/wp-content\/uploads\/2026\/01\/Copy-of-IIM-2-scaled.png\" \/>\n\t<meta property=\"og:image:width\" content=\"1200\" \/>\n\t<meta property=\"og:image:height\" content=\"1200\" \/>\n\t<meta property=\"og:image:type\" content=\"image\/png\" \/>\n<meta name=\"author\" content=\"Crees\" \/>\n<meta name=\"twitter:card\" content=\"summary_large_image\" \/>\n<meta name=\"twitter:creator\" content=\"@CREESRD\" \/>\n<meta name=\"twitter:site\" content=\"@CREESRD\" \/>\n<meta name=\"twitter:label1\" content=\"Escrito por\" \/>\n\t<meta name=\"twitter:data1\" content=\"Crees\" \/>\n\t<meta name=\"twitter:label2\" content=\"Tiempo de lectura\" \/>\n\t<meta name=\"twitter:data2\" content=\"1 minuto\" \/>\n<script type=\"application\/ld+json\" class=\"yoast-schema-graph\">{\"@context\":\"https:\/\/schema.org\",\"@graph\":[{\"@type\":\"Article\",\"@id\":\"https:\/\/crees.org.do\/?p=29168#article\",\"isPartOf\":{\"@id\":\"https:\/\/crees.org.do\/?p=29168\"},\"author\":{\"name\":\"Crees\",\"@id\":\"https:\/\/crees.org.do\/#\/schema\/person\/e7f97cd94d7bf9cd0e0ce30acb7d56b8\"},\"headline\":\"La informalidad contin\u00faa siendo la norma en Am\u00e9rica Latina\",\"datePublished\":\"2026-01-09T13:26:50+00:00\",\"mainEntityOfPage\":{\"@id\":\"https:\/\/crees.org.do\/?p=29168\"},\"wordCount\":296,\"publisher\":{\"@id\":\"https:\/\/crees.org.do\/#organization\"},\"image\":{\"@id\":\"https:\/\/crees.org.do\/?p=29168#primaryimage\"},\"thumbnailUrl\":\"https:\/\/crees.org.do\/wp-content\/uploads\/2026\/01\/Copy-of-IIM-2-scaled.png\",\"articleSection\":[\"Blog\"],\"inLanguage\":\"es\"},{\"@type\":\"WebPage\",\"@id\":\"https:\/\/crees.org.do\/?p=29168\",\"url\":\"https:\/\/crees.org.do\/?p=29168\",\"name\":\"La informalidad contin\u00faa siendo la norma en Am\u00e9rica Latina | CREES\",\"isPartOf\":{\"@id\":\"https:\/\/crees.org.do\/#website\"},\"primaryImageOfPage\":{\"@id\":\"https:\/\/crees.org.do\/?p=29168#primaryimage\"},\"image\":{\"@id\":\"https:\/\/crees.org.do\/?p=29168#primaryimage\"},\"thumbnailUrl\":\"https:\/\/crees.org.do\/wp-content\/uploads\/2026\/01\/Copy-of-IIM-2-scaled.png\",\"datePublished\":\"2026-01-09T13:26:50+00:00\",\"breadcrumb\":{\"@id\":\"https:\/\/crees.org.do\/?p=29168#breadcrumb\"},\"inLanguage\":\"es\",\"potentialAction\":[{\"@type\":\"ReadAction\",\"target\":[\"https:\/\/crees.org.do\/?p=29168\"]}]},{\"@type\":\"ImageObject\",\"inLanguage\":\"es\",\"@id\":\"https:\/\/crees.org.do\/?p=29168#primaryimage\",\"url\":\"https:\/\/crees.org.do\/wp-content\/uploads\/2026\/01\/Copy-of-IIM-2-scaled.png\",\"contentUrl\":\"https:\/\/crees.org.do\/wp-content\/uploads\/2026\/01\/Copy-of-IIM-2-scaled.png\",\"width\":1200,\"height\":1200},{\"@type\":\"BreadcrumbList\",\"@id\":\"https:\/\/crees.org.do\/?p=29168#breadcrumb\",\"itemListElement\":[{\"@type\":\"ListItem\",\"position\":1,\"name\":\"Portada\",\"item\":\"https:\/\/crees.org.do\/\"},{\"@type\":\"ListItem\",\"position\":2,\"name\":\"La informalidad contin\u00faa siendo la norma en Am\u00e9rica Latina\"}]},{\"@type\":\"WebSite\",\"@id\":\"https:\/\/crees.org.do\/#website\",\"url\":\"https:\/\/crees.org.do\/\",\"name\":\"CREES\",\"description\":\"Centro Regional de Estrategias Econ\u00f3micas Sostenibles\",\"publisher\":{\"@id\":\"https:\/\/crees.org.do\/#organization\"},\"potentialAction\":[{\"@type\":\"SearchAction\",\"target\":{\"@type\":\"EntryPoint\",\"urlTemplate\":\"https:\/\/crees.org.do\/?s={search_term_string}\"},\"query-input\":{\"@type\":\"PropertyValueSpecification\",\"valueRequired\":true,\"valueName\":\"search_term_string\"}}],\"inLanguage\":\"es\"},{\"@type\":\"Organization\",\"@id\":\"https:\/\/crees.org.do\/#organization\",\"name\":\"CREES | Centro Regional de Estrategias Econ\u00f3micas Sostenibles\",\"url\":\"https:\/\/crees.org.do\/\",\"logo\":{\"@type\":\"ImageObject\",\"inLanguage\":\"es\",\"@id\":\"https:\/\/crees.org.do\/#\/schema\/logo\/image\/\",\"url\":\"https:\/\/crees.org.do\/wp-content\/uploads\/2022\/03\/crees-logo-1.jpg\",\"contentUrl\":\"https:\/\/crees.org.do\/wp-content\/uploads\/2022\/03\/crees-logo-1.jpg\",\"width\":244,\"height\":71,\"caption\":\"CREES | Centro Regional de Estrategias Econ\u00f3micas Sostenibles\"},\"image\":{\"@id\":\"https:\/\/crees.org.do\/#\/schema\/logo\/image\/\"},\"sameAs\":[\"https:\/\/www.facebook.com\/CREESRD\/\",\"https:\/\/x.com\/CREESRD\"]},{\"@type\":\"Person\",\"@id\":\"https:\/\/crees.org.do\/#\/schema\/person\/e7f97cd94d7bf9cd0e0ce30acb7d56b8\",\"name\":\"Crees\",\"image\":{\"@type\":\"ImageObject\",\"inLanguage\":\"es\",\"@id\":\"https:\/\/crees.org.do\/#\/schema\/person\/image\/\",\"url\":\"https:\/\/secure.gravatar.com\/avatar\/390ac8f0be5d9aa046152553e2dd7011b59a512d89c150f5e5f28bb8d9a0b165?s=96&d=mm&r=g\",\"contentUrl\":\"https:\/\/secure.gravatar.com\/avatar\/390ac8f0be5d9aa046152553e2dd7011b59a512d89c150f5e5f28bb8d9a0b165?s=96&d=mm&r=g\",\"caption\":\"Crees\"},\"url\":\"https:\/\/crees.org.do\/?author=2\"}]}<\/script>\n<!-- \/ Yoast SEO plugin. -->","yoast_head_json":{"title":"La informalidad contin\u00faa siendo la norma en Am\u00e9rica Latina | CREES","robots":{"index":"index","follow":"follow","max-snippet":"max-snippet:-1","max-image-preview":"max-image-preview:large","max-video-preview":"max-video-preview:-1"},"canonical":"https:\/\/crees.org.do\/?p=29168","og_locale":"es_ES","og_type":"article","og_title":"La informalidad contin\u00faa siendo la norma en Am\u00e9rica Latina | CREES","og_description":"La informalidad contin\u00faa siendo la norma en Am\u00e9rica Latina Como se puede ver en el gr\u00e1fico, la informalidad laboral en Am\u00e9rica Latina sigue siendo un problema muy extendido, aunque con diferencias entre pa\u00edses. Uruguay y Chile, son los dos pa\u00edses con las tasas relativamente m\u00e1s bajas, mientras que en el otro extremo se ubican pa\u00edses...","og_url":"https:\/\/crees.org.do\/?p=29168","og_site_name":"CREES","article_publisher":"https:\/\/www.facebook.com\/CREESRD\/","article_published_time":"2026-01-09T13:26:50+00:00","og_image":[{"width":1200,"height":1200,"url":"https:\/\/crees.org.do\/wp-content\/uploads\/2026\/01\/Copy-of-IIM-2-scaled.png","type":"image\/png"}],"author":"Crees","twitter_card":"summary_large_image","twitter_creator":"@CREESRD","twitter_site":"@CREESRD","twitter_misc":{"Escrito por":"Crees","Tiempo de lectura":"1 minuto"},"schema":{"@context":"https:\/\/schema.org","@graph":[{"@type":"Article","@id":"https:\/\/crees.org.do\/?p=29168#article","isPartOf":{"@id":"https:\/\/crees.org.do\/?p=29168"},"author":{"name":"Crees","@id":"https:\/\/crees.org.do\/#\/schema\/person\/e7f97cd94d7bf9cd0e0ce30acb7d56b8"},"headline":"La informalidad contin\u00faa siendo la norma en Am\u00e9rica Latina","datePublished":"2026-01-09T13:26:50+00:00","mainEntityOfPage":{"@id":"https:\/\/crees.org.do\/?p=29168"},"wordCount":296,"publisher":{"@id":"https:\/\/crees.org.do\/#organization"},"image":{"@id":"https:\/\/crees.org.do\/?p=29168#primaryimage"},"thumbnailUrl":"https:\/\/crees.org.do\/wp-content\/uploads\/2026\/01\/Copy-of-IIM-2-scaled.png","articleSection":["Blog"],"inLanguage":"es"},{"@type":"WebPage","@id":"https:\/\/crees.org.do\/?p=29168","url":"https:\/\/crees.org.do\/?p=29168","name":"La informalidad contin\u00faa siendo la norma en Am\u00e9rica Latina | CREES","isPartOf":{"@id":"https:\/\/crees.org.do\/#website"},"primaryImageOfPage":{"@id":"https:\/\/crees.org.do\/?p=29168#primaryimage"},"image":{"@id":"https:\/\/crees.org.do\/?p=29168#primaryimage"},"thumbnailUrl":"https:\/\/crees.org.do\/wp-content\/uploads\/2026\/01\/Copy-of-IIM-2-scaled.png","datePublished":"2026-01-09T13:26:50+00:00","breadcrumb":{"@id":"https:\/\/crees.org.do\/?p=29168#breadcrumb"},"inLanguage":"es","potentialAction":[{"@type":"ReadAction","target":["https:\/\/crees.org.do\/?p=29168"]}]},{"@type":"ImageObject","inLanguage":"es","@id":"https:\/\/crees.org.do\/?p=29168#primaryimage","url":"https:\/\/crees.org.do\/wp-content\/uploads\/2026\/01\/Copy-of-IIM-2-scaled.png","contentUrl":"https:\/\/crees.org.do\/wp-content\/uploads\/2026\/01\/Copy-of-IIM-2-scaled.png","width":1200,"height":1200},{"@type":"BreadcrumbList","@id":"https:\/\/crees.org.do\/?p=29168#breadcrumb","itemListElement":[{"@type":"ListItem","position":1,"name":"Portada","item":"https:\/\/crees.org.do\/"},{"@type":"ListItem","position":2,"name":"La informalidad contin\u00faa siendo la norma en Am\u00e9rica Latina"}]},{"@type":"WebSite","@id":"https:\/\/crees.org.do\/#website","url":"https:\/\/crees.org.do\/","name":"CREES","description":"Centro Regional de Estrategias Econ\u00f3micas Sostenibles","publisher":{"@id":"https:\/\/crees.org.do\/#organization"},"potentialAction":[{"@type":"SearchAction","target":{"@type":"EntryPoint","urlTemplate":"https:\/\/crees.org.do\/?s={search_term_string}"},"query-input":{"@type":"PropertyValueSpecification","valueRequired":true,"valueName":"search_term_string"}}],"inLanguage":"es"},{"@type":"Organization","@id":"https:\/\/crees.org.do\/#organization","name":"CREES | Centro Regional de Estrategias Econ\u00f3micas Sostenibles","url":"https:\/\/crees.org.do\/","logo":{"@type":"ImageObject","inLanguage":"es","@id":"https:\/\/crees.org.do\/#\/schema\/logo\/image\/","url":"https:\/\/crees.org.do\/wp-content\/uploads\/2022\/03\/crees-logo-1.jpg","contentUrl":"https:\/\/crees.org.do\/wp-content\/uploads\/2022\/03\/crees-logo-1.jpg","width":244,"height":71,"caption":"CREES | Centro Regional de Estrategias Econ\u00f3micas Sostenibles"},"image":{"@id":"https:\/\/crees.org.do\/#\/schema\/logo\/image\/"},"sameAs":["https:\/\/www.facebook.com\/CREESRD\/","https:\/\/x.com\/CREESRD"]},{"@type":"Person","@id":"https:\/\/crees.org.do\/#\/schema\/person\/e7f97cd94d7bf9cd0e0ce30acb7d56b8","name":"Crees","image":{"@type":"ImageObject","inLanguage":"es","@id":"https:\/\/crees.org.do\/#\/schema\/person\/image\/","url":"https:\/\/secure.gravatar.com\/avatar\/390ac8f0be5d9aa046152553e2dd7011b59a512d89c150f5e5f28bb8d9a0b165?s=96&d=mm&r=g","contentUrl":"https:\/\/secure.gravatar.com\/avatar\/390ac8f0be5d9aa046152553e2dd7011b59a512d89c150f5e5f28bb8d9a0b165?s=96&d=mm&r=g","caption":"Crees"},"url":"https:\/\/crees.org.do\/?author=2"}]}},"_links":{"self":[{"href":"https:\/\/crees.org.do\/index.php?rest_route=\/wp\/v2\/posts\/29168","targetHints":{"allow":["GET"]}}],"collection":[{"href":"https:\/\/crees.org.do\/index.php?rest_route=\/wp\/v2\/posts"}],"about":[{"href":"https:\/\/crees.org.do\/index.php?rest_route=\/wp\/v2\/types\/post"}],"author":[{"embeddable":true,"href":"https:\/\/crees.org.do\/index.php?rest_route=\/wp\/v2\/users\/2"}],"replies":[{"embeddable":true,"href":"https:\/\/crees.org.do\/index.php?rest_route=%2Fwp%2Fv2%2Fcomments&post=29168"}],"version-history":[{"count":1,"href":"https:\/\/crees.org.do\/index.php?rest_route=\/wp\/v2\/posts\/29168\/revisions"}],"predecessor-version":[{"id":29170,"href":"https:\/\/crees.org.do\/index.php?rest_route=\/wp\/v2\/posts\/29168\/revisions\/29170"}],"wp:featuredmedia":[{"embeddable":true,"href":"https:\/\/crees.org.do\/index.php?rest_route=\/wp\/v2\/media\/29169"}],"wp:attachment":[{"href":"https:\/\/crees.org.do\/index.php?rest_route=%2Fwp%2Fv2%2Fmedia&parent=29168"}],"wp:term":[{"taxonomy":"category","embeddable":true,"href":"https:\/\/crees.org.do\/index.php?rest_route=%2Fwp%2Fv2%2Fcategories&post=29168"},{"taxonomy":"post_tag","embeddable":true,"href":"https:\/\/crees.org.do\/index.php?rest_route=%2Fwp%2Fv2%2Ftags&post=29168"}],"curies":[{"name":"wp","href":"https:\/\/api.w.org\/{rel}","templated":true}]}}