{"id":29191,"date":"2026-01-15T00:00:03","date_gmt":"2026-01-15T00:00:03","guid":{"rendered":"https:\/\/crees.org.do\/?p=29191"},"modified":"2026-01-14T20:41:45","modified_gmt":"2026-01-14T20:41:45","slug":"informalidad-salvacion-del-dominicano-emprendedor-y-fracaso-de-las-instituciones","status":"publish","type":"post","link":"https:\/\/crees.org.do\/?p=29191","title":{"rendered":"Informalidad: salvaci\u00f3n del dominicano emprendedor y fracaso de las instituciones"},"content":{"rendered":"<p style=\"text-align: justify;\">Autor: Miguel Collado Di Franco<\/p>\n<p style=\"text-align: justify;\">Fecha: 15 de enero de 2025<\/p>\n<h2 style=\"text-align: justify;\">Informalidad: salvaci\u00f3n del dominicano emprendedor y fracaso de las instituciones<\/h2>\n<p style=\"text-align: justify;\">La informalidad es un fen\u00f3meno universal, que afecta a unos pa\u00edses m\u00e1s que a otros. En sentido general, existe informalidad como reflejo de que el costo de la legalidad es muy alto. Las reglas de juego prevalecientes en el caso de Rep\u00fablica Dominicana impulsan a los ciudadanos a operar fuera del \u00e1mbito legal. El dominicano es muy emprendedor y resiliente. En consecuencia, no debe sorprender que, ante la incapacidad de las instituciones formales para generar un entorno favorable a las actividades econ\u00f3micas \u2014con pocas trabas y bajos costos\u2014, la informalidad laboral alcance el 54.6% seg\u00fan datos de la Encuesta Nacional Continua de Fuerza de Trabajo (ENCFT). En t\u00e9rminos m\u00e1s generales, nuestras estimaciones sit\u00faan la informalidad en la econom\u00eda en torno al 60%.<\/p>\n<p style=\"text-align: justify;\">De acuerdo con los datos de la ENCFT, en el \u00faltimo a\u00f1o el n\u00famero de empleados formales aument\u00f3 en 103,203 personas. Nos referimos a empleados, no a ocupados en la econom\u00eda. El punto a resaltar es que de esos asalariados formales, 64,909 fueron nuevos empleados del Estado. Los restantes 38,294 encontraron trabajo en el sector privado. Lo anterior indica que el 62.8% de los empleados formales nuevos del \u00faltimo a\u00f1o fueron empleados por una entidad estatal. Esa cifra contribuy\u00f3 a que las cifras de informalidad o de desempleo no fueran m\u00e1s elevadas.<\/p>\n<p style=\"text-align: justify;\">La econom\u00eda formal presenta muchas dificultades. Est\u00e1 dise\u00f1ada para que la mayor\u00eda de los ocupados tengan que recurrir a la informalidad como una v\u00eda de salvaci\u00f3n para poder obtener ingresos.<\/p>\n<p style=\"text-align: justify;\">\u00bfQu\u00e9 dice la ciencia econ\u00f3mica sobre la informalidad y sus incentivos? Que los impuestos y las costosas regulaciones llevan a las empresas y a los empleados a la clandestinidad. Los costos de operar una empresa, incluyendo los laborales, y de pagar impuestos no son triviales. En consecuencia, influyen en las decisiones de las personas sobre si establecer una operaci\u00f3n formal o en la informalidad.<\/p>\n<p style=\"text-align: justify;\">La ciencia econ\u00f3mica nos ense\u00f1a que los impuestos inciden sobre los asalariados. Las empresas pagan los impuestos, pero sus menores ingresos recaen sobre todos los agentes econ\u00f3micos que participan en sus procesos de producci\u00f3n. Por lo general, los empleados son los m\u00e1s perjudicados cuando las empresas deben reducir la contrataci\u00f3n de m\u00e1s personal o de invertir. Las inversiones en forma de maquinarias, herramientas, y hasta de activos intangibles que ayudan a los asalariados a ser m\u00e1s productivos, se vuelven m\u00e1s escasos y, por v\u00eda de consecuencia, se reducen las oportunidades de mayores remuneraciones y de contrataci\u00f3n de un mayor n\u00famero de asalariados.<\/p>\n<p style=\"text-align: justify;\">Los costos laborales no salariales tambi\u00e9n inciden sobre las posibilidades de las empresas de poder ofrecer salarios m\u00e1s altos para una cantidad superior de empleados en condiciones de formalidad. Este es un principio general y ha sido analizado en diferentes pa\u00edses: aumentos en los costos laborales no salariales, y en otros costos, como impuestos a los empleados, tienden a reducir las contrataciones dentro de la formalidad. El estudio <em>Reducing the Costs and Enhancing the Benefits of Formality<\/em>, publicado por el Banco Mundial, ofrece evidencias sobre la literatura econ\u00f3mica al respecto.<\/p>\n<p style=\"text-align: justify;\">Sin ganancias generales de productividad y tras un a\u00f1o de pobre desempe\u00f1o econ\u00f3mico, en febrero se producir\u00e1 un incremento salarial por ley que tendr\u00e1 un efecto, en el margen, sobre las decisiones de contrataciones formales. En adici\u00f3n, sin una reforma que simplifique el sistema tributario, en mayo deber\u00e1 empezar la tercera etapa de la factura electr\u00f3nica, impactando a las empresas m\u00e1s peque\u00f1as. Con un sistema tributario oneroso y complejo no debe esperarse un impacto relevante de esta medida sobre la informalidad. Por \u00faltimo, si se aprueba una reforma laboral sin reducir los costos laborales no salariales, en particular la cesant\u00eda, permanecer\u00e1n incentivos para que un n\u00famero importante de trabajadores y emprendedores contin\u00faen realizando contrataciones en la informalidad.<\/p>\n<p style=\"text-align: justify;\">A partir de trabajos como los de Deirdre McCloesky, o del Nobel de Econom\u00eda de 2025, Joel Mokyr, se comprende c\u00f3mo la cultura que moldea a las instituciones y a la sociedad permiten que la ciencia y la tecnolog\u00eda se vuelvan parte de la creaci\u00f3n de valor en una econom\u00eda.<\/p>\n<p style=\"text-align: justify;\">En esta semana las autoridades dieron a conocer sus proyectos estrat\u00e9gicos para 2026. Sorprendi\u00f3 a m\u00e1s de uno que la estrategia de empleo formal est\u00e9 basada en formaci\u00f3n t\u00e9cnica. Las ense\u00f1anzas del mismo Mokyr debieron haber hecho reflexionar sobre la necesidad del cambio en las condiciones del clima de negocios si se desea que esa formaci\u00f3n, pagada con dinero de los ciudadanos, sea aprovechada, no ya en la formalidad, sino en la propia econom\u00eda. Se pueden introducir <em>inputs<\/em> en un proceso, pero si las condiciones no son favorables, no se obtendr\u00e1n resultados de valor.<\/p>\n<p style=\"text-align: justify;\">En resumen, los ciudadanos de Rep\u00fablica Dominicana merecen mayor libertad para realizar actividades productivas que les permitan generar empleos y obtener un salario, dentro de la formalidad. Lograrlo, pensar de esa forma estrat\u00e9gica, implicar\u00eda menos regulaciones, empezando por las impositivas, las laborales y extendiendo las transformaciones hacia las sectoriales.<\/p>\n<div class=\"pvc_clear\"><\/div>\n<p class=\"pvc_stats all \" data-element-id=\"29191\" style=\"\"><i class=\"pvc-stats-icon medium\" aria-hidden=\"true\"><svg aria-hidden=\"true\" focusable=\"false\" data-prefix=\"far\" data-icon=\"chart-bar\" role=\"img\" xmlns=\"http:\/\/www.w3.org\/2000\/svg\" viewBox=\"0 0 512 512\" class=\"svg-inline--fa fa-chart-bar fa-w-16 fa-2x\"><path fill=\"currentColor\" d=\"M396.8 352h22.4c6.4 0 12.8-6.4 12.8-12.8V108.8c0-6.4-6.4-12.8-12.8-12.8h-22.4c-6.4 0-12.8 6.4-12.8 12.8v230.4c0 6.4 6.4 12.8 12.8 12.8zm-192 0h22.4c6.4 0 12.8-6.4 12.8-12.8V140.8c0-6.4-6.4-12.8-12.8-12.8h-22.4c-6.4 0-12.8 6.4-12.8 12.8v198.4c0 6.4 6.4 12.8 12.8 12.8zm96 0h22.4c6.4 0 12.8-6.4 12.8-12.8V204.8c0-6.4-6.4-12.8-12.8-12.8h-22.4c-6.4 0-12.8 6.4-12.8 12.8v134.4c0 6.4 6.4 12.8 12.8 12.8zM496 400H48V80c0-8.84-7.16-16-16-16H16C7.16 64 0 71.16 0 80v336c0 17.67 14.33 32 32 32h464c8.84 0 16-7.16 16-16v-16c0-8.84-7.16-16-16-16zm-387.2-48h22.4c6.4 0 12.8-6.4 12.8-12.8v-70.4c0-6.4-6.4-12.8-12.8-12.8h-22.4c-6.4 0-12.8 6.4-12.8 12.8v70.4c0 6.4 6.4 12.8 12.8 12.8z\" class=\"\"><\/path><\/svg><\/i> Vistas Totales&nbsp;1,123&nbsp;, Vistas Hoy&nbsp;2&nbsp;<\/p>\n<div class=\"pvc_clear\"><\/div>\n","protected":false},"excerpt":{"rendered":"<p>Autor: Miguel Collado Di Franco Fecha: 15 de enero de 2025 Informalidad: salvaci\u00f3n del dominicano emprendedor y fracaso de las instituciones La informalidad es un fen\u00f3meno universal, que afecta a unos pa\u00edses m\u00e1s que a otros. En sentido general, existe informalidad como reflejo de que el costo de la legalidad es muy alto. Las reglas&#8230;<\/p>\n<div class=\"pvc_clear\"><\/div>\n<p class=\"pvc_stats all \" data-element-id=\"29191\" style=\"\"><i class=\"pvc-stats-icon medium\" aria-hidden=\"true\"><svg aria-hidden=\"true\" focusable=\"false\" data-prefix=\"far\" data-icon=\"chart-bar\" role=\"img\" xmlns=\"http:\/\/www.w3.org\/2000\/svg\" viewBox=\"0 0 512 512\" class=\"svg-inline--fa fa-chart-bar fa-w-16 fa-2x\"><path fill=\"currentColor\" d=\"M396.8 352h22.4c6.4 0 12.8-6.4 12.8-12.8V108.8c0-6.4-6.4-12.8-12.8-12.8h-22.4c-6.4 0-12.8 6.4-12.8 12.8v230.4c0 6.4 6.4 12.8 12.8 12.8zm-192 0h22.4c6.4 0 12.8-6.4 12.8-12.8V140.8c0-6.4-6.4-12.8-12.8-12.8h-22.4c-6.4 0-12.8 6.4-12.8 12.8v198.4c0 6.4 6.4 12.8 12.8 12.8zm96 0h22.4c6.4 0 12.8-6.4 12.8-12.8V204.8c0-6.4-6.4-12.8-12.8-12.8h-22.4c-6.4 0-12.8 6.4-12.8 12.8v134.4c0 6.4 6.4 12.8 12.8 12.8zM496 400H48V80c0-8.84-7.16-16-16-16H16C7.16 64 0 71.16 0 80v336c0 17.67 14.33 32 32 32h464c8.84 0 16-7.16 16-16v-16c0-8.84-7.16-16-16-16zm-387.2-48h22.4c6.4 0 12.8-6.4 12.8-12.8v-70.4c0-6.4-6.4-12.8-12.8-12.8h-22.4c-6.4 0-12.8 6.4-12.8 12.8v70.4c0 6.4 6.4 12.8 12.8 12.8z\" class=\"\"><\/path><\/svg><\/i> Vistas Totales&nbsp;1,123&nbsp;, Vistas Hoy&nbsp;2&nbsp;<\/p>\n<div class=\"pvc_clear\"><\/div>\n","protected":false},"author":2,"featured_media":29192,"comment_status":"closed","ping_status":"closed","sticky":false,"template":"","format":"standard","meta":{"footnotes":""},"categories":[22],"tags":[],"class_list":["post-29191","post","type-post","status-publish","format-standard","has-post-thumbnail","hentry","category-articulos"],"yoast_head":"<!-- This site is optimized with the Yoast SEO plugin v25.2 - https:\/\/yoast.com\/wordpress\/plugins\/seo\/ -->\n<title>Informalidad: salvaci\u00f3n del dominicano emprendedor y fracaso de las instituciones | CREES<\/title>\n<meta name=\"robots\" content=\"index, follow, max-snippet:-1, max-image-preview:large, max-video-preview:-1\" \/>\n<link rel=\"canonical\" href=\"https:\/\/crees.org.do\/?p=29191\" \/>\n<meta property=\"og:locale\" content=\"es_ES\" \/>\n<meta property=\"og:type\" content=\"article\" \/>\n<meta property=\"og:title\" content=\"Informalidad: salvaci\u00f3n del dominicano emprendedor y fracaso de las instituciones | CREES\" \/>\n<meta property=\"og:description\" content=\"Autor: Miguel Collado Di Franco Fecha: 15 de enero de 2025 Informalidad: salvaci\u00f3n del dominicano emprendedor y fracaso de las instituciones La informalidad es un fen\u00f3meno universal, que afecta a unos pa\u00edses m\u00e1s que a otros. En sentido general, existe informalidad como reflejo de que el costo de la legalidad es muy alto. Las reglas...\" \/>\n<meta property=\"og:url\" content=\"https:\/\/crees.org.do\/?p=29191\" \/>\n<meta property=\"og:site_name\" content=\"CREES\" \/>\n<meta property=\"article:publisher\" content=\"https:\/\/www.facebook.com\/CREESRD\/\" \/>\n<meta property=\"article:published_time\" content=\"2026-01-15T00:00:03+00:00\" \/>\n<meta property=\"og:image\" content=\"https:\/\/crees.org.do\/wp-content\/uploads\/2026\/01\/Slide-1-copy-60-4-scaled.png\" \/>\n\t<meta property=\"og:image:width\" content=\"1200\" \/>\n\t<meta property=\"og:image:height\" content=\"1200\" \/>\n\t<meta property=\"og:image:type\" content=\"image\/png\" \/>\n<meta name=\"author\" content=\"Crees\" \/>\n<meta name=\"twitter:card\" content=\"summary_large_image\" \/>\n<meta name=\"twitter:creator\" content=\"@CREESRD\" \/>\n<meta name=\"twitter:site\" content=\"@CREESRD\" \/>\n<meta name=\"twitter:label1\" content=\"Escrito por\" \/>\n\t<meta name=\"twitter:data1\" content=\"Crees\" \/>\n\t<meta name=\"twitter:label2\" content=\"Tiempo de lectura\" \/>\n\t<meta name=\"twitter:data2\" content=\"4 minutos\" \/>\n<script type=\"application\/ld+json\" class=\"yoast-schema-graph\">{\"@context\":\"https:\/\/schema.org\",\"@graph\":[{\"@type\":\"Article\",\"@id\":\"https:\/\/crees.org.do\/?p=29191#article\",\"isPartOf\":{\"@id\":\"https:\/\/crees.org.do\/?p=29191\"},\"author\":{\"name\":\"Crees\",\"@id\":\"https:\/\/crees.org.do\/#\/schema\/person\/e7f97cd94d7bf9cd0e0ce30acb7d56b8\"},\"headline\":\"Informalidad: salvaci\u00f3n del dominicano emprendedor y fracaso de las instituciones\",\"datePublished\":\"2026-01-15T00:00:03+00:00\",\"mainEntityOfPage\":{\"@id\":\"https:\/\/crees.org.do\/?p=29191\"},\"wordCount\":898,\"publisher\":{\"@id\":\"https:\/\/crees.org.do\/#organization\"},\"image\":{\"@id\":\"https:\/\/crees.org.do\/?p=29191#primaryimage\"},\"thumbnailUrl\":\"https:\/\/crees.org.do\/wp-content\/uploads\/2026\/01\/Slide-1-copy-60-4-scaled.png\",\"articleSection\":[\"Art\u00edculos\"],\"inLanguage\":\"es\"},{\"@type\":\"WebPage\",\"@id\":\"https:\/\/crees.org.do\/?p=29191\",\"url\":\"https:\/\/crees.org.do\/?p=29191\",\"name\":\"Informalidad: salvaci\u00f3n del dominicano emprendedor y fracaso de las instituciones | CREES\",\"isPartOf\":{\"@id\":\"https:\/\/crees.org.do\/#website\"},\"primaryImageOfPage\":{\"@id\":\"https:\/\/crees.org.do\/?p=29191#primaryimage\"},\"image\":{\"@id\":\"https:\/\/crees.org.do\/?p=29191#primaryimage\"},\"thumbnailUrl\":\"https:\/\/crees.org.do\/wp-content\/uploads\/2026\/01\/Slide-1-copy-60-4-scaled.png\",\"datePublished\":\"2026-01-15T00:00:03+00:00\",\"breadcrumb\":{\"@id\":\"https:\/\/crees.org.do\/?p=29191#breadcrumb\"},\"inLanguage\":\"es\",\"potentialAction\":[{\"@type\":\"ReadAction\",\"target\":[\"https:\/\/crees.org.do\/?p=29191\"]}]},{\"@type\":\"ImageObject\",\"inLanguage\":\"es\",\"@id\":\"https:\/\/crees.org.do\/?p=29191#primaryimage\",\"url\":\"https:\/\/crees.org.do\/wp-content\/uploads\/2026\/01\/Slide-1-copy-60-4-scaled.png\",\"contentUrl\":\"https:\/\/crees.org.do\/wp-content\/uploads\/2026\/01\/Slide-1-copy-60-4-scaled.png\",\"width\":1200,\"height\":1200},{\"@type\":\"BreadcrumbList\",\"@id\":\"https:\/\/crees.org.do\/?p=29191#breadcrumb\",\"itemListElement\":[{\"@type\":\"ListItem\",\"position\":1,\"name\":\"Portada\",\"item\":\"https:\/\/crees.org.do\/\"},{\"@type\":\"ListItem\",\"position\":2,\"name\":\"Informalidad: salvaci\u00f3n del dominicano emprendedor y fracaso de las instituciones\"}]},{\"@type\":\"WebSite\",\"@id\":\"https:\/\/crees.org.do\/#website\",\"url\":\"https:\/\/crees.org.do\/\",\"name\":\"CREES\",\"description\":\"Centro Regional de Estrategias Econ\u00f3micas Sostenibles\",\"publisher\":{\"@id\":\"https:\/\/crees.org.do\/#organization\"},\"potentialAction\":[{\"@type\":\"SearchAction\",\"target\":{\"@type\":\"EntryPoint\",\"urlTemplate\":\"https:\/\/crees.org.do\/?s={search_term_string}\"},\"query-input\":{\"@type\":\"PropertyValueSpecification\",\"valueRequired\":true,\"valueName\":\"search_term_string\"}}],\"inLanguage\":\"es\"},{\"@type\":\"Organization\",\"@id\":\"https:\/\/crees.org.do\/#organization\",\"name\":\"CREES | Centro Regional de Estrategias Econ\u00f3micas Sostenibles\",\"url\":\"https:\/\/crees.org.do\/\",\"logo\":{\"@type\":\"ImageObject\",\"inLanguage\":\"es\",\"@id\":\"https:\/\/crees.org.do\/#\/schema\/logo\/image\/\",\"url\":\"https:\/\/crees.org.do\/wp-content\/uploads\/2022\/03\/crees-logo-1.jpg\",\"contentUrl\":\"https:\/\/crees.org.do\/wp-content\/uploads\/2022\/03\/crees-logo-1.jpg\",\"width\":244,\"height\":71,\"caption\":\"CREES | Centro Regional de Estrategias Econ\u00f3micas Sostenibles\"},\"image\":{\"@id\":\"https:\/\/crees.org.do\/#\/schema\/logo\/image\/\"},\"sameAs\":[\"https:\/\/www.facebook.com\/CREESRD\/\",\"https:\/\/x.com\/CREESRD\"]},{\"@type\":\"Person\",\"@id\":\"https:\/\/crees.org.do\/#\/schema\/person\/e7f97cd94d7bf9cd0e0ce30acb7d56b8\",\"name\":\"Crees\",\"image\":{\"@type\":\"ImageObject\",\"inLanguage\":\"es\",\"@id\":\"https:\/\/crees.org.do\/#\/schema\/person\/image\/\",\"url\":\"https:\/\/secure.gravatar.com\/avatar\/390ac8f0be5d9aa046152553e2dd7011b59a512d89c150f5e5f28bb8d9a0b165?s=96&d=mm&r=g\",\"contentUrl\":\"https:\/\/secure.gravatar.com\/avatar\/390ac8f0be5d9aa046152553e2dd7011b59a512d89c150f5e5f28bb8d9a0b165?s=96&d=mm&r=g\",\"caption\":\"Crees\"},\"url\":\"https:\/\/crees.org.do\/?author=2\"}]}<\/script>\n<!-- \/ Yoast SEO plugin. -->","yoast_head_json":{"title":"Informalidad: salvaci\u00f3n del dominicano emprendedor y fracaso de las instituciones | CREES","robots":{"index":"index","follow":"follow","max-snippet":"max-snippet:-1","max-image-preview":"max-image-preview:large","max-video-preview":"max-video-preview:-1"},"canonical":"https:\/\/crees.org.do\/?p=29191","og_locale":"es_ES","og_type":"article","og_title":"Informalidad: salvaci\u00f3n del dominicano emprendedor y fracaso de las instituciones | CREES","og_description":"Autor: Miguel Collado Di Franco Fecha: 15 de enero de 2025 Informalidad: salvaci\u00f3n del dominicano emprendedor y fracaso de las instituciones La informalidad es un fen\u00f3meno universal, que afecta a unos pa\u00edses m\u00e1s que a otros. En sentido general, existe informalidad como reflejo de que el costo de la legalidad es muy alto. Las reglas...","og_url":"https:\/\/crees.org.do\/?p=29191","og_site_name":"CREES","article_publisher":"https:\/\/www.facebook.com\/CREESRD\/","article_published_time":"2026-01-15T00:00:03+00:00","og_image":[{"width":1200,"height":1200,"url":"https:\/\/crees.org.do\/wp-content\/uploads\/2026\/01\/Slide-1-copy-60-4-scaled.png","type":"image\/png"}],"author":"Crees","twitter_card":"summary_large_image","twitter_creator":"@CREESRD","twitter_site":"@CREESRD","twitter_misc":{"Escrito por":"Crees","Tiempo de lectura":"4 minutos"},"schema":{"@context":"https:\/\/schema.org","@graph":[{"@type":"Article","@id":"https:\/\/crees.org.do\/?p=29191#article","isPartOf":{"@id":"https:\/\/crees.org.do\/?p=29191"},"author":{"name":"Crees","@id":"https:\/\/crees.org.do\/#\/schema\/person\/e7f97cd94d7bf9cd0e0ce30acb7d56b8"},"headline":"Informalidad: salvaci\u00f3n del dominicano emprendedor y fracaso de las instituciones","datePublished":"2026-01-15T00:00:03+00:00","mainEntityOfPage":{"@id":"https:\/\/crees.org.do\/?p=29191"},"wordCount":898,"publisher":{"@id":"https:\/\/crees.org.do\/#organization"},"image":{"@id":"https:\/\/crees.org.do\/?p=29191#primaryimage"},"thumbnailUrl":"https:\/\/crees.org.do\/wp-content\/uploads\/2026\/01\/Slide-1-copy-60-4-scaled.png","articleSection":["Art\u00edculos"],"inLanguage":"es"},{"@type":"WebPage","@id":"https:\/\/crees.org.do\/?p=29191","url":"https:\/\/crees.org.do\/?p=29191","name":"Informalidad: salvaci\u00f3n del dominicano emprendedor y fracaso de las instituciones | CREES","isPartOf":{"@id":"https:\/\/crees.org.do\/#website"},"primaryImageOfPage":{"@id":"https:\/\/crees.org.do\/?p=29191#primaryimage"},"image":{"@id":"https:\/\/crees.org.do\/?p=29191#primaryimage"},"thumbnailUrl":"https:\/\/crees.org.do\/wp-content\/uploads\/2026\/01\/Slide-1-copy-60-4-scaled.png","datePublished":"2026-01-15T00:00:03+00:00","breadcrumb":{"@id":"https:\/\/crees.org.do\/?p=29191#breadcrumb"},"inLanguage":"es","potentialAction":[{"@type":"ReadAction","target":["https:\/\/crees.org.do\/?p=29191"]}]},{"@type":"ImageObject","inLanguage":"es","@id":"https:\/\/crees.org.do\/?p=29191#primaryimage","url":"https:\/\/crees.org.do\/wp-content\/uploads\/2026\/01\/Slide-1-copy-60-4-scaled.png","contentUrl":"https:\/\/crees.org.do\/wp-content\/uploads\/2026\/01\/Slide-1-copy-60-4-scaled.png","width":1200,"height":1200},{"@type":"BreadcrumbList","@id":"https:\/\/crees.org.do\/?p=29191#breadcrumb","itemListElement":[{"@type":"ListItem","position":1,"name":"Portada","item":"https:\/\/crees.org.do\/"},{"@type":"ListItem","position":2,"name":"Informalidad: salvaci\u00f3n del dominicano emprendedor y fracaso de las instituciones"}]},{"@type":"WebSite","@id":"https:\/\/crees.org.do\/#website","url":"https:\/\/crees.org.do\/","name":"CREES","description":"Centro Regional de Estrategias Econ\u00f3micas Sostenibles","publisher":{"@id":"https:\/\/crees.org.do\/#organization"},"potentialAction":[{"@type":"SearchAction","target":{"@type":"EntryPoint","urlTemplate":"https:\/\/crees.org.do\/?s={search_term_string}"},"query-input":{"@type":"PropertyValueSpecification","valueRequired":true,"valueName":"search_term_string"}}],"inLanguage":"es"},{"@type":"Organization","@id":"https:\/\/crees.org.do\/#organization","name":"CREES | Centro Regional de Estrategias Econ\u00f3micas Sostenibles","url":"https:\/\/crees.org.do\/","logo":{"@type":"ImageObject","inLanguage":"es","@id":"https:\/\/crees.org.do\/#\/schema\/logo\/image\/","url":"https:\/\/crees.org.do\/wp-content\/uploads\/2022\/03\/crees-logo-1.jpg","contentUrl":"https:\/\/crees.org.do\/wp-content\/uploads\/2022\/03\/crees-logo-1.jpg","width":244,"height":71,"caption":"CREES | Centro Regional de Estrategias Econ\u00f3micas Sostenibles"},"image":{"@id":"https:\/\/crees.org.do\/#\/schema\/logo\/image\/"},"sameAs":["https:\/\/www.facebook.com\/CREESRD\/","https:\/\/x.com\/CREESRD"]},{"@type":"Person","@id":"https:\/\/crees.org.do\/#\/schema\/person\/e7f97cd94d7bf9cd0e0ce30acb7d56b8","name":"Crees","image":{"@type":"ImageObject","inLanguage":"es","@id":"https:\/\/crees.org.do\/#\/schema\/person\/image\/","url":"https:\/\/secure.gravatar.com\/avatar\/390ac8f0be5d9aa046152553e2dd7011b59a512d89c150f5e5f28bb8d9a0b165?s=96&d=mm&r=g","contentUrl":"https:\/\/secure.gravatar.com\/avatar\/390ac8f0be5d9aa046152553e2dd7011b59a512d89c150f5e5f28bb8d9a0b165?s=96&d=mm&r=g","caption":"Crees"},"url":"https:\/\/crees.org.do\/?author=2"}]}},"_links":{"self":[{"href":"https:\/\/crees.org.do\/index.php?rest_route=\/wp\/v2\/posts\/29191","targetHints":{"allow":["GET"]}}],"collection":[{"href":"https:\/\/crees.org.do\/index.php?rest_route=\/wp\/v2\/posts"}],"about":[{"href":"https:\/\/crees.org.do\/index.php?rest_route=\/wp\/v2\/types\/post"}],"author":[{"embeddable":true,"href":"https:\/\/crees.org.do\/index.php?rest_route=\/wp\/v2\/users\/2"}],"replies":[{"embeddable":true,"href":"https:\/\/crees.org.do\/index.php?rest_route=%2Fwp%2Fv2%2Fcomments&post=29191"}],"version-history":[{"count":1,"href":"https:\/\/crees.org.do\/index.php?rest_route=\/wp\/v2\/posts\/29191\/revisions"}],"predecessor-version":[{"id":29193,"href":"https:\/\/crees.org.do\/index.php?rest_route=\/wp\/v2\/posts\/29191\/revisions\/29193"}],"wp:featuredmedia":[{"embeddable":true,"href":"https:\/\/crees.org.do\/index.php?rest_route=\/wp\/v2\/media\/29192"}],"wp:attachment":[{"href":"https:\/\/crees.org.do\/index.php?rest_route=%2Fwp%2Fv2%2Fmedia&parent=29191"}],"wp:term":[{"taxonomy":"category","embeddable":true,"href":"https:\/\/crees.org.do\/index.php?rest_route=%2Fwp%2Fv2%2Fcategories&post=29191"},{"taxonomy":"post_tag","embeddable":true,"href":"https:\/\/crees.org.do\/index.php?rest_route=%2Fwp%2Fv2%2Ftags&post=29191"}],"curies":[{"name":"wp","href":"https:\/\/api.w.org\/{rel}","templated":true}]}}