{"id":29217,"date":"2026-01-22T18:17:49","date_gmt":"2026-01-22T18:17:49","guid":{"rendered":"https:\/\/crees.org.do\/?p=29217"},"modified":"2026-01-23T13:56:52","modified_gmt":"2026-01-23T13:56:52","slug":"reformas-estructurales-la-unica-forma-de-reducir-la-informalidad","status":"publish","type":"post","link":"https:\/\/crees.org.do\/?p=29217","title":{"rendered":"Reformas estructurales, la \u00fanica forma de reducir la informalidad"},"content":{"rendered":"<p style=\"text-align: justify;\">Autor: Miguel Collado Di Franco<\/p>\n<p style=\"text-align: justify;\">Fecha: 22 de enero de 2026<\/p>\n<h2 style=\"text-align: justify;\">Reformas estructurales, la \u00fanica forma de reducir la informalidad<\/h2>\n<p style=\"text-align: justify;\">En econom\u00eda, ser informal, operar al margen de la ley o permanecer en la clandestinidad, todo lo mismo, son decisiones que las personas toman por una raz\u00f3n. Hacer negocios y mantener relaciones laborales cumpliendo con las regulaciones impuestas desde el Estado resulta caro.<\/p>\n<p style=\"text-align: justify;\">Formularios de la DGII y 12 anticipos, reportes de la seguridad social, costos laborales no salariales que pueden llegar a representar el 54.5 por ciento del salario en el primer a\u00f1o son escollos que no son f\u00e1ciles de salvar. En adici\u00f3n, existen riesgos a cambios regulatorios e impositivos; altos costos de transporte, de electricidad. Por eso, en adici\u00f3n a los reg\u00edmenes especiales de tributaci\u00f3n, el trabajador y el emprendedor dominicano han buscado la informalidad como forma de poder &#8220;ganarse la vida&#8221;. Una manera de minimizar riesgos y reducir costos.<\/p>\n<p style=\"text-align: justify;\">Ahora bien, la informalidad no es un estado que deba ser la norma, como lo es en Rep\u00fablica Dominicana. Es posible llegar a esa conclusi\u00f3n solo con ver las estad\u00edsticas oficiales del mercado laboral. A lo que aspiramos es a reglas del juego sencillas y menos costosas que no hagan necesarios los reg\u00edmenes especiales y que no obliguen a un ej\u00e9rcito de ciudadanos a permanecer al margen de la ley.<\/p>\n<p style=\"text-align: justify;\">Si se quiere reducir la informalidad es preciso hacer las cosas correctamente; empezando por el dise\u00f1o de un nuevo c\u00f3digo tributario, como el que ha propuesto el CREES junto con el experto tributario Francisco Canahuate; una legislaci\u00f3n laboral nueva con reducci\u00f3n en costos laborales no salariales, con un seguro de cesant\u00eda, por ejemplo, como tambi\u00e9n hemos propuesto.<\/p>\n<p style=\"text-align: justify;\">Las anteriores ser\u00edan formas que abordar\u00edan los fundamentos, sin tomar atajos. Cuando se quieren obviar las soluciones que llevan al camino correcto, surge la creatividad para no afrontar cambios de ra\u00edz.<\/p>\n<p style=\"text-align: justify;\">Para empezar, establecer una empresa en Rep\u00fablica Dominicana deber\u00eda ser un tr\u00e1mite barato y r\u00e1pido. Una empresa deber\u00eda poder ser abierta en cuesti\u00f3n de horas y con una m\u00ednima presencia f\u00edsica. Existen ejemplos de mejores pr\u00e1cticas de este tipo en Singapur, Estonia o Nueva Zelanda. Sin embargo, debe quedar claro que esta no es una soluci\u00f3n a la informalidad. Se puede hacer el costo de incorporaci\u00f3n igual a cero, pero al momento del nuevo emprendedor formal tener que enfrentarse al entramado burocr\u00e1tico, se cae el incentivo a la formalizaci\u00f3n. En consecuencia, deber\u00eda ser una prioridad reducir tiempos y costos para abrir un negocio, pero un mejor proceso de este tipo no es la soluci\u00f3n a la informalidad.<\/p>\n<p style=\"text-align: justify;\">Crear un r\u00e9gimen para las empresas peque\u00f1as y simplificar la tributaci\u00f3n. Esta idea equivale a crear una cuota diferenciada para los miembros de un mismo club. Todos obtienen los beneficios -servicios p\u00fablicos-, pero unos son privilegiados en comparaci\u00f3n con los dem\u00e1s. En lugar de mejorar todo el sistema, como ya mencionamos antes, seguir\u00edan creciendo las distorsiones. Con una acci\u00f3n de este tipo, que parece muy popular, se introducen dos incentivos. Uno es al no crecimiento como empresa. Es lo que se conocer como &#8220;trampa de tama\u00f1o&#8221;; cuando se crea un desincentivo a crecer para no pagar m\u00e1s impuestos u otras obligaciones. \u00bfY los grandes, se quedar\u00e1n de brazos cruzados? Con el mecanismo se crea un nuevo incentivo. Tercerizar parte de negocios a unidades m\u00e1s peque\u00f1as para tener ahorros impositivos o de otro tipo.<\/p>\n<p style=\"text-align: justify;\">La formaci\u00f3n profesional se piensa como una v\u00eda de salida de la informalidad. Empleados m\u00e1s educados puede conducir a informales m\u00e1s instruidos, no necesariamente a emprendedores formales. La instrucci\u00f3n es \u00fatil, y por su propio inter\u00e9s de ser mejores, los emprendedores y empleados buscan la manera de avanzar en este sentido. Las ciencias aplicadas son una forma de innovar. Ahora, se necesitan las condiciones, las reglas de juego que favorezcan que esto suceda. Los pa\u00edses que pertenec\u00edan a la antigua Uni\u00f3n Sovi\u00e9tica ten\u00edan muchas personas bien capacitadas. En t\u00e9rminos de creaci\u00f3n de capital, avanzaron en ese aspecto. Pero en creaci\u00f3n de valor no eran eficientes, eran pa\u00edses en los cuales sus ciudadanos viv\u00edan con lo b\u00e1sico para poder cubrir sus necesidades.<\/p>\n<p style=\"text-align: justify;\">Con relaci\u00f3n a esto \u00faltimo, en el pa\u00eds existe una devoci\u00f3n por la educaci\u00f3n como la supuesta v\u00eda de desarrollo, ya no de formalizaci\u00f3n. Ponga a empleados bien instruidos en empresas que deben pagar un 27% de impuesto sobre la renta, y que ellos mismos, si crecen en la empresa, llegan a tener que pagar hasta un 25% de impuestos sobre sus salarios. Esos son desincentivos. En Rep\u00fablica Dominicana deber\u00edamos desarrollar una devoci\u00f3n por las reformas; entre ellas una educaci\u00f3n bajo control de los padres y estudiantes; que salga de \u00e1mbito pol\u00edtico. La devoci\u00f3n debe ser por crear una obsesi\u00f3n con crear instituciones que favorezcan la creaci\u00f3n de riqueza, sin privilegios, sin leyes o figuras especiales. De esa forma se crear\u00eda m\u00e1s riqueza dentro por la mente y manos de empleados y emprendedores formales.<\/p>\n<div class=\"pvc_clear\"><\/div>\n<p class=\"pvc_stats all \" data-element-id=\"29217\" style=\"\"><i class=\"pvc-stats-icon medium\" aria-hidden=\"true\"><svg aria-hidden=\"true\" focusable=\"false\" data-prefix=\"far\" data-icon=\"chart-bar\" role=\"img\" xmlns=\"http:\/\/www.w3.org\/2000\/svg\" viewBox=\"0 0 512 512\" class=\"svg-inline--fa fa-chart-bar fa-w-16 fa-2x\"><path fill=\"currentColor\" d=\"M396.8 352h22.4c6.4 0 12.8-6.4 12.8-12.8V108.8c0-6.4-6.4-12.8-12.8-12.8h-22.4c-6.4 0-12.8 6.4-12.8 12.8v230.4c0 6.4 6.4 12.8 12.8 12.8zm-192 0h22.4c6.4 0 12.8-6.4 12.8-12.8V140.8c0-6.4-6.4-12.8-12.8-12.8h-22.4c-6.4 0-12.8 6.4-12.8 12.8v198.4c0 6.4 6.4 12.8 12.8 12.8zm96 0h22.4c6.4 0 12.8-6.4 12.8-12.8V204.8c0-6.4-6.4-12.8-12.8-12.8h-22.4c-6.4 0-12.8 6.4-12.8 12.8v134.4c0 6.4 6.4 12.8 12.8 12.8zM496 400H48V80c0-8.84-7.16-16-16-16H16C7.16 64 0 71.16 0 80v336c0 17.67 14.33 32 32 32h464c8.84 0 16-7.16 16-16v-16c0-8.84-7.16-16-16-16zm-387.2-48h22.4c6.4 0 12.8-6.4 12.8-12.8v-70.4c0-6.4-6.4-12.8-12.8-12.8h-22.4c-6.4 0-12.8 6.4-12.8 12.8v70.4c0 6.4 6.4 12.8 12.8 12.8z\" class=\"\"><\/path><\/svg><\/i> Vistas Totales&nbsp;1,019&nbsp;, Vistas Hoy&nbsp;2&nbsp;<\/p>\n<div class=\"pvc_clear\"><\/div>\n","protected":false},"excerpt":{"rendered":"<p>Autor: Miguel Collado Di Franco Fecha: 22 de enero de 2026 Reformas estructurales, la \u00fanica forma de reducir la informalidad En econom\u00eda, ser informal, operar al margen de la ley o permanecer en la clandestinidad, todo lo mismo, son decisiones que las personas toman por una raz\u00f3n. Hacer negocios y mantener relaciones laborales cumpliendo con&#8230;<\/p>\n<div class=\"pvc_clear\"><\/div>\n<p class=\"pvc_stats all \" data-element-id=\"29217\" style=\"\"><i class=\"pvc-stats-icon medium\" aria-hidden=\"true\"><svg aria-hidden=\"true\" focusable=\"false\" data-prefix=\"far\" data-icon=\"chart-bar\" role=\"img\" xmlns=\"http:\/\/www.w3.org\/2000\/svg\" viewBox=\"0 0 512 512\" class=\"svg-inline--fa fa-chart-bar fa-w-16 fa-2x\"><path fill=\"currentColor\" d=\"M396.8 352h22.4c6.4 0 12.8-6.4 12.8-12.8V108.8c0-6.4-6.4-12.8-12.8-12.8h-22.4c-6.4 0-12.8 6.4-12.8 12.8v230.4c0 6.4 6.4 12.8 12.8 12.8zm-192 0h22.4c6.4 0 12.8-6.4 12.8-12.8V140.8c0-6.4-6.4-12.8-12.8-12.8h-22.4c-6.4 0-12.8 6.4-12.8 12.8v198.4c0 6.4 6.4 12.8 12.8 12.8zm96 0h22.4c6.4 0 12.8-6.4 12.8-12.8V204.8c0-6.4-6.4-12.8-12.8-12.8h-22.4c-6.4 0-12.8 6.4-12.8 12.8v134.4c0 6.4 6.4 12.8 12.8 12.8zM496 400H48V80c0-8.84-7.16-16-16-16H16C7.16 64 0 71.16 0 80v336c0 17.67 14.33 32 32 32h464c8.84 0 16-7.16 16-16v-16c0-8.84-7.16-16-16-16zm-387.2-48h22.4c6.4 0 12.8-6.4 12.8-12.8v-70.4c0-6.4-6.4-12.8-12.8-12.8h-22.4c-6.4 0-12.8 6.4-12.8 12.8v70.4c0 6.4 6.4 12.8 12.8 12.8z\" class=\"\"><\/path><\/svg><\/i> Vistas Totales&nbsp;1,019&nbsp;, Vistas Hoy&nbsp;2&nbsp;<\/p>\n<div class=\"pvc_clear\"><\/div>\n","protected":false},"author":2,"featured_media":29218,"comment_status":"closed","ping_status":"closed","sticky":false,"template":"","format":"standard","meta":{"footnotes":""},"categories":[22],"tags":[],"class_list":["post-29217","post","type-post","status-publish","format-standard","has-post-thumbnail","hentry","category-articulos"],"yoast_head":"<!-- This site is optimized with the Yoast SEO plugin v25.2 - https:\/\/yoast.com\/wordpress\/plugins\/seo\/ -->\n<title>Reformas estructurales, la \u00fanica forma de reducir la informalidad | CREES<\/title>\n<meta name=\"robots\" content=\"index, follow, max-snippet:-1, max-image-preview:large, max-video-preview:-1\" \/>\n<link rel=\"canonical\" href=\"https:\/\/crees.org.do\/?p=29217\" \/>\n<meta property=\"og:locale\" content=\"es_ES\" \/>\n<meta property=\"og:type\" content=\"article\" \/>\n<meta property=\"og:title\" content=\"Reformas estructurales, la \u00fanica forma de reducir la informalidad | CREES\" \/>\n<meta property=\"og:description\" content=\"Autor: Miguel Collado Di Franco Fecha: 22 de enero de 2026 Reformas estructurales, la \u00fanica forma de reducir la informalidad En econom\u00eda, ser informal, operar al margen de la ley o permanecer en la clandestinidad, todo lo mismo, son decisiones que las personas toman por una raz\u00f3n. Hacer negocios y mantener relaciones laborales cumpliendo con...\" \/>\n<meta property=\"og:url\" content=\"https:\/\/crees.org.do\/?p=29217\" \/>\n<meta property=\"og:site_name\" content=\"CREES\" \/>\n<meta property=\"article:publisher\" content=\"https:\/\/www.facebook.com\/CREESRD\/\" \/>\n<meta property=\"article:published_time\" content=\"2026-01-22T18:17:49+00:00\" \/>\n<meta property=\"article:modified_time\" content=\"2026-01-23T13:56:52+00:00\" \/>\n<meta property=\"og:image\" content=\"https:\/\/crees.org.do\/wp-content\/uploads\/2026\/01\/Slide-1-copy-60-6-scaled.png\" \/>\n\t<meta property=\"og:image:width\" content=\"1200\" \/>\n\t<meta property=\"og:image:height\" content=\"1200\" \/>\n\t<meta property=\"og:image:type\" content=\"image\/png\" \/>\n<meta name=\"author\" content=\"Crees\" \/>\n<meta name=\"twitter:card\" content=\"summary_large_image\" \/>\n<meta name=\"twitter:creator\" content=\"@CREESRD\" \/>\n<meta name=\"twitter:site\" content=\"@CREESRD\" \/>\n<meta name=\"twitter:label1\" content=\"Escrito por\" \/>\n\t<meta name=\"twitter:data1\" content=\"Crees\" \/>\n\t<meta name=\"twitter:label2\" content=\"Tiempo de lectura\" \/>\n\t<meta name=\"twitter:data2\" content=\"4 minutos\" \/>\n<script type=\"application\/ld+json\" class=\"yoast-schema-graph\">{\"@context\":\"https:\/\/schema.org\",\"@graph\":[{\"@type\":\"Article\",\"@id\":\"https:\/\/crees.org.do\/?p=29217#article\",\"isPartOf\":{\"@id\":\"https:\/\/crees.org.do\/?p=29217\"},\"author\":{\"name\":\"Crees\",\"@id\":\"https:\/\/crees.org.do\/#\/schema\/person\/e7f97cd94d7bf9cd0e0ce30acb7d56b8\"},\"headline\":\"Reformas estructurales, la \u00fanica forma de reducir la informalidad\",\"datePublished\":\"2026-01-22T18:17:49+00:00\",\"dateModified\":\"2026-01-23T13:56:52+00:00\",\"mainEntityOfPage\":{\"@id\":\"https:\/\/crees.org.do\/?p=29217\"},\"wordCount\":901,\"publisher\":{\"@id\":\"https:\/\/crees.org.do\/#organization\"},\"image\":{\"@id\":\"https:\/\/crees.org.do\/?p=29217#primaryimage\"},\"thumbnailUrl\":\"https:\/\/crees.org.do\/wp-content\/uploads\/2026\/01\/Slide-1-copy-60-6-scaled.png\",\"articleSection\":[\"Art\u00edculos\"],\"inLanguage\":\"es\"},{\"@type\":\"WebPage\",\"@id\":\"https:\/\/crees.org.do\/?p=29217\",\"url\":\"https:\/\/crees.org.do\/?p=29217\",\"name\":\"Reformas estructurales, la \u00fanica forma de reducir la informalidad | CREES\",\"isPartOf\":{\"@id\":\"https:\/\/crees.org.do\/#website\"},\"primaryImageOfPage\":{\"@id\":\"https:\/\/crees.org.do\/?p=29217#primaryimage\"},\"image\":{\"@id\":\"https:\/\/crees.org.do\/?p=29217#primaryimage\"},\"thumbnailUrl\":\"https:\/\/crees.org.do\/wp-content\/uploads\/2026\/01\/Slide-1-copy-60-6-scaled.png\",\"datePublished\":\"2026-01-22T18:17:49+00:00\",\"dateModified\":\"2026-01-23T13:56:52+00:00\",\"breadcrumb\":{\"@id\":\"https:\/\/crees.org.do\/?p=29217#breadcrumb\"},\"inLanguage\":\"es\",\"potentialAction\":[{\"@type\":\"ReadAction\",\"target\":[\"https:\/\/crees.org.do\/?p=29217\"]}]},{\"@type\":\"ImageObject\",\"inLanguage\":\"es\",\"@id\":\"https:\/\/crees.org.do\/?p=29217#primaryimage\",\"url\":\"https:\/\/crees.org.do\/wp-content\/uploads\/2026\/01\/Slide-1-copy-60-6-scaled.png\",\"contentUrl\":\"https:\/\/crees.org.do\/wp-content\/uploads\/2026\/01\/Slide-1-copy-60-6-scaled.png\",\"width\":1200,\"height\":1200},{\"@type\":\"BreadcrumbList\",\"@id\":\"https:\/\/crees.org.do\/?p=29217#breadcrumb\",\"itemListElement\":[{\"@type\":\"ListItem\",\"position\":1,\"name\":\"Portada\",\"item\":\"https:\/\/crees.org.do\/\"},{\"@type\":\"ListItem\",\"position\":2,\"name\":\"Reformas estructurales, la \u00fanica forma de reducir la informalidad\"}]},{\"@type\":\"WebSite\",\"@id\":\"https:\/\/crees.org.do\/#website\",\"url\":\"https:\/\/crees.org.do\/\",\"name\":\"CREES\",\"description\":\"Centro Regional de Estrategias Econ\u00f3micas Sostenibles\",\"publisher\":{\"@id\":\"https:\/\/crees.org.do\/#organization\"},\"potentialAction\":[{\"@type\":\"SearchAction\",\"target\":{\"@type\":\"EntryPoint\",\"urlTemplate\":\"https:\/\/crees.org.do\/?s={search_term_string}\"},\"query-input\":{\"@type\":\"PropertyValueSpecification\",\"valueRequired\":true,\"valueName\":\"search_term_string\"}}],\"inLanguage\":\"es\"},{\"@type\":\"Organization\",\"@id\":\"https:\/\/crees.org.do\/#organization\",\"name\":\"CREES | Centro Regional de Estrategias Econ\u00f3micas Sostenibles\",\"url\":\"https:\/\/crees.org.do\/\",\"logo\":{\"@type\":\"ImageObject\",\"inLanguage\":\"es\",\"@id\":\"https:\/\/crees.org.do\/#\/schema\/logo\/image\/\",\"url\":\"https:\/\/crees.org.do\/wp-content\/uploads\/2022\/03\/crees-logo-1.jpg\",\"contentUrl\":\"https:\/\/crees.org.do\/wp-content\/uploads\/2022\/03\/crees-logo-1.jpg\",\"width\":244,\"height\":71,\"caption\":\"CREES | Centro Regional de Estrategias Econ\u00f3micas Sostenibles\"},\"image\":{\"@id\":\"https:\/\/crees.org.do\/#\/schema\/logo\/image\/\"},\"sameAs\":[\"https:\/\/www.facebook.com\/CREESRD\/\",\"https:\/\/x.com\/CREESRD\"]},{\"@type\":\"Person\",\"@id\":\"https:\/\/crees.org.do\/#\/schema\/person\/e7f97cd94d7bf9cd0e0ce30acb7d56b8\",\"name\":\"Crees\",\"image\":{\"@type\":\"ImageObject\",\"inLanguage\":\"es\",\"@id\":\"https:\/\/crees.org.do\/#\/schema\/person\/image\/\",\"url\":\"https:\/\/secure.gravatar.com\/avatar\/390ac8f0be5d9aa046152553e2dd7011b59a512d89c150f5e5f28bb8d9a0b165?s=96&d=mm&r=g\",\"contentUrl\":\"https:\/\/secure.gravatar.com\/avatar\/390ac8f0be5d9aa046152553e2dd7011b59a512d89c150f5e5f28bb8d9a0b165?s=96&d=mm&r=g\",\"caption\":\"Crees\"},\"url\":\"https:\/\/crees.org.do\/?author=2\"}]}<\/script>\n<!-- \/ Yoast SEO plugin. -->","yoast_head_json":{"title":"Reformas estructurales, la \u00fanica forma de reducir la informalidad | CREES","robots":{"index":"index","follow":"follow","max-snippet":"max-snippet:-1","max-image-preview":"max-image-preview:large","max-video-preview":"max-video-preview:-1"},"canonical":"https:\/\/crees.org.do\/?p=29217","og_locale":"es_ES","og_type":"article","og_title":"Reformas estructurales, la \u00fanica forma de reducir la informalidad | CREES","og_description":"Autor: Miguel Collado Di Franco Fecha: 22 de enero de 2026 Reformas estructurales, la \u00fanica forma de reducir la informalidad En econom\u00eda, ser informal, operar al margen de la ley o permanecer en la clandestinidad, todo lo mismo, son decisiones que las personas toman por una raz\u00f3n. Hacer negocios y mantener relaciones laborales cumpliendo con...","og_url":"https:\/\/crees.org.do\/?p=29217","og_site_name":"CREES","article_publisher":"https:\/\/www.facebook.com\/CREESRD\/","article_published_time":"2026-01-22T18:17:49+00:00","article_modified_time":"2026-01-23T13:56:52+00:00","og_image":[{"width":1200,"height":1200,"url":"https:\/\/crees.org.do\/wp-content\/uploads\/2026\/01\/Slide-1-copy-60-6-scaled.png","type":"image\/png"}],"author":"Crees","twitter_card":"summary_large_image","twitter_creator":"@CREESRD","twitter_site":"@CREESRD","twitter_misc":{"Escrito por":"Crees","Tiempo de lectura":"4 minutos"},"schema":{"@context":"https:\/\/schema.org","@graph":[{"@type":"Article","@id":"https:\/\/crees.org.do\/?p=29217#article","isPartOf":{"@id":"https:\/\/crees.org.do\/?p=29217"},"author":{"name":"Crees","@id":"https:\/\/crees.org.do\/#\/schema\/person\/e7f97cd94d7bf9cd0e0ce30acb7d56b8"},"headline":"Reformas estructurales, la \u00fanica forma de reducir la informalidad","datePublished":"2026-01-22T18:17:49+00:00","dateModified":"2026-01-23T13:56:52+00:00","mainEntityOfPage":{"@id":"https:\/\/crees.org.do\/?p=29217"},"wordCount":901,"publisher":{"@id":"https:\/\/crees.org.do\/#organization"},"image":{"@id":"https:\/\/crees.org.do\/?p=29217#primaryimage"},"thumbnailUrl":"https:\/\/crees.org.do\/wp-content\/uploads\/2026\/01\/Slide-1-copy-60-6-scaled.png","articleSection":["Art\u00edculos"],"inLanguage":"es"},{"@type":"WebPage","@id":"https:\/\/crees.org.do\/?p=29217","url":"https:\/\/crees.org.do\/?p=29217","name":"Reformas estructurales, la \u00fanica forma de reducir la informalidad | CREES","isPartOf":{"@id":"https:\/\/crees.org.do\/#website"},"primaryImageOfPage":{"@id":"https:\/\/crees.org.do\/?p=29217#primaryimage"},"image":{"@id":"https:\/\/crees.org.do\/?p=29217#primaryimage"},"thumbnailUrl":"https:\/\/crees.org.do\/wp-content\/uploads\/2026\/01\/Slide-1-copy-60-6-scaled.png","datePublished":"2026-01-22T18:17:49+00:00","dateModified":"2026-01-23T13:56:52+00:00","breadcrumb":{"@id":"https:\/\/crees.org.do\/?p=29217#breadcrumb"},"inLanguage":"es","potentialAction":[{"@type":"ReadAction","target":["https:\/\/crees.org.do\/?p=29217"]}]},{"@type":"ImageObject","inLanguage":"es","@id":"https:\/\/crees.org.do\/?p=29217#primaryimage","url":"https:\/\/crees.org.do\/wp-content\/uploads\/2026\/01\/Slide-1-copy-60-6-scaled.png","contentUrl":"https:\/\/crees.org.do\/wp-content\/uploads\/2026\/01\/Slide-1-copy-60-6-scaled.png","width":1200,"height":1200},{"@type":"BreadcrumbList","@id":"https:\/\/crees.org.do\/?p=29217#breadcrumb","itemListElement":[{"@type":"ListItem","position":1,"name":"Portada","item":"https:\/\/crees.org.do\/"},{"@type":"ListItem","position":2,"name":"Reformas estructurales, la \u00fanica forma de reducir la informalidad"}]},{"@type":"WebSite","@id":"https:\/\/crees.org.do\/#website","url":"https:\/\/crees.org.do\/","name":"CREES","description":"Centro Regional de Estrategias Econ\u00f3micas Sostenibles","publisher":{"@id":"https:\/\/crees.org.do\/#organization"},"potentialAction":[{"@type":"SearchAction","target":{"@type":"EntryPoint","urlTemplate":"https:\/\/crees.org.do\/?s={search_term_string}"},"query-input":{"@type":"PropertyValueSpecification","valueRequired":true,"valueName":"search_term_string"}}],"inLanguage":"es"},{"@type":"Organization","@id":"https:\/\/crees.org.do\/#organization","name":"CREES | Centro Regional de Estrategias Econ\u00f3micas Sostenibles","url":"https:\/\/crees.org.do\/","logo":{"@type":"ImageObject","inLanguage":"es","@id":"https:\/\/crees.org.do\/#\/schema\/logo\/image\/","url":"https:\/\/crees.org.do\/wp-content\/uploads\/2022\/03\/crees-logo-1.jpg","contentUrl":"https:\/\/crees.org.do\/wp-content\/uploads\/2022\/03\/crees-logo-1.jpg","width":244,"height":71,"caption":"CREES | Centro Regional de Estrategias Econ\u00f3micas Sostenibles"},"image":{"@id":"https:\/\/crees.org.do\/#\/schema\/logo\/image\/"},"sameAs":["https:\/\/www.facebook.com\/CREESRD\/","https:\/\/x.com\/CREESRD"]},{"@type":"Person","@id":"https:\/\/crees.org.do\/#\/schema\/person\/e7f97cd94d7bf9cd0e0ce30acb7d56b8","name":"Crees","image":{"@type":"ImageObject","inLanguage":"es","@id":"https:\/\/crees.org.do\/#\/schema\/person\/image\/","url":"https:\/\/secure.gravatar.com\/avatar\/390ac8f0be5d9aa046152553e2dd7011b59a512d89c150f5e5f28bb8d9a0b165?s=96&d=mm&r=g","contentUrl":"https:\/\/secure.gravatar.com\/avatar\/390ac8f0be5d9aa046152553e2dd7011b59a512d89c150f5e5f28bb8d9a0b165?s=96&d=mm&r=g","caption":"Crees"},"url":"https:\/\/crees.org.do\/?author=2"}]}},"_links":{"self":[{"href":"https:\/\/crees.org.do\/index.php?rest_route=\/wp\/v2\/posts\/29217","targetHints":{"allow":["GET"]}}],"collection":[{"href":"https:\/\/crees.org.do\/index.php?rest_route=\/wp\/v2\/posts"}],"about":[{"href":"https:\/\/crees.org.do\/index.php?rest_route=\/wp\/v2\/types\/post"}],"author":[{"embeddable":true,"href":"https:\/\/crees.org.do\/index.php?rest_route=\/wp\/v2\/users\/2"}],"replies":[{"embeddable":true,"href":"https:\/\/crees.org.do\/index.php?rest_route=%2Fwp%2Fv2%2Fcomments&post=29217"}],"version-history":[{"count":2,"href":"https:\/\/crees.org.do\/index.php?rest_route=\/wp\/v2\/posts\/29217\/revisions"}],"predecessor-version":[{"id":29240,"href":"https:\/\/crees.org.do\/index.php?rest_route=\/wp\/v2\/posts\/29217\/revisions\/29240"}],"wp:featuredmedia":[{"embeddable":true,"href":"https:\/\/crees.org.do\/index.php?rest_route=\/wp\/v2\/media\/29218"}],"wp:attachment":[{"href":"https:\/\/crees.org.do\/index.php?rest_route=%2Fwp%2Fv2%2Fmedia&parent=29217"}],"wp:term":[{"taxonomy":"category","embeddable":true,"href":"https:\/\/crees.org.do\/index.php?rest_route=%2Fwp%2Fv2%2Fcategories&post=29217"},{"taxonomy":"post_tag","embeddable":true,"href":"https:\/\/crees.org.do\/index.php?rest_route=%2Fwp%2Fv2%2Ftags&post=29217"}],"curies":[{"name":"wp","href":"https:\/\/api.w.org\/{rel}","templated":true}]}}