{"id":29220,"date":"2026-01-22T18:21:39","date_gmt":"2026-01-22T18:21:39","guid":{"rendered":"https:\/\/crees.org.do\/?p=29220"},"modified":"2026-01-22T18:21:39","modified_gmt":"2026-01-22T18:21:39","slug":"reduccion-en-la-informalidad-laboral-pagada-por-el-contribuyente-dominicano","status":"publish","type":"post","link":"https:\/\/crees.org.do\/?p=29220","title":{"rendered":"Reducci\u00f3n en la informalidad laboral: pagada por el contribuyente dominicano"},"content":{"rendered":"<h2><img fetchpriority=\"high\" decoding=\"async\" class=\"aligncenter wp-image-29221\" src=\"https:\/\/crees.org.do\/wp-content\/uploads\/2026\/01\/Slide-1-copy-25-4-scaled.png\" alt=\"\" width=\"896\" height=\"896\" srcset=\"https:\/\/crees.org.do\/wp-content\/uploads\/2026\/01\/Slide-1-copy-25-4-scaled.png 1200w, https:\/\/crees.org.do\/wp-content\/uploads\/2026\/01\/Slide-1-copy-25-4-450x450.png 450w, https:\/\/crees.org.do\/wp-content\/uploads\/2026\/01\/Slide-1-copy-25-4-2000x2000.png 2000w, https:\/\/crees.org.do\/wp-content\/uploads\/2026\/01\/Slide-1-copy-25-4-150x150.png 150w, https:\/\/crees.org.do\/wp-content\/uploads\/2026\/01\/Slide-1-copy-25-4-768x768.png 768w, https:\/\/crees.org.do\/wp-content\/uploads\/2026\/01\/Slide-1-copy-25-4-500x500.png 500w, https:\/\/crees.org.do\/wp-content\/uploads\/2026\/01\/Slide-1-copy-25-4-1536x1536.png 1536w, https:\/\/crees.org.do\/wp-content\/uploads\/2026\/01\/Slide-1-copy-25-4-2048x2048.png 2048w\" sizes=\"(max-width: 896px) 100vw, 896px\" \/><\/h2>\n<h2 style=\"text-align: justify;\"><strong>Reducci\u00f3n en la informalidad laboral: pagada por el contribuyente dominicano<\/strong><\/h2>\n<p style=\"text-align: justify;\">Seg\u00fan la Encuesta Nacional Continua de Fuerza de Trabajo (ENCFT) del Banco Central de la Rep\u00fablica Dominicana, entre el tercer trimestre de 2024 y el tercer trimestre de 2025 el n\u00famero de empleados formales aument\u00f3 en 103,203 personas, equivalente a un incremento de un 4.9% interanual.<\/p>\n<p style=\"text-align: justify;\">A pesar de las medidas para limitar la contrataci\u00f3n de nuevos empleados p\u00fablicos anunciadas en septiembre de 2024, el empleo p\u00fablico sigue en aumento. Ese incremento est\u00e1 corroborado por registros administrativos y por la misma ENCFT. Los empleados por el Estado aumentaron en 64,909 personas, lo que explica el 62.9% del crecimiento total. Es decir, casi dos de cada tres nuevos empleos formales provinieron del sector p\u00fablico.<\/p>\n<p style=\"text-align: justify;\">El sector privado incorpor\u00f3 38,294 nuevos empleados formales, es decir, un crecimiento de 2.7%. Aunque sigue siendo el principal empleador del pa\u00eds, su aporte explica solo el 37.1% del crecimiento total del empleo formal en el per\u00edodo analizado.<\/p>\n<p style=\"text-align: justify;\">Seg\u00fan la ENCFT, al tercer trimestre de 2025, la ocupaci\u00f3n informal represent\u00f3 el 54.6% de la fuerza laboral, una reducci\u00f3n de 0.7 puntos porcentuales respecto al mismo per\u00edodo de 2024. No obstante, esta disminuci\u00f3n queda explicada, principalmente, por el empleo pagado con dinero de los contribuyentes. El clima de negocios de Rep\u00fablica Dominicana sigue exhibiendo muchas carencias para fomentar nuevas inversiones y empleos formales.<\/p>\n<p style=\"text-align: justify;\">La mejora en la informalidad no proviene de un mercado laboral m\u00e1s din\u00e1mico o competitivo, sino principalmente de un incremento en la n\u00f3mina p\u00fablica, un comportamiento que no puede garantizar una reducci\u00f3n sostenible de la informalidad a largo plazo.<\/p>\n<div class=\"pvc_clear\"><\/div>\n<p class=\"pvc_stats all \" data-element-id=\"29220\" style=\"\"><i class=\"pvc-stats-icon medium\" aria-hidden=\"true\"><svg aria-hidden=\"true\" focusable=\"false\" data-prefix=\"far\" data-icon=\"chart-bar\" role=\"img\" xmlns=\"http:\/\/www.w3.org\/2000\/svg\" viewBox=\"0 0 512 512\" class=\"svg-inline--fa fa-chart-bar fa-w-16 fa-2x\"><path fill=\"currentColor\" d=\"M396.8 352h22.4c6.4 0 12.8-6.4 12.8-12.8V108.8c0-6.4-6.4-12.8-12.8-12.8h-22.4c-6.4 0-12.8 6.4-12.8 12.8v230.4c0 6.4 6.4 12.8 12.8 12.8zm-192 0h22.4c6.4 0 12.8-6.4 12.8-12.8V140.8c0-6.4-6.4-12.8-12.8-12.8h-22.4c-6.4 0-12.8 6.4-12.8 12.8v198.4c0 6.4 6.4 12.8 12.8 12.8zm96 0h22.4c6.4 0 12.8-6.4 12.8-12.8V204.8c0-6.4-6.4-12.8-12.8-12.8h-22.4c-6.4 0-12.8 6.4-12.8 12.8v134.4c0 6.4 6.4 12.8 12.8 12.8zM496 400H48V80c0-8.84-7.16-16-16-16H16C7.16 64 0 71.16 0 80v336c0 17.67 14.33 32 32 32h464c8.84 0 16-7.16 16-16v-16c0-8.84-7.16-16-16-16zm-387.2-48h22.4c6.4 0 12.8-6.4 12.8-12.8v-70.4c0-6.4-6.4-12.8-12.8-12.8h-22.4c-6.4 0-12.8 6.4-12.8 12.8v70.4c0 6.4 6.4 12.8 12.8 12.8z\" class=\"\"><\/path><\/svg><\/i> Vistas Totales&nbsp;989&nbsp;, Vistas Hoy&nbsp;2&nbsp;<\/p>\n<div class=\"pvc_clear\"><\/div>\n","protected":false},"excerpt":{"rendered":"<p>Reducci\u00f3n en la informalidad laboral: pagada por el contribuyente dominicano Seg\u00fan la Encuesta Nacional Continua de Fuerza de Trabajo (ENCFT) del Banco Central de la Rep\u00fablica Dominicana, entre el tercer trimestre de 2024 y el tercer trimestre de 2025 el n\u00famero de empleados formales aument\u00f3 en 103,203 personas, equivalente a un incremento de un 4.9%&#8230;<\/p>\n<div class=\"pvc_clear\"><\/div>\n<p class=\"pvc_stats all \" data-element-id=\"29220\" style=\"\"><i class=\"pvc-stats-icon medium\" aria-hidden=\"true\"><svg aria-hidden=\"true\" focusable=\"false\" data-prefix=\"far\" data-icon=\"chart-bar\" role=\"img\" xmlns=\"http:\/\/www.w3.org\/2000\/svg\" viewBox=\"0 0 512 512\" class=\"svg-inline--fa fa-chart-bar fa-w-16 fa-2x\"><path fill=\"currentColor\" d=\"M396.8 352h22.4c6.4 0 12.8-6.4 12.8-12.8V108.8c0-6.4-6.4-12.8-12.8-12.8h-22.4c-6.4 0-12.8 6.4-12.8 12.8v230.4c0 6.4 6.4 12.8 12.8 12.8zm-192 0h22.4c6.4 0 12.8-6.4 12.8-12.8V140.8c0-6.4-6.4-12.8-12.8-12.8h-22.4c-6.4 0-12.8 6.4-12.8 12.8v198.4c0 6.4 6.4 12.8 12.8 12.8zm96 0h22.4c6.4 0 12.8-6.4 12.8-12.8V204.8c0-6.4-6.4-12.8-12.8-12.8h-22.4c-6.4 0-12.8 6.4-12.8 12.8v134.4c0 6.4 6.4 12.8 12.8 12.8zM496 400H48V80c0-8.84-7.16-16-16-16H16C7.16 64 0 71.16 0 80v336c0 17.67 14.33 32 32 32h464c8.84 0 16-7.16 16-16v-16c0-8.84-7.16-16-16-16zm-387.2-48h22.4c6.4 0 12.8-6.4 12.8-12.8v-70.4c0-6.4-6.4-12.8-12.8-12.8h-22.4c-6.4 0-12.8 6.4-12.8 12.8v70.4c0 6.4 6.4 12.8 12.8 12.8z\" class=\"\"><\/path><\/svg><\/i> Vistas Totales&nbsp;989&nbsp;, Vistas Hoy&nbsp;2&nbsp;<\/p>\n<div class=\"pvc_clear\"><\/div>\n","protected":false},"author":2,"featured_media":29221,"comment_status":"closed","ping_status":"closed","sticky":false,"template":"","format":"standard","meta":{"footnotes":""},"categories":[21],"tags":[],"class_list":["post-29220","post","type-post","status-publish","format-standard","has-post-thumbnail","hentry","category-blog"],"yoast_head":"<!-- This site is optimized with the Yoast SEO plugin v25.2 - https:\/\/yoast.com\/wordpress\/plugins\/seo\/ -->\n<title>Reducci\u00f3n en la informalidad laboral: pagada por el contribuyente dominicano | CREES<\/title>\n<meta name=\"robots\" content=\"index, follow, max-snippet:-1, max-image-preview:large, max-video-preview:-1\" \/>\n<link rel=\"canonical\" href=\"https:\/\/crees.org.do\/?p=29220\" \/>\n<meta property=\"og:locale\" content=\"es_ES\" \/>\n<meta property=\"og:type\" content=\"article\" \/>\n<meta property=\"og:title\" content=\"Reducci\u00f3n en la informalidad laboral: pagada por el contribuyente dominicano | CREES\" \/>\n<meta property=\"og:description\" content=\"Reducci\u00f3n en la informalidad laboral: pagada por el contribuyente dominicano Seg\u00fan la Encuesta Nacional Continua de Fuerza de Trabajo (ENCFT) del Banco Central de la Rep\u00fablica Dominicana, entre el tercer trimestre de 2024 y el tercer trimestre de 2025 el n\u00famero de empleados formales aument\u00f3 en 103,203 personas, equivalente a un incremento de un 4.9%...\" \/>\n<meta property=\"og:url\" content=\"https:\/\/crees.org.do\/?p=29220\" \/>\n<meta property=\"og:site_name\" content=\"CREES\" \/>\n<meta property=\"article:publisher\" content=\"https:\/\/www.facebook.com\/CREESRD\/\" \/>\n<meta property=\"article:published_time\" content=\"2026-01-22T18:21:39+00:00\" \/>\n<meta property=\"og:image\" content=\"https:\/\/crees.org.do\/wp-content\/uploads\/2026\/01\/Slide-1-copy-25-4-scaled.png\" \/>\n\t<meta property=\"og:image:width\" content=\"1200\" \/>\n\t<meta property=\"og:image:height\" content=\"1200\" \/>\n\t<meta property=\"og:image:type\" content=\"image\/png\" \/>\n<meta name=\"author\" content=\"Crees\" \/>\n<meta name=\"twitter:card\" content=\"summary_large_image\" \/>\n<meta name=\"twitter:creator\" content=\"@CREESRD\" \/>\n<meta name=\"twitter:site\" content=\"@CREESRD\" \/>\n<meta name=\"twitter:label1\" content=\"Escrito por\" \/>\n\t<meta name=\"twitter:data1\" content=\"Crees\" \/>\n\t<meta name=\"twitter:label2\" content=\"Tiempo de lectura\" \/>\n\t<meta name=\"twitter:data2\" content=\"1 minuto\" \/>\n<script type=\"application\/ld+json\" class=\"yoast-schema-graph\">{\"@context\":\"https:\/\/schema.org\",\"@graph\":[{\"@type\":\"Article\",\"@id\":\"https:\/\/crees.org.do\/?p=29220#article\",\"isPartOf\":{\"@id\":\"https:\/\/crees.org.do\/?p=29220\"},\"author\":{\"name\":\"Crees\",\"@id\":\"https:\/\/crees.org.do\/#\/schema\/person\/e7f97cd94d7bf9cd0e0ce30acb7d56b8\"},\"headline\":\"Reducci\u00f3n en la informalidad laboral: pagada por el contribuyente dominicano\",\"datePublished\":\"2026-01-22T18:21:39+00:00\",\"mainEntityOfPage\":{\"@id\":\"https:\/\/crees.org.do\/?p=29220\"},\"wordCount\":282,\"publisher\":{\"@id\":\"https:\/\/crees.org.do\/#organization\"},\"image\":{\"@id\":\"https:\/\/crees.org.do\/?p=29220#primaryimage\"},\"thumbnailUrl\":\"https:\/\/crees.org.do\/wp-content\/uploads\/2026\/01\/Slide-1-copy-25-4-scaled.png\",\"articleSection\":[\"Blog\"],\"inLanguage\":\"es\"},{\"@type\":\"WebPage\",\"@id\":\"https:\/\/crees.org.do\/?p=29220\",\"url\":\"https:\/\/crees.org.do\/?p=29220\",\"name\":\"Reducci\u00f3n en la informalidad laboral: pagada por el contribuyente dominicano | CREES\",\"isPartOf\":{\"@id\":\"https:\/\/crees.org.do\/#website\"},\"primaryImageOfPage\":{\"@id\":\"https:\/\/crees.org.do\/?p=29220#primaryimage\"},\"image\":{\"@id\":\"https:\/\/crees.org.do\/?p=29220#primaryimage\"},\"thumbnailUrl\":\"https:\/\/crees.org.do\/wp-content\/uploads\/2026\/01\/Slide-1-copy-25-4-scaled.png\",\"datePublished\":\"2026-01-22T18:21:39+00:00\",\"breadcrumb\":{\"@id\":\"https:\/\/crees.org.do\/?p=29220#breadcrumb\"},\"inLanguage\":\"es\",\"potentialAction\":[{\"@type\":\"ReadAction\",\"target\":[\"https:\/\/crees.org.do\/?p=29220\"]}]},{\"@type\":\"ImageObject\",\"inLanguage\":\"es\",\"@id\":\"https:\/\/crees.org.do\/?p=29220#primaryimage\",\"url\":\"https:\/\/crees.org.do\/wp-content\/uploads\/2026\/01\/Slide-1-copy-25-4-scaled.png\",\"contentUrl\":\"https:\/\/crees.org.do\/wp-content\/uploads\/2026\/01\/Slide-1-copy-25-4-scaled.png\",\"width\":1200,\"height\":1200},{\"@type\":\"BreadcrumbList\",\"@id\":\"https:\/\/crees.org.do\/?p=29220#breadcrumb\",\"itemListElement\":[{\"@type\":\"ListItem\",\"position\":1,\"name\":\"Portada\",\"item\":\"https:\/\/crees.org.do\/\"},{\"@type\":\"ListItem\",\"position\":2,\"name\":\"Reducci\u00f3n en la informalidad laboral: pagada por el contribuyente dominicano\"}]},{\"@type\":\"WebSite\",\"@id\":\"https:\/\/crees.org.do\/#website\",\"url\":\"https:\/\/crees.org.do\/\",\"name\":\"CREES\",\"description\":\"Centro Regional de Estrategias Econ\u00f3micas Sostenibles\",\"publisher\":{\"@id\":\"https:\/\/crees.org.do\/#organization\"},\"potentialAction\":[{\"@type\":\"SearchAction\",\"target\":{\"@type\":\"EntryPoint\",\"urlTemplate\":\"https:\/\/crees.org.do\/?s={search_term_string}\"},\"query-input\":{\"@type\":\"PropertyValueSpecification\",\"valueRequired\":true,\"valueName\":\"search_term_string\"}}],\"inLanguage\":\"es\"},{\"@type\":\"Organization\",\"@id\":\"https:\/\/crees.org.do\/#organization\",\"name\":\"CREES | Centro Regional de Estrategias Econ\u00f3micas Sostenibles\",\"url\":\"https:\/\/crees.org.do\/\",\"logo\":{\"@type\":\"ImageObject\",\"inLanguage\":\"es\",\"@id\":\"https:\/\/crees.org.do\/#\/schema\/logo\/image\/\",\"url\":\"https:\/\/crees.org.do\/wp-content\/uploads\/2022\/03\/crees-logo-1.jpg\",\"contentUrl\":\"https:\/\/crees.org.do\/wp-content\/uploads\/2022\/03\/crees-logo-1.jpg\",\"width\":244,\"height\":71,\"caption\":\"CREES | Centro Regional de Estrategias Econ\u00f3micas Sostenibles\"},\"image\":{\"@id\":\"https:\/\/crees.org.do\/#\/schema\/logo\/image\/\"},\"sameAs\":[\"https:\/\/www.facebook.com\/CREESRD\/\",\"https:\/\/x.com\/CREESRD\"]},{\"@type\":\"Person\",\"@id\":\"https:\/\/crees.org.do\/#\/schema\/person\/e7f97cd94d7bf9cd0e0ce30acb7d56b8\",\"name\":\"Crees\",\"image\":{\"@type\":\"ImageObject\",\"inLanguage\":\"es\",\"@id\":\"https:\/\/crees.org.do\/#\/schema\/person\/image\/\",\"url\":\"https:\/\/secure.gravatar.com\/avatar\/390ac8f0be5d9aa046152553e2dd7011b59a512d89c150f5e5f28bb8d9a0b165?s=96&d=mm&r=g\",\"contentUrl\":\"https:\/\/secure.gravatar.com\/avatar\/390ac8f0be5d9aa046152553e2dd7011b59a512d89c150f5e5f28bb8d9a0b165?s=96&d=mm&r=g\",\"caption\":\"Crees\"},\"url\":\"https:\/\/crees.org.do\/?author=2\"}]}<\/script>\n<!-- \/ Yoast SEO plugin. -->","yoast_head_json":{"title":"Reducci\u00f3n en la informalidad laboral: pagada por el contribuyente dominicano | CREES","robots":{"index":"index","follow":"follow","max-snippet":"max-snippet:-1","max-image-preview":"max-image-preview:large","max-video-preview":"max-video-preview:-1"},"canonical":"https:\/\/crees.org.do\/?p=29220","og_locale":"es_ES","og_type":"article","og_title":"Reducci\u00f3n en la informalidad laboral: pagada por el contribuyente dominicano | CREES","og_description":"Reducci\u00f3n en la informalidad laboral: pagada por el contribuyente dominicano Seg\u00fan la Encuesta Nacional Continua de Fuerza de Trabajo (ENCFT) del Banco Central de la Rep\u00fablica Dominicana, entre el tercer trimestre de 2024 y el tercer trimestre de 2025 el n\u00famero de empleados formales aument\u00f3 en 103,203 personas, equivalente a un incremento de un 4.9%...","og_url":"https:\/\/crees.org.do\/?p=29220","og_site_name":"CREES","article_publisher":"https:\/\/www.facebook.com\/CREESRD\/","article_published_time":"2026-01-22T18:21:39+00:00","og_image":[{"width":1200,"height":1200,"url":"https:\/\/crees.org.do\/wp-content\/uploads\/2026\/01\/Slide-1-copy-25-4-scaled.png","type":"image\/png"}],"author":"Crees","twitter_card":"summary_large_image","twitter_creator":"@CREESRD","twitter_site":"@CREESRD","twitter_misc":{"Escrito por":"Crees","Tiempo de lectura":"1 minuto"},"schema":{"@context":"https:\/\/schema.org","@graph":[{"@type":"Article","@id":"https:\/\/crees.org.do\/?p=29220#article","isPartOf":{"@id":"https:\/\/crees.org.do\/?p=29220"},"author":{"name":"Crees","@id":"https:\/\/crees.org.do\/#\/schema\/person\/e7f97cd94d7bf9cd0e0ce30acb7d56b8"},"headline":"Reducci\u00f3n en la informalidad laboral: pagada por el contribuyente dominicano","datePublished":"2026-01-22T18:21:39+00:00","mainEntityOfPage":{"@id":"https:\/\/crees.org.do\/?p=29220"},"wordCount":282,"publisher":{"@id":"https:\/\/crees.org.do\/#organization"},"image":{"@id":"https:\/\/crees.org.do\/?p=29220#primaryimage"},"thumbnailUrl":"https:\/\/crees.org.do\/wp-content\/uploads\/2026\/01\/Slide-1-copy-25-4-scaled.png","articleSection":["Blog"],"inLanguage":"es"},{"@type":"WebPage","@id":"https:\/\/crees.org.do\/?p=29220","url":"https:\/\/crees.org.do\/?p=29220","name":"Reducci\u00f3n en la informalidad laboral: pagada por el contribuyente dominicano | CREES","isPartOf":{"@id":"https:\/\/crees.org.do\/#website"},"primaryImageOfPage":{"@id":"https:\/\/crees.org.do\/?p=29220#primaryimage"},"image":{"@id":"https:\/\/crees.org.do\/?p=29220#primaryimage"},"thumbnailUrl":"https:\/\/crees.org.do\/wp-content\/uploads\/2026\/01\/Slide-1-copy-25-4-scaled.png","datePublished":"2026-01-22T18:21:39+00:00","breadcrumb":{"@id":"https:\/\/crees.org.do\/?p=29220#breadcrumb"},"inLanguage":"es","potentialAction":[{"@type":"ReadAction","target":["https:\/\/crees.org.do\/?p=29220"]}]},{"@type":"ImageObject","inLanguage":"es","@id":"https:\/\/crees.org.do\/?p=29220#primaryimage","url":"https:\/\/crees.org.do\/wp-content\/uploads\/2026\/01\/Slide-1-copy-25-4-scaled.png","contentUrl":"https:\/\/crees.org.do\/wp-content\/uploads\/2026\/01\/Slide-1-copy-25-4-scaled.png","width":1200,"height":1200},{"@type":"BreadcrumbList","@id":"https:\/\/crees.org.do\/?p=29220#breadcrumb","itemListElement":[{"@type":"ListItem","position":1,"name":"Portada","item":"https:\/\/crees.org.do\/"},{"@type":"ListItem","position":2,"name":"Reducci\u00f3n en la informalidad laboral: pagada por el contribuyente dominicano"}]},{"@type":"WebSite","@id":"https:\/\/crees.org.do\/#website","url":"https:\/\/crees.org.do\/","name":"CREES","description":"Centro Regional de Estrategias Econ\u00f3micas Sostenibles","publisher":{"@id":"https:\/\/crees.org.do\/#organization"},"potentialAction":[{"@type":"SearchAction","target":{"@type":"EntryPoint","urlTemplate":"https:\/\/crees.org.do\/?s={search_term_string}"},"query-input":{"@type":"PropertyValueSpecification","valueRequired":true,"valueName":"search_term_string"}}],"inLanguage":"es"},{"@type":"Organization","@id":"https:\/\/crees.org.do\/#organization","name":"CREES | Centro Regional de Estrategias Econ\u00f3micas Sostenibles","url":"https:\/\/crees.org.do\/","logo":{"@type":"ImageObject","inLanguage":"es","@id":"https:\/\/crees.org.do\/#\/schema\/logo\/image\/","url":"https:\/\/crees.org.do\/wp-content\/uploads\/2022\/03\/crees-logo-1.jpg","contentUrl":"https:\/\/crees.org.do\/wp-content\/uploads\/2022\/03\/crees-logo-1.jpg","width":244,"height":71,"caption":"CREES | Centro Regional de Estrategias Econ\u00f3micas Sostenibles"},"image":{"@id":"https:\/\/crees.org.do\/#\/schema\/logo\/image\/"},"sameAs":["https:\/\/www.facebook.com\/CREESRD\/","https:\/\/x.com\/CREESRD"]},{"@type":"Person","@id":"https:\/\/crees.org.do\/#\/schema\/person\/e7f97cd94d7bf9cd0e0ce30acb7d56b8","name":"Crees","image":{"@type":"ImageObject","inLanguage":"es","@id":"https:\/\/crees.org.do\/#\/schema\/person\/image\/","url":"https:\/\/secure.gravatar.com\/avatar\/390ac8f0be5d9aa046152553e2dd7011b59a512d89c150f5e5f28bb8d9a0b165?s=96&d=mm&r=g","contentUrl":"https:\/\/secure.gravatar.com\/avatar\/390ac8f0be5d9aa046152553e2dd7011b59a512d89c150f5e5f28bb8d9a0b165?s=96&d=mm&r=g","caption":"Crees"},"url":"https:\/\/crees.org.do\/?author=2"}]}},"_links":{"self":[{"href":"https:\/\/crees.org.do\/index.php?rest_route=\/wp\/v2\/posts\/29220","targetHints":{"allow":["GET"]}}],"collection":[{"href":"https:\/\/crees.org.do\/index.php?rest_route=\/wp\/v2\/posts"}],"about":[{"href":"https:\/\/crees.org.do\/index.php?rest_route=\/wp\/v2\/types\/post"}],"author":[{"embeddable":true,"href":"https:\/\/crees.org.do\/index.php?rest_route=\/wp\/v2\/users\/2"}],"replies":[{"embeddable":true,"href":"https:\/\/crees.org.do\/index.php?rest_route=%2Fwp%2Fv2%2Fcomments&post=29220"}],"version-history":[{"count":1,"href":"https:\/\/crees.org.do\/index.php?rest_route=\/wp\/v2\/posts\/29220\/revisions"}],"predecessor-version":[{"id":29222,"href":"https:\/\/crees.org.do\/index.php?rest_route=\/wp\/v2\/posts\/29220\/revisions\/29222"}],"wp:featuredmedia":[{"embeddable":true,"href":"https:\/\/crees.org.do\/index.php?rest_route=\/wp\/v2\/media\/29221"}],"wp:attachment":[{"href":"https:\/\/crees.org.do\/index.php?rest_route=%2Fwp%2Fv2%2Fmedia&parent=29220"}],"wp:term":[{"taxonomy":"category","embeddable":true,"href":"https:\/\/crees.org.do\/index.php?rest_route=%2Fwp%2Fv2%2Fcategories&post=29220"},{"taxonomy":"post_tag","embeddable":true,"href":"https:\/\/crees.org.do\/index.php?rest_route=%2Fwp%2Fv2%2Ftags&post=29220"}],"curies":[{"name":"wp","href":"https:\/\/api.w.org\/{rel}","templated":true}]}}