{"id":29227,"date":"2026-01-22T18:54:31","date_gmt":"2026-01-22T18:54:31","guid":{"rendered":"https:\/\/crees.org.do\/?p=29227"},"modified":"2026-01-23T14:06:08","modified_gmt":"2026-01-23T14:06:08","slug":"precios-en-la-cuerda-floja-que-anticipan-los-economistas-sobre-la-inflacion-en-2026","status":"publish","type":"post","link":"https:\/\/crees.org.do\/?p=29227","title":{"rendered":"Diversos factores podr\u00edan incidir en \u00edndice de precios"},"content":{"rendered":"<p style=\"text-align: justify;\">Autor: Eymi Silvestre<\/p>\n<p style=\"text-align: justify;\">Fecha: 22 de enero 2026<\/p>\n<p style=\"text-align: justify;\">Extra\u00eddo de: <a href=\"https:\/\/eldia.com.do\/precios-en-la-cuerda-floja-que-anticipan-los-economistas-sobre-la-inflacion-en-2026\/\">El D\u00eda<\/a><\/p>\n<h2 class=\"font-weight-normal font-ts\" style=\"text-align: justify;\">Diversos factores podr\u00edan incidir en \u00edndice de precios<\/h2>\n<p style=\"text-align: justify;\"><strong>Santo Domingo.- <\/strong>La<a href=\"https:\/\/eldia.com.do\/la-inflacion-en-america-latina-se-mantiene-a-la-baja-y-capea-el-temporal-arancelario\/\"> <strong>inflaci\u00f3n<\/strong> en Rep\u00fablica Dominicana <\/a>cerr\u00f3 el a\u00f1o 2025 en <strong>4.95% interanual,<\/strong> ubic\u00e1ndose en el l\u00edmite superior del rango meta del Banco Central (4% \u00b11%).<\/p>\n<p style=\"text-align: justify;\">Aunque existen <strong>expectativas de moderaci\u00f3n <\/strong>en algunos componentes del \u00edndice de precios, economistas consultados coinciden en que el <strong>comportamiento inflacionario durante el primer semestre de 2026 seguir\u00e1 condicionado por factores monetarios, cambiarios y externos,<\/strong> lo que obligar\u00e1 a las autoridades a mantener una pol\u00edtica econ\u00f3mica prudente.<\/p>\n<p style=\"text-align: justify;\">Para e<strong>l economista Juan del Rosario, <\/strong>la<strong> inflaci\u00f3n <\/strong>podr\u00eda mantenerse en un rango de 5% a 5.5%, debido a una combinaci\u00f3n de factores internos y externos que siguen ejerciendo presi\u00f3n al alza sobre los precios.<\/p>\n<div id=\"div-gpt-ad-1519409790919-2\" class=\"gpt-ad-slot d-flex align-items-center justify-content-center my-2\" style=\"text-align: justify;\" aria-label=\"div-gpt-ad-1519409790919-2\"><\/div>\n<p style=\"text-align: justify;\">Del Rosario identifica como principal elemento l<strong>a tendencia alcista del tipo de cambio<\/strong>, recordando que el propio Banco Central reconoci\u00f3 esta trayectoria en sus encuestas de expectativas, proyectando una cotizaci\u00f3n cercana a<strong> RD$66.67 <\/strong>por d\u00f3lar en septiembre de 2025.<\/p>\n<p style=\"text-align: justify;\">\u201cCuando el tipo de cambio muestra una tendencia ascendente, inevitablemente genera presiones inflacionarias en una econom\u00eda altamente dependiente de importaciones\u201d, sostiene del Rosario.<\/p>\n<p style=\"text-align: justify;\">Dijo que a esto se suma el<strong> aumento salarial previsto para febrero de 2026<\/strong>, que, aunque tendr\u00eda un impacto directo limitado sobre los precios, incrementar\u00e1 el poder adquisitivo de los trabajadores y podr\u00eda estimular la demanda interna, especialmente en un contexto de expansi\u00f3n monetaria registrada durante la segunda mitad de 2025.<\/p>\n<div id=\"div-gpt-ad-1519409790919-3\" class=\"gpt-ad-slot d-flex align-items-center justify-content-center my-2\" style=\"text-align: justify;\" aria-label=\"div-gpt-ad-1519409790919-3\"><\/div>\n<p style=\"text-align: justify;\">En el plano externo<strong>, Del Rosario<\/strong> advierte sobre una posible alza de los precios internacionales del petr\u00f3leo y un entorno internacional adverso que podr\u00eda afectar la entrada de divisas, particularmente por el turismo y el desempe\u00f1o del mercado laboral en Estados Unidos.<\/p>\n<p style=\"text-align: justify;\">Tambi\u00e9n se\u00f1ala que la<strong> incertidumbre geopol\u00edtica en la regi\u00f3n,<\/strong> con la situaci\u00f3n de Venezuela como punto de referencia, a\u00f1ade volatilidad a la econom\u00eda mundial y regional.<\/p>\n<p style=\"text-align: justify;\">Asimismo, reconoce que el<strong> aumento del precio del oro<\/strong> representa una oportunidad para generar divisas, pero lamenta que el pa\u00eds no logre capitalizarla plenamente debido a la falta de una pol\u00edtica minera clara y reglas estables, lo que convierte este contexto favorable en una oportunidad perdida para la econom\u00eda dominicana.<\/p>\n<p style=\"text-align: justify;\">Desde una perspectiva m\u00e1s estructural, el<strong> economista Miguel Collado Di Franco<\/strong> enfatiza que l<strong>a inflaci\u00f3n es fundamentalmente un fen\u00f3meno monetario<\/strong>, por lo que su evoluci\u00f3n depender\u00e1 de las decisiones que adopten las autoridades monetarias en los pr\u00f3ximos meses.<\/p>\n<p style=\"text-align: justify;\">Collado se\u00f1ala que la inflaci\u00f3n registrada en 2025 no puede explicarse \u00fanicamente por factores transitorios, como los fen\u00f3menos atmosf\u00e9ricos que afectaron algunos productos agropecuarios.<\/p>\n<p style=\"text-align: justify;\">De hecho, subraya que la inflaci\u00f3n subyacente (4.85%) se ubic\u00f3 muy cerca de la inflaci\u00f3n general (4.95%), lo que evidencia que el aumento de precios estuvo impulsado principalmente por el crecimiento de la oferta monetaria.<\/p>\n<p style=\"text-align: justify;\">A su juicio, el principal reto para 2026 ser\u00e1<strong> encontrar un equilibrio entre contener la inflaci\u00f3n y el tipo de cambio,<\/strong> y al mismo tiempo estimular un mayor crecimiento econ\u00f3mico, luego de varios a\u00f1os de pol\u00edticas monetarias altamente expansivas orientadas a impulsar el PIB.<\/p>\n<p style=\"text-align: justify;\">En ese contexto, no descarta que el Banco Central adopte inicialmente una postura m\u00e1s restrictiva y luego eval\u00fae un giro hacia medidas m\u00e1s agresivas, dependiendo de la evoluci\u00f3n de los precios y del crecimiento.<\/p>\n<p style=\"text-align: justify;\">Con una visi\u00f3n m\u00e1s optimista, el <strong>economista Henri Hebrard<\/strong> considera que existen condiciones para que la inflaci\u00f3n se mantenga dentro del rango meta del Banco Central, e incluso registre niveles ligeramente inferiores a los observados en 2025.<\/p>\n<p style=\"text-align: justify;\">Hebrard sostiene que, de cumplirse las proyecciones oficiales de<strong> una ca\u00edda significativa en los precios internacionales del petr\u00f3leo<\/strong>, estimados en el Presupuesto 2026 en torno a<strong> US$47 por barril,<\/strong> podr\u00edan observarse reducciones en los precios locales de los combustibles.<\/p>\n<p style=\"text-align: justify;\">A ello se sumar\u00eda la normalizaci\u00f3n de los precios de los alimentos frescos, que se vieron afectados por eventos clim\u00e1ticos en octubre de 2025.<\/p>\n<p style=\"text-align: justify;\">En ese escenario, el economista prev\u00e9 que hacia la mitad de 2026 la inflaci\u00f3n converja gradualmente hacia niveles m\u00e1s bajos, sin generar presiones adicionales sobre la pol\u00edtica monetaria.<\/p>\n<p style=\"text-align: justify;\">Para Haivanjoe Ng Cortinas, el punto de <strong>partida inflacionario de finales de 2025<\/strong>, con una inflaci\u00f3n general de 4.95%, una subyacente de 4.85% y una inflaci\u00f3n de alimentos de 8.19%, sugiere que la reducci\u00f3n de los precios ser\u00e1 gradual y limitada en el corto plazo.<\/p>\n<p style=\"text-align: justify;\">Ng Cortinas proyecta que durante los pr\u00f3ximos seis meses la inflaci\u00f3n general se ubicar\u00eda en un rango de 4.5% a 4.8% interanual, permaneciendo cerca del techo del rango meta.<\/p>\n<p style=\"text-align: justify;\">Explica que este comportamiento restringir\u00e1 el margen para una flexibilizaci\u00f3n monetaria m\u00e1s agresiva y obligar\u00e1 al Banco Central a mantener una postura cautelosa, con tasas reales moderadamente positivas.<\/p>\n<p style=\"text-align: justify;\">El economista tambi\u00e9n advierte que el aumento gradual de los <strong>precios del petr\u00f3leo<\/strong> podr\u00eda elevar la factura petrolera y presionar la balanza de pagos, aunque estima que una depreciaci\u00f3n cambiaria ordenada no tendr\u00eda un impacto significativo sobre los precios mientras las expectativas inflacionarias se mantengan bien ancladas.<\/p>\n<div class=\"pvc_clear\"><\/div>\n<p class=\"pvc_stats all \" data-element-id=\"29227\" style=\"\"><i class=\"pvc-stats-icon medium\" aria-hidden=\"true\"><svg aria-hidden=\"true\" focusable=\"false\" data-prefix=\"far\" data-icon=\"chart-bar\" role=\"img\" xmlns=\"http:\/\/www.w3.org\/2000\/svg\" viewBox=\"0 0 512 512\" class=\"svg-inline--fa fa-chart-bar fa-w-16 fa-2x\"><path fill=\"currentColor\" d=\"M396.8 352h22.4c6.4 0 12.8-6.4 12.8-12.8V108.8c0-6.4-6.4-12.8-12.8-12.8h-22.4c-6.4 0-12.8 6.4-12.8 12.8v230.4c0 6.4 6.4 12.8 12.8 12.8zm-192 0h22.4c6.4 0 12.8-6.4 12.8-12.8V140.8c0-6.4-6.4-12.8-12.8-12.8h-22.4c-6.4 0-12.8 6.4-12.8 12.8v198.4c0 6.4 6.4 12.8 12.8 12.8zm96 0h22.4c6.4 0 12.8-6.4 12.8-12.8V204.8c0-6.4-6.4-12.8-12.8-12.8h-22.4c-6.4 0-12.8 6.4-12.8 12.8v134.4c0 6.4 6.4 12.8 12.8 12.8zM496 400H48V80c0-8.84-7.16-16-16-16H16C7.16 64 0 71.16 0 80v336c0 17.67 14.33 32 32 32h464c8.84 0 16-7.16 16-16v-16c0-8.84-7.16-16-16-16zm-387.2-48h22.4c6.4 0 12.8-6.4 12.8-12.8v-70.4c0-6.4-6.4-12.8-12.8-12.8h-22.4c-6.4 0-12.8 6.4-12.8 12.8v70.4c0 6.4 6.4 12.8 12.8 12.8z\" class=\"\"><\/path><\/svg><\/i> Vistas Totales&nbsp;1,598&nbsp;, Vistas Hoy&nbsp;8&nbsp;<\/p>\n<div class=\"pvc_clear\"><\/div>\n","protected":false},"excerpt":{"rendered":"<p>Autor: Eymi Silvestre Fecha: 22 de enero 2026 Extra\u00eddo de: El D\u00eda Diversos factores podr\u00edan incidir en \u00edndice de precios Santo Domingo.- La inflaci\u00f3n en Rep\u00fablica Dominicana cerr\u00f3 el a\u00f1o 2025 en 4.95% interanual, ubic\u00e1ndose en el l\u00edmite superior del rango meta del Banco Central (4% \u00b11%). Aunque existen expectativas de moderaci\u00f3n en algunos componentes&#8230;<\/p>\n<div class=\"pvc_clear\"><\/div>\n<p class=\"pvc_stats all \" data-element-id=\"29227\" style=\"\"><i class=\"pvc-stats-icon medium\" aria-hidden=\"true\"><svg aria-hidden=\"true\" focusable=\"false\" data-prefix=\"far\" data-icon=\"chart-bar\" role=\"img\" xmlns=\"http:\/\/www.w3.org\/2000\/svg\" viewBox=\"0 0 512 512\" class=\"svg-inline--fa fa-chart-bar fa-w-16 fa-2x\"><path fill=\"currentColor\" d=\"M396.8 352h22.4c6.4 0 12.8-6.4 12.8-12.8V108.8c0-6.4-6.4-12.8-12.8-12.8h-22.4c-6.4 0-12.8 6.4-12.8 12.8v230.4c0 6.4 6.4 12.8 12.8 12.8zm-192 0h22.4c6.4 0 12.8-6.4 12.8-12.8V140.8c0-6.4-6.4-12.8-12.8-12.8h-22.4c-6.4 0-12.8 6.4-12.8 12.8v198.4c0 6.4 6.4 12.8 12.8 12.8zm96 0h22.4c6.4 0 12.8-6.4 12.8-12.8V204.8c0-6.4-6.4-12.8-12.8-12.8h-22.4c-6.4 0-12.8 6.4-12.8 12.8v134.4c0 6.4 6.4 12.8 12.8 12.8zM496 400H48V80c0-8.84-7.16-16-16-16H16C7.16 64 0 71.16 0 80v336c0 17.67 14.33 32 32 32h464c8.84 0 16-7.16 16-16v-16c0-8.84-7.16-16-16-16zm-387.2-48h22.4c6.4 0 12.8-6.4 12.8-12.8v-70.4c0-6.4-6.4-12.8-12.8-12.8h-22.4c-6.4 0-12.8 6.4-12.8 12.8v70.4c0 6.4 6.4 12.8 12.8 12.8z\" class=\"\"><\/path><\/svg><\/i> Vistas Totales&nbsp;1,598&nbsp;, Vistas Hoy&nbsp;8&nbsp;<\/p>\n<div class=\"pvc_clear\"><\/div>\n","protected":false},"author":2,"featured_media":29228,"comment_status":"closed","ping_status":"closed","sticky":false,"template":"","format":"standard","meta":{"footnotes":""},"categories":[19],"tags":[],"class_list":["post-29227","post","type-post","status-publish","format-standard","has-post-thumbnail","hentry","category-actualidad"],"yoast_head":"<!-- This site is optimized with the Yoast SEO plugin v25.2 - https:\/\/yoast.com\/wordpress\/plugins\/seo\/ -->\n<title>Diversos factores podr\u00edan incidir en \u00edndice de precios | CREES<\/title>\n<meta name=\"robots\" content=\"index, follow, max-snippet:-1, max-image-preview:large, max-video-preview:-1\" \/>\n<link rel=\"canonical\" href=\"https:\/\/crees.org.do\/?p=29227\" \/>\n<meta property=\"og:locale\" content=\"es_ES\" \/>\n<meta property=\"og:type\" content=\"article\" \/>\n<meta property=\"og:title\" content=\"Diversos factores podr\u00edan incidir en \u00edndice de precios | CREES\" \/>\n<meta property=\"og:description\" content=\"Autor: Eymi Silvestre Fecha: 22 de enero 2026 Extra\u00eddo de: El D\u00eda Diversos factores podr\u00edan incidir en \u00edndice de precios Santo Domingo.- La inflaci\u00f3n en Rep\u00fablica Dominicana cerr\u00f3 el a\u00f1o 2025 en 4.95% interanual, ubic\u00e1ndose en el l\u00edmite superior del rango meta del Banco Central (4% \u00b11%). Aunque existen expectativas de moderaci\u00f3n en algunos componentes...\" \/>\n<meta property=\"og:url\" content=\"https:\/\/crees.org.do\/?p=29227\" \/>\n<meta property=\"og:site_name\" content=\"CREES\" \/>\n<meta property=\"article:publisher\" content=\"https:\/\/www.facebook.com\/CREESRD\/\" \/>\n<meta property=\"article:published_time\" content=\"2026-01-22T18:54:31+00:00\" \/>\n<meta property=\"article:modified_time\" content=\"2026-01-23T14:06:08+00:00\" \/>\n<meta property=\"og:image\" content=\"https:\/\/crees.org.do\/wp-content\/uploads\/2026\/01\/ELDIA_0020686308-1.png\" \/>\n\t<meta property=\"og:image:width\" content=\"1000\" \/>\n\t<meta property=\"og:image:height\" content=\"600\" \/>\n\t<meta property=\"og:image:type\" content=\"image\/png\" \/>\n<meta name=\"author\" content=\"Crees\" \/>\n<meta name=\"twitter:card\" content=\"summary_large_image\" \/>\n<meta name=\"twitter:creator\" content=\"@CREESRD\" \/>\n<meta name=\"twitter:site\" content=\"@CREESRD\" \/>\n<meta name=\"twitter:label1\" content=\"Escrito por\" \/>\n\t<meta name=\"twitter:data1\" content=\"Crees\" \/>\n\t<meta name=\"twitter:label2\" content=\"Tiempo de lectura\" \/>\n\t<meta name=\"twitter:data2\" content=\"4 minutos\" \/>\n<script type=\"application\/ld+json\" class=\"yoast-schema-graph\">{\"@context\":\"https:\/\/schema.org\",\"@graph\":[{\"@type\":\"Article\",\"@id\":\"https:\/\/crees.org.do\/?p=29227#article\",\"isPartOf\":{\"@id\":\"https:\/\/crees.org.do\/?p=29227\"},\"author\":{\"name\":\"Crees\",\"@id\":\"https:\/\/crees.org.do\/#\/schema\/person\/e7f97cd94d7bf9cd0e0ce30acb7d56b8\"},\"headline\":\"Diversos factores podr\u00edan incidir en \u00edndice de precios\",\"datePublished\":\"2026-01-22T18:54:31+00:00\",\"dateModified\":\"2026-01-23T14:06:08+00:00\",\"mainEntityOfPage\":{\"@id\":\"https:\/\/crees.org.do\/?p=29227\"},\"wordCount\":873,\"publisher\":{\"@id\":\"https:\/\/crees.org.do\/#organization\"},\"image\":{\"@id\":\"https:\/\/crees.org.do\/?p=29227#primaryimage\"},\"thumbnailUrl\":\"https:\/\/crees.org.do\/wp-content\/uploads\/2026\/01\/ELDIA_0020686308-1.png\",\"articleSection\":[\"Actualidad\"],\"inLanguage\":\"es\"},{\"@type\":\"WebPage\",\"@id\":\"https:\/\/crees.org.do\/?p=29227\",\"url\":\"https:\/\/crees.org.do\/?p=29227\",\"name\":\"Diversos factores podr\u00edan incidir en \u00edndice de precios | CREES\",\"isPartOf\":{\"@id\":\"https:\/\/crees.org.do\/#website\"},\"primaryImageOfPage\":{\"@id\":\"https:\/\/crees.org.do\/?p=29227#primaryimage\"},\"image\":{\"@id\":\"https:\/\/crees.org.do\/?p=29227#primaryimage\"},\"thumbnailUrl\":\"https:\/\/crees.org.do\/wp-content\/uploads\/2026\/01\/ELDIA_0020686308-1.png\",\"datePublished\":\"2026-01-22T18:54:31+00:00\",\"dateModified\":\"2026-01-23T14:06:08+00:00\",\"breadcrumb\":{\"@id\":\"https:\/\/crees.org.do\/?p=29227#breadcrumb\"},\"inLanguage\":\"es\",\"potentialAction\":[{\"@type\":\"ReadAction\",\"target\":[\"https:\/\/crees.org.do\/?p=29227\"]}]},{\"@type\":\"ImageObject\",\"inLanguage\":\"es\",\"@id\":\"https:\/\/crees.org.do\/?p=29227#primaryimage\",\"url\":\"https:\/\/crees.org.do\/wp-content\/uploads\/2026\/01\/ELDIA_0020686308-1.png\",\"contentUrl\":\"https:\/\/crees.org.do\/wp-content\/uploads\/2026\/01\/ELDIA_0020686308-1.png\",\"width\":1000,\"height\":600},{\"@type\":\"BreadcrumbList\",\"@id\":\"https:\/\/crees.org.do\/?p=29227#breadcrumb\",\"itemListElement\":[{\"@type\":\"ListItem\",\"position\":1,\"name\":\"Portada\",\"item\":\"https:\/\/crees.org.do\/\"},{\"@type\":\"ListItem\",\"position\":2,\"name\":\"Diversos factores podr\u00edan incidir en \u00edndice de precios\"}]},{\"@type\":\"WebSite\",\"@id\":\"https:\/\/crees.org.do\/#website\",\"url\":\"https:\/\/crees.org.do\/\",\"name\":\"CREES\",\"description\":\"Centro Regional de Estrategias Econ\u00f3micas Sostenibles\",\"publisher\":{\"@id\":\"https:\/\/crees.org.do\/#organization\"},\"potentialAction\":[{\"@type\":\"SearchAction\",\"target\":{\"@type\":\"EntryPoint\",\"urlTemplate\":\"https:\/\/crees.org.do\/?s={search_term_string}\"},\"query-input\":{\"@type\":\"PropertyValueSpecification\",\"valueRequired\":true,\"valueName\":\"search_term_string\"}}],\"inLanguage\":\"es\"},{\"@type\":\"Organization\",\"@id\":\"https:\/\/crees.org.do\/#organization\",\"name\":\"CREES | Centro Regional de Estrategias Econ\u00f3micas Sostenibles\",\"url\":\"https:\/\/crees.org.do\/\",\"logo\":{\"@type\":\"ImageObject\",\"inLanguage\":\"es\",\"@id\":\"https:\/\/crees.org.do\/#\/schema\/logo\/image\/\",\"url\":\"https:\/\/crees.org.do\/wp-content\/uploads\/2022\/03\/crees-logo-1.jpg\",\"contentUrl\":\"https:\/\/crees.org.do\/wp-content\/uploads\/2022\/03\/crees-logo-1.jpg\",\"width\":244,\"height\":71,\"caption\":\"CREES | Centro Regional de Estrategias Econ\u00f3micas Sostenibles\"},\"image\":{\"@id\":\"https:\/\/crees.org.do\/#\/schema\/logo\/image\/\"},\"sameAs\":[\"https:\/\/www.facebook.com\/CREESRD\/\",\"https:\/\/x.com\/CREESRD\"]},{\"@type\":\"Person\",\"@id\":\"https:\/\/crees.org.do\/#\/schema\/person\/e7f97cd94d7bf9cd0e0ce30acb7d56b8\",\"name\":\"Crees\",\"image\":{\"@type\":\"ImageObject\",\"inLanguage\":\"es\",\"@id\":\"https:\/\/crees.org.do\/#\/schema\/person\/image\/\",\"url\":\"https:\/\/secure.gravatar.com\/avatar\/390ac8f0be5d9aa046152553e2dd7011b59a512d89c150f5e5f28bb8d9a0b165?s=96&d=mm&r=g\",\"contentUrl\":\"https:\/\/secure.gravatar.com\/avatar\/390ac8f0be5d9aa046152553e2dd7011b59a512d89c150f5e5f28bb8d9a0b165?s=96&d=mm&r=g\",\"caption\":\"Crees\"},\"url\":\"https:\/\/crees.org.do\/?author=2\"}]}<\/script>\n<!-- \/ Yoast SEO plugin. -->","yoast_head_json":{"title":"Diversos factores podr\u00edan incidir en \u00edndice de precios | CREES","robots":{"index":"index","follow":"follow","max-snippet":"max-snippet:-1","max-image-preview":"max-image-preview:large","max-video-preview":"max-video-preview:-1"},"canonical":"https:\/\/crees.org.do\/?p=29227","og_locale":"es_ES","og_type":"article","og_title":"Diversos factores podr\u00edan incidir en \u00edndice de precios | CREES","og_description":"Autor: Eymi Silvestre Fecha: 22 de enero 2026 Extra\u00eddo de: El D\u00eda Diversos factores podr\u00edan incidir en \u00edndice de precios Santo Domingo.- La inflaci\u00f3n en Rep\u00fablica Dominicana cerr\u00f3 el a\u00f1o 2025 en 4.95% interanual, ubic\u00e1ndose en el l\u00edmite superior del rango meta del Banco Central (4% \u00b11%). Aunque existen expectativas de moderaci\u00f3n en algunos componentes...","og_url":"https:\/\/crees.org.do\/?p=29227","og_site_name":"CREES","article_publisher":"https:\/\/www.facebook.com\/CREESRD\/","article_published_time":"2026-01-22T18:54:31+00:00","article_modified_time":"2026-01-23T14:06:08+00:00","og_image":[{"width":1000,"height":600,"url":"https:\/\/crees.org.do\/wp-content\/uploads\/2026\/01\/ELDIA_0020686308-1.png","type":"image\/png"}],"author":"Crees","twitter_card":"summary_large_image","twitter_creator":"@CREESRD","twitter_site":"@CREESRD","twitter_misc":{"Escrito por":"Crees","Tiempo de lectura":"4 minutos"},"schema":{"@context":"https:\/\/schema.org","@graph":[{"@type":"Article","@id":"https:\/\/crees.org.do\/?p=29227#article","isPartOf":{"@id":"https:\/\/crees.org.do\/?p=29227"},"author":{"name":"Crees","@id":"https:\/\/crees.org.do\/#\/schema\/person\/e7f97cd94d7bf9cd0e0ce30acb7d56b8"},"headline":"Diversos factores podr\u00edan incidir en \u00edndice de precios","datePublished":"2026-01-22T18:54:31+00:00","dateModified":"2026-01-23T14:06:08+00:00","mainEntityOfPage":{"@id":"https:\/\/crees.org.do\/?p=29227"},"wordCount":873,"publisher":{"@id":"https:\/\/crees.org.do\/#organization"},"image":{"@id":"https:\/\/crees.org.do\/?p=29227#primaryimage"},"thumbnailUrl":"https:\/\/crees.org.do\/wp-content\/uploads\/2026\/01\/ELDIA_0020686308-1.png","articleSection":["Actualidad"],"inLanguage":"es"},{"@type":"WebPage","@id":"https:\/\/crees.org.do\/?p=29227","url":"https:\/\/crees.org.do\/?p=29227","name":"Diversos factores podr\u00edan incidir en \u00edndice de precios | CREES","isPartOf":{"@id":"https:\/\/crees.org.do\/#website"},"primaryImageOfPage":{"@id":"https:\/\/crees.org.do\/?p=29227#primaryimage"},"image":{"@id":"https:\/\/crees.org.do\/?p=29227#primaryimage"},"thumbnailUrl":"https:\/\/crees.org.do\/wp-content\/uploads\/2026\/01\/ELDIA_0020686308-1.png","datePublished":"2026-01-22T18:54:31+00:00","dateModified":"2026-01-23T14:06:08+00:00","breadcrumb":{"@id":"https:\/\/crees.org.do\/?p=29227#breadcrumb"},"inLanguage":"es","potentialAction":[{"@type":"ReadAction","target":["https:\/\/crees.org.do\/?p=29227"]}]},{"@type":"ImageObject","inLanguage":"es","@id":"https:\/\/crees.org.do\/?p=29227#primaryimage","url":"https:\/\/crees.org.do\/wp-content\/uploads\/2026\/01\/ELDIA_0020686308-1.png","contentUrl":"https:\/\/crees.org.do\/wp-content\/uploads\/2026\/01\/ELDIA_0020686308-1.png","width":1000,"height":600},{"@type":"BreadcrumbList","@id":"https:\/\/crees.org.do\/?p=29227#breadcrumb","itemListElement":[{"@type":"ListItem","position":1,"name":"Portada","item":"https:\/\/crees.org.do\/"},{"@type":"ListItem","position":2,"name":"Diversos factores podr\u00edan incidir en \u00edndice de precios"}]},{"@type":"WebSite","@id":"https:\/\/crees.org.do\/#website","url":"https:\/\/crees.org.do\/","name":"CREES","description":"Centro Regional de Estrategias Econ\u00f3micas Sostenibles","publisher":{"@id":"https:\/\/crees.org.do\/#organization"},"potentialAction":[{"@type":"SearchAction","target":{"@type":"EntryPoint","urlTemplate":"https:\/\/crees.org.do\/?s={search_term_string}"},"query-input":{"@type":"PropertyValueSpecification","valueRequired":true,"valueName":"search_term_string"}}],"inLanguage":"es"},{"@type":"Organization","@id":"https:\/\/crees.org.do\/#organization","name":"CREES | Centro Regional de Estrategias Econ\u00f3micas Sostenibles","url":"https:\/\/crees.org.do\/","logo":{"@type":"ImageObject","inLanguage":"es","@id":"https:\/\/crees.org.do\/#\/schema\/logo\/image\/","url":"https:\/\/crees.org.do\/wp-content\/uploads\/2022\/03\/crees-logo-1.jpg","contentUrl":"https:\/\/crees.org.do\/wp-content\/uploads\/2022\/03\/crees-logo-1.jpg","width":244,"height":71,"caption":"CREES | Centro Regional de Estrategias Econ\u00f3micas Sostenibles"},"image":{"@id":"https:\/\/crees.org.do\/#\/schema\/logo\/image\/"},"sameAs":["https:\/\/www.facebook.com\/CREESRD\/","https:\/\/x.com\/CREESRD"]},{"@type":"Person","@id":"https:\/\/crees.org.do\/#\/schema\/person\/e7f97cd94d7bf9cd0e0ce30acb7d56b8","name":"Crees","image":{"@type":"ImageObject","inLanguage":"es","@id":"https:\/\/crees.org.do\/#\/schema\/person\/image\/","url":"https:\/\/secure.gravatar.com\/avatar\/390ac8f0be5d9aa046152553e2dd7011b59a512d89c150f5e5f28bb8d9a0b165?s=96&d=mm&r=g","contentUrl":"https:\/\/secure.gravatar.com\/avatar\/390ac8f0be5d9aa046152553e2dd7011b59a512d89c150f5e5f28bb8d9a0b165?s=96&d=mm&r=g","caption":"Crees"},"url":"https:\/\/crees.org.do\/?author=2"}]}},"_links":{"self":[{"href":"https:\/\/crees.org.do\/index.php?rest_route=\/wp\/v2\/posts\/29227","targetHints":{"allow":["GET"]}}],"collection":[{"href":"https:\/\/crees.org.do\/index.php?rest_route=\/wp\/v2\/posts"}],"about":[{"href":"https:\/\/crees.org.do\/index.php?rest_route=\/wp\/v2\/types\/post"}],"author":[{"embeddable":true,"href":"https:\/\/crees.org.do\/index.php?rest_route=\/wp\/v2\/users\/2"}],"replies":[{"embeddable":true,"href":"https:\/\/crees.org.do\/index.php?rest_route=%2Fwp%2Fv2%2Fcomments&post=29227"}],"version-history":[{"count":3,"href":"https:\/\/crees.org.do\/index.php?rest_route=\/wp\/v2\/posts\/29227\/revisions"}],"predecessor-version":[{"id":29242,"href":"https:\/\/crees.org.do\/index.php?rest_route=\/wp\/v2\/posts\/29227\/revisions\/29242"}],"wp:featuredmedia":[{"embeddable":true,"href":"https:\/\/crees.org.do\/index.php?rest_route=\/wp\/v2\/media\/29228"}],"wp:attachment":[{"href":"https:\/\/crees.org.do\/index.php?rest_route=%2Fwp%2Fv2%2Fmedia&parent=29227"}],"wp:term":[{"taxonomy":"category","embeddable":true,"href":"https:\/\/crees.org.do\/index.php?rest_route=%2Fwp%2Fv2%2Fcategories&post=29227"},{"taxonomy":"post_tag","embeddable":true,"href":"https:\/\/crees.org.do\/index.php?rest_route=%2Fwp%2Fv2%2Ftags&post=29227"}],"curies":[{"name":"wp","href":"https:\/\/api.w.org\/{rel}","templated":true}]}}