{"id":29230,"date":"2026-01-22T18:59:00","date_gmt":"2026-01-22T18:59:00","guid":{"rendered":"https:\/\/crees.org.do\/?p=29230"},"modified":"2026-01-22T18:59:00","modified_gmt":"2026-01-22T18:59:00","slug":"inflacion-subyacente-alcanza-su-nivel-mas-alto-en-dos-anos-al-cierre-de-2025-segun-crees","status":"publish","type":"post","link":"https:\/\/crees.org.do\/?p=29230","title":{"rendered":"Inflaci\u00f3n subyacente alcanza su nivel m\u00e1s alto en dos a\u00f1os al cierre de 2025, seg\u00fan CREES"},"content":{"rendered":"<p style=\"text-align: justify;\">Autor: Propuesta Digital<\/p>\n<p style=\"text-align: justify;\">Fecha: 16 de enero de 2026<\/p>\n<p style=\"text-align: justify;\">Extra\u00eddo de: <a href=\"https:\/\/lapropuestadigital.com\/inflacion-subyacente-alcanza-su-nivel-mas-alto-en-dos-anos-al-cierre-de-2025-segun-crees\/\">La Propuesta Digital<\/a><\/p>\n<h2 class=\"entry-title\" style=\"text-align: justify;\">Inflaci\u00f3n subyacente alcanza su nivel m\u00e1s alto en dos a\u00f1os al cierre de 2025, seg\u00fan CREES<\/h2>\n<p style=\"text-align: justify;\"><strong>Santo Domingo, 16 enero.<\/strong>\u2013 La inflaci\u00f3n subyacente en la Rep\u00fablica Dominicana cerr\u00f3 el a\u00f1o 2025 en 4.85 %, el nivel m\u00e1s elevado desde agosto de 2023, de acuerdo con un an\u00e1lisis del Centro Regional de Estrategias Econ\u00f3micas Sostenibles (CREES), basado en datos del Banco Central. Esta cifra representa un aumento de 0.84 puntos porcentuales respecto a diciembre de 2024, lo que evidencia un repunte sostenido en la tendencia inflacionaria.<\/p>\n<p style=\"text-align: justify;\">Seg\u00fan el CREES, el comportamiento de la inflaci\u00f3n subyacente durante el 2025 refleja que las presiones inflacionarias no responden a factores transitorios ni a eventos estacionales como desastres naturales, sino a elementos m\u00e1s profundos de car\u00e1cter monetario y estructural dentro de la econom\u00eda nacional. Esto sugiere una persistencia en las condiciones que impulsan los precios al alza.<\/p>\n<p style=\"text-align: justify;\">El organismo aclara que la inflaci\u00f3n subyacente excluye del c\u00e1lculo los precios de bienes y servicios con alta volatilidad, como alimentos, combustibles, electricidad, transporte, bebidas alcoh\u00f3licas y tabaco. Esta medida es preferida por los bancos centrales porque permite evaluar con mayor precisi\u00f3n el impacto de la pol\u00edtica monetaria sobre los precios.<\/p>\n<p style=\"text-align: justify;\">Durante el a\u00f1o 2024, este indicador se mantuvo relativamente estable con una media de 3.99 %. No obstante, el CREES indica que en 2025 se observ\u00f3 un cambio notable en la tendencia. La inflaci\u00f3n subyacente inici\u00f3 el a\u00f1o apenas por encima del 4.0 %, pero desde febrero comenz\u00f3 a incrementarse de forma paulatina, alej\u00e1ndose de los niveles del a\u00f1o anterior y marcando una trayectoria ascendente cada vez m\u00e1s acentuada.<\/p>\n<p style=\"text-align: justify;\">El ritmo de crecimiento se intensific\u00f3 a partir de julio, alcanzando un promedio anual de 4.34 % para la segunda mitad del a\u00f1o, lo que equivale a un incremento de 0.35 puntos porcentuales respecto al promedio registrado en 2024, seg\u00fan detalla el CREES. Esta aceleraci\u00f3n consolid\u00f3 la tendencia al alza y plantea nuevos desaf\u00edos para la estabilidad de precios en 2026.<\/p>\n<p><img fetchpriority=\"high\" decoding=\"async\" class=\"aligncenter wp-image-29186\" src=\"https:\/\/crees.org.do\/wp-content\/uploads\/2026\/01\/Inflacion-subyacente-scaled.png\" alt=\"\" width=\"896\" height=\"896\" srcset=\"https:\/\/crees.org.do\/wp-content\/uploads\/2026\/01\/Inflacion-subyacente-scaled.png 1200w, https:\/\/crees.org.do\/wp-content\/uploads\/2026\/01\/Inflacion-subyacente-450x450.png 450w, https:\/\/crees.org.do\/wp-content\/uploads\/2026\/01\/Inflacion-subyacente-2000x2000.png 2000w, https:\/\/crees.org.do\/wp-content\/uploads\/2026\/01\/Inflacion-subyacente-150x150.png 150w, https:\/\/crees.org.do\/wp-content\/uploads\/2026\/01\/Inflacion-subyacente-768x768.png 768w, https:\/\/crees.org.do\/wp-content\/uploads\/2026\/01\/Inflacion-subyacente-500x500.png 500w, https:\/\/crees.org.do\/wp-content\/uploads\/2026\/01\/Inflacion-subyacente-1536x1536.png 1536w, https:\/\/crees.org.do\/wp-content\/uploads\/2026\/01\/Inflacion-subyacente-2048x2048.png 2048w\" sizes=\"(max-width: 896px) 100vw, 896px\" \/><\/p>\n<div class=\"pvc_clear\"><\/div>\n<p class=\"pvc_stats all \" data-element-id=\"29230\" style=\"\"><i class=\"pvc-stats-icon medium\" aria-hidden=\"true\"><svg aria-hidden=\"true\" focusable=\"false\" data-prefix=\"far\" data-icon=\"chart-bar\" role=\"img\" xmlns=\"http:\/\/www.w3.org\/2000\/svg\" viewBox=\"0 0 512 512\" class=\"svg-inline--fa fa-chart-bar fa-w-16 fa-2x\"><path fill=\"currentColor\" d=\"M396.8 352h22.4c6.4 0 12.8-6.4 12.8-12.8V108.8c0-6.4-6.4-12.8-12.8-12.8h-22.4c-6.4 0-12.8 6.4-12.8 12.8v230.4c0 6.4 6.4 12.8 12.8 12.8zm-192 0h22.4c6.4 0 12.8-6.4 12.8-12.8V140.8c0-6.4-6.4-12.8-12.8-12.8h-22.4c-6.4 0-12.8 6.4-12.8 12.8v198.4c0 6.4 6.4 12.8 12.8 12.8zm96 0h22.4c6.4 0 12.8-6.4 12.8-12.8V204.8c0-6.4-6.4-12.8-12.8-12.8h-22.4c-6.4 0-12.8 6.4-12.8 12.8v134.4c0 6.4 6.4 12.8 12.8 12.8zM496 400H48V80c0-8.84-7.16-16-16-16H16C7.16 64 0 71.16 0 80v336c0 17.67 14.33 32 32 32h464c8.84 0 16-7.16 16-16v-16c0-8.84-7.16-16-16-16zm-387.2-48h22.4c6.4 0 12.8-6.4 12.8-12.8v-70.4c0-6.4-6.4-12.8-12.8-12.8h-22.4c-6.4 0-12.8 6.4-12.8 12.8v70.4c0 6.4 6.4 12.8 12.8 12.8z\" class=\"\"><\/path><\/svg><\/i> Vistas Totales&nbsp;925&nbsp;, Vistas Hoy&nbsp;2&nbsp;<\/p>\n<div class=\"pvc_clear\"><\/div>\n","protected":false},"excerpt":{"rendered":"<p>Autor: Propuesta Digital Fecha: 16 de enero de 2026 Extra\u00eddo de: La Propuesta Digital Inflaci\u00f3n subyacente alcanza su nivel m\u00e1s alto en dos a\u00f1os al cierre de 2025, seg\u00fan CREES Santo Domingo, 16 enero.\u2013 La inflaci\u00f3n subyacente en la Rep\u00fablica Dominicana cerr\u00f3 el a\u00f1o 2025 en 4.85 %, el nivel m\u00e1s elevado desde agosto de&#8230;<\/p>\n<div class=\"pvc_clear\"><\/div>\n<p class=\"pvc_stats all \" data-element-id=\"29230\" style=\"\"><i class=\"pvc-stats-icon medium\" aria-hidden=\"true\"><svg aria-hidden=\"true\" focusable=\"false\" data-prefix=\"far\" data-icon=\"chart-bar\" role=\"img\" xmlns=\"http:\/\/www.w3.org\/2000\/svg\" viewBox=\"0 0 512 512\" class=\"svg-inline--fa fa-chart-bar fa-w-16 fa-2x\"><path fill=\"currentColor\" d=\"M396.8 352h22.4c6.4 0 12.8-6.4 12.8-12.8V108.8c0-6.4-6.4-12.8-12.8-12.8h-22.4c-6.4 0-12.8 6.4-12.8 12.8v230.4c0 6.4 6.4 12.8 12.8 12.8zm-192 0h22.4c6.4 0 12.8-6.4 12.8-12.8V140.8c0-6.4-6.4-12.8-12.8-12.8h-22.4c-6.4 0-12.8 6.4-12.8 12.8v198.4c0 6.4 6.4 12.8 12.8 12.8zm96 0h22.4c6.4 0 12.8-6.4 12.8-12.8V204.8c0-6.4-6.4-12.8-12.8-12.8h-22.4c-6.4 0-12.8 6.4-12.8 12.8v134.4c0 6.4 6.4 12.8 12.8 12.8zM496 400H48V80c0-8.84-7.16-16-16-16H16C7.16 64 0 71.16 0 80v336c0 17.67 14.33 32 32 32h464c8.84 0 16-7.16 16-16v-16c0-8.84-7.16-16-16-16zm-387.2-48h22.4c6.4 0 12.8-6.4 12.8-12.8v-70.4c0-6.4-6.4-12.8-12.8-12.8h-22.4c-6.4 0-12.8 6.4-12.8 12.8v70.4c0 6.4 6.4 12.8 12.8 12.8z\" class=\"\"><\/path><\/svg><\/i> Vistas Totales&nbsp;925&nbsp;, Vistas Hoy&nbsp;2&nbsp;<\/p>\n<div class=\"pvc_clear\"><\/div>\n","protected":false},"author":2,"featured_media":29231,"comment_status":"closed","ping_status":"closed","sticky":false,"template":"","format":"standard","meta":{"footnotes":""},"categories":[19],"tags":[],"class_list":["post-29230","post","type-post","status-publish","format-standard","has-post-thumbnail","hentry","category-actualidad"],"yoast_head":"<!-- This site is optimized with the Yoast SEO plugin v25.2 - https:\/\/yoast.com\/wordpress\/plugins\/seo\/ -->\n<title>Inflaci\u00f3n subyacente alcanza su nivel m\u00e1s alto en dos a\u00f1os al cierre de 2025, seg\u00fan CREES | CREES<\/title>\n<meta name=\"robots\" content=\"index, follow, max-snippet:-1, max-image-preview:large, max-video-preview:-1\" \/>\n<link rel=\"canonical\" href=\"https:\/\/crees.org.do\/?p=29230\" \/>\n<meta property=\"og:locale\" content=\"es_ES\" \/>\n<meta property=\"og:type\" content=\"article\" \/>\n<meta property=\"og:title\" content=\"Inflaci\u00f3n subyacente alcanza su nivel m\u00e1s alto en dos a\u00f1os al cierre de 2025, seg\u00fan CREES | CREES\" \/>\n<meta property=\"og:description\" content=\"Autor: Propuesta Digital Fecha: 16 de enero de 2026 Extra\u00eddo de: La Propuesta Digital Inflaci\u00f3n subyacente alcanza su nivel m\u00e1s alto en dos a\u00f1os al cierre de 2025, seg\u00fan CREES Santo Domingo, 16 enero.\u2013 La inflaci\u00f3n subyacente en la Rep\u00fablica Dominicana cerr\u00f3 el a\u00f1o 2025 en 4.85 %, el nivel m\u00e1s elevado desde agosto de...\" \/>\n<meta property=\"og:url\" content=\"https:\/\/crees.org.do\/?p=29230\" \/>\n<meta property=\"og:site_name\" content=\"CREES\" \/>\n<meta property=\"article:publisher\" content=\"https:\/\/www.facebook.com\/CREESRD\/\" \/>\n<meta property=\"article:published_time\" content=\"2026-01-22T18:59:00+00:00\" \/>\n<meta property=\"og:image\" content=\"https:\/\/crees.org.do\/wp-content\/uploads\/2026\/01\/banco-central-vista-aerea-1.png\" \/>\n\t<meta property=\"og:image:width\" content=\"800\" \/>\n\t<meta property=\"og:image:height\" content=\"445\" \/>\n\t<meta property=\"og:image:type\" content=\"image\/png\" \/>\n<meta name=\"author\" content=\"Crees\" \/>\n<meta name=\"twitter:card\" content=\"summary_large_image\" \/>\n<meta name=\"twitter:creator\" content=\"@CREESRD\" \/>\n<meta name=\"twitter:site\" content=\"@CREESRD\" \/>\n<meta name=\"twitter:label1\" content=\"Escrito por\" \/>\n\t<meta name=\"twitter:data1\" content=\"Crees\" \/>\n\t<meta name=\"twitter:label2\" content=\"Tiempo de lectura\" \/>\n\t<meta name=\"twitter:data2\" content=\"2 minutos\" \/>\n<script type=\"application\/ld+json\" class=\"yoast-schema-graph\">{\"@context\":\"https:\/\/schema.org\",\"@graph\":[{\"@type\":\"Article\",\"@id\":\"https:\/\/crees.org.do\/?p=29230#article\",\"isPartOf\":{\"@id\":\"https:\/\/crees.org.do\/?p=29230\"},\"author\":{\"name\":\"Crees\",\"@id\":\"https:\/\/crees.org.do\/#\/schema\/person\/e7f97cd94d7bf9cd0e0ce30acb7d56b8\"},\"headline\":\"Inflaci\u00f3n subyacente alcanza su nivel m\u00e1s alto en dos a\u00f1os al cierre de 2025, seg\u00fan CREES\",\"datePublished\":\"2026-01-22T18:59:00+00:00\",\"mainEntityOfPage\":{\"@id\":\"https:\/\/crees.org.do\/?p=29230\"},\"wordCount\":365,\"publisher\":{\"@id\":\"https:\/\/crees.org.do\/#organization\"},\"image\":{\"@id\":\"https:\/\/crees.org.do\/?p=29230#primaryimage\"},\"thumbnailUrl\":\"https:\/\/crees.org.do\/wp-content\/uploads\/2026\/01\/banco-central-vista-aerea-1.png\",\"articleSection\":[\"Actualidad\"],\"inLanguage\":\"es\"},{\"@type\":\"WebPage\",\"@id\":\"https:\/\/crees.org.do\/?p=29230\",\"url\":\"https:\/\/crees.org.do\/?p=29230\",\"name\":\"Inflaci\u00f3n subyacente alcanza su nivel m\u00e1s alto en dos a\u00f1os al cierre de 2025, seg\u00fan CREES | CREES\",\"isPartOf\":{\"@id\":\"https:\/\/crees.org.do\/#website\"},\"primaryImageOfPage\":{\"@id\":\"https:\/\/crees.org.do\/?p=29230#primaryimage\"},\"image\":{\"@id\":\"https:\/\/crees.org.do\/?p=29230#primaryimage\"},\"thumbnailUrl\":\"https:\/\/crees.org.do\/wp-content\/uploads\/2026\/01\/banco-central-vista-aerea-1.png\",\"datePublished\":\"2026-01-22T18:59:00+00:00\",\"breadcrumb\":{\"@id\":\"https:\/\/crees.org.do\/?p=29230#breadcrumb\"},\"inLanguage\":\"es\",\"potentialAction\":[{\"@type\":\"ReadAction\",\"target\":[\"https:\/\/crees.org.do\/?p=29230\"]}]},{\"@type\":\"ImageObject\",\"inLanguage\":\"es\",\"@id\":\"https:\/\/crees.org.do\/?p=29230#primaryimage\",\"url\":\"https:\/\/crees.org.do\/wp-content\/uploads\/2026\/01\/banco-central-vista-aerea-1.png\",\"contentUrl\":\"https:\/\/crees.org.do\/wp-content\/uploads\/2026\/01\/banco-central-vista-aerea-1.png\",\"width\":800,\"height\":445},{\"@type\":\"BreadcrumbList\",\"@id\":\"https:\/\/crees.org.do\/?p=29230#breadcrumb\",\"itemListElement\":[{\"@type\":\"ListItem\",\"position\":1,\"name\":\"Portada\",\"item\":\"https:\/\/crees.org.do\/\"},{\"@type\":\"ListItem\",\"position\":2,\"name\":\"Inflaci\u00f3n subyacente alcanza su nivel m\u00e1s alto en dos a\u00f1os al cierre de 2025, seg\u00fan CREES\"}]},{\"@type\":\"WebSite\",\"@id\":\"https:\/\/crees.org.do\/#website\",\"url\":\"https:\/\/crees.org.do\/\",\"name\":\"CREES\",\"description\":\"Centro Regional de Estrategias Econ\u00f3micas Sostenibles\",\"publisher\":{\"@id\":\"https:\/\/crees.org.do\/#organization\"},\"potentialAction\":[{\"@type\":\"SearchAction\",\"target\":{\"@type\":\"EntryPoint\",\"urlTemplate\":\"https:\/\/crees.org.do\/?s={search_term_string}\"},\"query-input\":{\"@type\":\"PropertyValueSpecification\",\"valueRequired\":true,\"valueName\":\"search_term_string\"}}],\"inLanguage\":\"es\"},{\"@type\":\"Organization\",\"@id\":\"https:\/\/crees.org.do\/#organization\",\"name\":\"CREES | Centro Regional de Estrategias Econ\u00f3micas Sostenibles\",\"url\":\"https:\/\/crees.org.do\/\",\"logo\":{\"@type\":\"ImageObject\",\"inLanguage\":\"es\",\"@id\":\"https:\/\/crees.org.do\/#\/schema\/logo\/image\/\",\"url\":\"https:\/\/crees.org.do\/wp-content\/uploads\/2022\/03\/crees-logo-1.jpg\",\"contentUrl\":\"https:\/\/crees.org.do\/wp-content\/uploads\/2022\/03\/crees-logo-1.jpg\",\"width\":244,\"height\":71,\"caption\":\"CREES | Centro Regional de Estrategias Econ\u00f3micas Sostenibles\"},\"image\":{\"@id\":\"https:\/\/crees.org.do\/#\/schema\/logo\/image\/\"},\"sameAs\":[\"https:\/\/www.facebook.com\/CREESRD\/\",\"https:\/\/x.com\/CREESRD\"]},{\"@type\":\"Person\",\"@id\":\"https:\/\/crees.org.do\/#\/schema\/person\/e7f97cd94d7bf9cd0e0ce30acb7d56b8\",\"name\":\"Crees\",\"image\":{\"@type\":\"ImageObject\",\"inLanguage\":\"es\",\"@id\":\"https:\/\/crees.org.do\/#\/schema\/person\/image\/\",\"url\":\"https:\/\/secure.gravatar.com\/avatar\/390ac8f0be5d9aa046152553e2dd7011b59a512d89c150f5e5f28bb8d9a0b165?s=96&d=mm&r=g\",\"contentUrl\":\"https:\/\/secure.gravatar.com\/avatar\/390ac8f0be5d9aa046152553e2dd7011b59a512d89c150f5e5f28bb8d9a0b165?s=96&d=mm&r=g\",\"caption\":\"Crees\"},\"url\":\"https:\/\/crees.org.do\/?author=2\"}]}<\/script>\n<!-- \/ Yoast SEO plugin. -->","yoast_head_json":{"title":"Inflaci\u00f3n subyacente alcanza su nivel m\u00e1s alto en dos a\u00f1os al cierre de 2025, seg\u00fan CREES | CREES","robots":{"index":"index","follow":"follow","max-snippet":"max-snippet:-1","max-image-preview":"max-image-preview:large","max-video-preview":"max-video-preview:-1"},"canonical":"https:\/\/crees.org.do\/?p=29230","og_locale":"es_ES","og_type":"article","og_title":"Inflaci\u00f3n subyacente alcanza su nivel m\u00e1s alto en dos a\u00f1os al cierre de 2025, seg\u00fan CREES | CREES","og_description":"Autor: Propuesta Digital Fecha: 16 de enero de 2026 Extra\u00eddo de: La Propuesta Digital Inflaci\u00f3n subyacente alcanza su nivel m\u00e1s alto en dos a\u00f1os al cierre de 2025, seg\u00fan CREES Santo Domingo, 16 enero.\u2013 La inflaci\u00f3n subyacente en la Rep\u00fablica Dominicana cerr\u00f3 el a\u00f1o 2025 en 4.85 %, el nivel m\u00e1s elevado desde agosto de...","og_url":"https:\/\/crees.org.do\/?p=29230","og_site_name":"CREES","article_publisher":"https:\/\/www.facebook.com\/CREESRD\/","article_published_time":"2026-01-22T18:59:00+00:00","og_image":[{"width":800,"height":445,"url":"https:\/\/crees.org.do\/wp-content\/uploads\/2026\/01\/banco-central-vista-aerea-1.png","type":"image\/png"}],"author":"Crees","twitter_card":"summary_large_image","twitter_creator":"@CREESRD","twitter_site":"@CREESRD","twitter_misc":{"Escrito por":"Crees","Tiempo de lectura":"2 minutos"},"schema":{"@context":"https:\/\/schema.org","@graph":[{"@type":"Article","@id":"https:\/\/crees.org.do\/?p=29230#article","isPartOf":{"@id":"https:\/\/crees.org.do\/?p=29230"},"author":{"name":"Crees","@id":"https:\/\/crees.org.do\/#\/schema\/person\/e7f97cd94d7bf9cd0e0ce30acb7d56b8"},"headline":"Inflaci\u00f3n subyacente alcanza su nivel m\u00e1s alto en dos a\u00f1os al cierre de 2025, seg\u00fan CREES","datePublished":"2026-01-22T18:59:00+00:00","mainEntityOfPage":{"@id":"https:\/\/crees.org.do\/?p=29230"},"wordCount":365,"publisher":{"@id":"https:\/\/crees.org.do\/#organization"},"image":{"@id":"https:\/\/crees.org.do\/?p=29230#primaryimage"},"thumbnailUrl":"https:\/\/crees.org.do\/wp-content\/uploads\/2026\/01\/banco-central-vista-aerea-1.png","articleSection":["Actualidad"],"inLanguage":"es"},{"@type":"WebPage","@id":"https:\/\/crees.org.do\/?p=29230","url":"https:\/\/crees.org.do\/?p=29230","name":"Inflaci\u00f3n subyacente alcanza su nivel m\u00e1s alto en dos a\u00f1os al cierre de 2025, seg\u00fan CREES | CREES","isPartOf":{"@id":"https:\/\/crees.org.do\/#website"},"primaryImageOfPage":{"@id":"https:\/\/crees.org.do\/?p=29230#primaryimage"},"image":{"@id":"https:\/\/crees.org.do\/?p=29230#primaryimage"},"thumbnailUrl":"https:\/\/crees.org.do\/wp-content\/uploads\/2026\/01\/banco-central-vista-aerea-1.png","datePublished":"2026-01-22T18:59:00+00:00","breadcrumb":{"@id":"https:\/\/crees.org.do\/?p=29230#breadcrumb"},"inLanguage":"es","potentialAction":[{"@type":"ReadAction","target":["https:\/\/crees.org.do\/?p=29230"]}]},{"@type":"ImageObject","inLanguage":"es","@id":"https:\/\/crees.org.do\/?p=29230#primaryimage","url":"https:\/\/crees.org.do\/wp-content\/uploads\/2026\/01\/banco-central-vista-aerea-1.png","contentUrl":"https:\/\/crees.org.do\/wp-content\/uploads\/2026\/01\/banco-central-vista-aerea-1.png","width":800,"height":445},{"@type":"BreadcrumbList","@id":"https:\/\/crees.org.do\/?p=29230#breadcrumb","itemListElement":[{"@type":"ListItem","position":1,"name":"Portada","item":"https:\/\/crees.org.do\/"},{"@type":"ListItem","position":2,"name":"Inflaci\u00f3n subyacente alcanza su nivel m\u00e1s alto en dos a\u00f1os al cierre de 2025, seg\u00fan CREES"}]},{"@type":"WebSite","@id":"https:\/\/crees.org.do\/#website","url":"https:\/\/crees.org.do\/","name":"CREES","description":"Centro Regional de Estrategias Econ\u00f3micas Sostenibles","publisher":{"@id":"https:\/\/crees.org.do\/#organization"},"potentialAction":[{"@type":"SearchAction","target":{"@type":"EntryPoint","urlTemplate":"https:\/\/crees.org.do\/?s={search_term_string}"},"query-input":{"@type":"PropertyValueSpecification","valueRequired":true,"valueName":"search_term_string"}}],"inLanguage":"es"},{"@type":"Organization","@id":"https:\/\/crees.org.do\/#organization","name":"CREES | Centro Regional de Estrategias Econ\u00f3micas Sostenibles","url":"https:\/\/crees.org.do\/","logo":{"@type":"ImageObject","inLanguage":"es","@id":"https:\/\/crees.org.do\/#\/schema\/logo\/image\/","url":"https:\/\/crees.org.do\/wp-content\/uploads\/2022\/03\/crees-logo-1.jpg","contentUrl":"https:\/\/crees.org.do\/wp-content\/uploads\/2022\/03\/crees-logo-1.jpg","width":244,"height":71,"caption":"CREES | Centro Regional de Estrategias Econ\u00f3micas Sostenibles"},"image":{"@id":"https:\/\/crees.org.do\/#\/schema\/logo\/image\/"},"sameAs":["https:\/\/www.facebook.com\/CREESRD\/","https:\/\/x.com\/CREESRD"]},{"@type":"Person","@id":"https:\/\/crees.org.do\/#\/schema\/person\/e7f97cd94d7bf9cd0e0ce30acb7d56b8","name":"Crees","image":{"@type":"ImageObject","inLanguage":"es","@id":"https:\/\/crees.org.do\/#\/schema\/person\/image\/","url":"https:\/\/secure.gravatar.com\/avatar\/390ac8f0be5d9aa046152553e2dd7011b59a512d89c150f5e5f28bb8d9a0b165?s=96&d=mm&r=g","contentUrl":"https:\/\/secure.gravatar.com\/avatar\/390ac8f0be5d9aa046152553e2dd7011b59a512d89c150f5e5f28bb8d9a0b165?s=96&d=mm&r=g","caption":"Crees"},"url":"https:\/\/crees.org.do\/?author=2"}]}},"_links":{"self":[{"href":"https:\/\/crees.org.do\/index.php?rest_route=\/wp\/v2\/posts\/29230","targetHints":{"allow":["GET"]}}],"collection":[{"href":"https:\/\/crees.org.do\/index.php?rest_route=\/wp\/v2\/posts"}],"about":[{"href":"https:\/\/crees.org.do\/index.php?rest_route=\/wp\/v2\/types\/post"}],"author":[{"embeddable":true,"href":"https:\/\/crees.org.do\/index.php?rest_route=\/wp\/v2\/users\/2"}],"replies":[{"embeddable":true,"href":"https:\/\/crees.org.do\/index.php?rest_route=%2Fwp%2Fv2%2Fcomments&post=29230"}],"version-history":[{"count":1,"href":"https:\/\/crees.org.do\/index.php?rest_route=\/wp\/v2\/posts\/29230\/revisions"}],"predecessor-version":[{"id":29232,"href":"https:\/\/crees.org.do\/index.php?rest_route=\/wp\/v2\/posts\/29230\/revisions\/29232"}],"wp:featuredmedia":[{"embeddable":true,"href":"https:\/\/crees.org.do\/index.php?rest_route=\/wp\/v2\/media\/29231"}],"wp:attachment":[{"href":"https:\/\/crees.org.do\/index.php?rest_route=%2Fwp%2Fv2%2Fmedia&parent=29230"}],"wp:term":[{"taxonomy":"category","embeddable":true,"href":"https:\/\/crees.org.do\/index.php?rest_route=%2Fwp%2Fv2%2Fcategories&post=29230"},{"taxonomy":"post_tag","embeddable":true,"href":"https:\/\/crees.org.do\/index.php?rest_route=%2Fwp%2Fv2%2Ftags&post=29230"}],"curies":[{"name":"wp","href":"https:\/\/api.w.org\/{rel}","templated":true}]}}