{"id":29233,"date":"2026-01-23T13:28:18","date_gmt":"2026-01-23T13:28:18","guid":{"rendered":"https:\/\/crees.org.do\/?p=29233"},"modified":"2026-01-23T13:28:32","modified_gmt":"2026-01-23T13:28:32","slug":"collado-vision-del-bm-sobre-economia-de-rd-es-optimista","status":"publish","type":"post","link":"https:\/\/crees.org.do\/?p=29233","title":{"rendered":"Collado: visi\u00f3n del BM sobre econom\u00eda de RD es optimista"},"content":{"rendered":"<p style=\"text-align: justify;\">Autor: Ubaldo Guzm\u00e1n Molina<\/p>\n<p style=\"text-align: justify;\">Fecha: 23 de enero de 2026<\/p>\n<p style=\"text-align: justify;\">Extra\u00eddo de: <a href=\"https:\/\/hoy.com.do\/economia\/collado-vision-bm-sobre-economia-rd-optimista_1073825_amp.html\">Hoy<\/a><\/p>\n<h2 style=\"text-align: justify;\">Collado: visi\u00f3n del BM sobre econom\u00eda de RD es optimista<\/h2>\n<p class=\"paragraph\" style=\"text-align: justify;\">El vicepresidente ejecutivo del Centro Regional de Estrategias Econ\u00f3micas Sostenibles (CREES),\u00a0<b>Miguel Collado Di Franco<\/b>, dijo ayer que la opini\u00f3n del Banco Mundial sobre el desempe\u00f1o econ\u00f3mico del pa\u00eds es un tanto optimista como es la visi\u00f3n de las autoridades de que la econom\u00eda crecer\u00e1 este a\u00f1o un\u00a0<b>4.5% del producto interno bruto (PIB).<\/b><\/p>\n<p class=\"paragraph\" style=\"text-align: justify;\">\u201cNo vemos cambios en los fundamentos de la econom\u00eda para que se produzcan un crecimiento de esa naturaleza.<\/p>\n<p class=\"paragraph\" style=\"text-align: justify;\">La econom\u00eda dominicana ha estado estimulada artificialmente por la pol\u00edtica monetaria y en parte los est\u00edmulos fiscales que se producen en los presupuestos cuando son revisados a mitad de a\u00f1o para incrementa el gasto de capital en los \u00faltimos a\u00f1os\u201d, dijo.<\/p>\n<p class=\"paragraph\" style=\"text-align: justify;\">Precis\u00f3 que eso se ha visto, independientemente de lo que ocurri\u00f3 en la pandemia del Covid-19, en los a\u00f1os 2023, 2024 y 2025 con modificaciones del presupuesto y sobre todo con pol\u00edticas de est\u00edmulos monetarios de liberaci\u00f3n del encaje legal, facilidades de liquidez r\u00e1pida y, en ocasiones, redenci\u00f3n de t\u00edtulos deuda del Banco Central.<\/p>\n<p class=\"paragraph\" style=\"text-align: justify;\">Consider\u00f3 que si no se producen reformas estructurales significativas es muy dif\u00edcil alcanzar el 4.5% del PIB para este a\u00f1o.<\/p>\n<p class=\"paragraph\" style=\"text-align: justify;\">En contraposici\u00f3n al\u00a0<b>Banco Mundial<\/b>, resalt\u00f3 que las Naciones Unidas, en un informe de este mes denominado World Economic Situation and Prospects 2026, se\u00f1alan que la econom\u00eda del pa\u00eds crecer\u00eda 3.6% este a\u00f1o.<\/p>\n<p class=\"paragraph\" style=\"text-align: justify;\">Resalt\u00f3 que los organismos multilaterales, como el Banco Mundial se llevan de las informaciones oficiales.<\/p>\n<p class=\"paragraph\" style=\"text-align: justify;\">Expuso que si las autoridades informan que Rep\u00fablica Dominicana perfila este a\u00f1o con un determinado crecimiento econ\u00f3mico es muy dif\u00edcil que los organismos multilaterales lo contradigan.<\/p>\n<p class=\"paragraph\" style=\"text-align: justify;\">La delegaci\u00f3n del Banco Mundial que visit\u00f3 al presidente Luis Abinader resalt\u00f3 el desempe\u00f1o econ\u00f3mico del pa\u00eds, sobre todo el crecimiento sostenido de la econom\u00eda.<\/p>\n<div class=\"pvc_clear\"><\/div>\n<p class=\"pvc_stats all \" data-element-id=\"29233\" style=\"\"><i class=\"pvc-stats-icon medium\" aria-hidden=\"true\"><svg aria-hidden=\"true\" focusable=\"false\" data-prefix=\"far\" data-icon=\"chart-bar\" role=\"img\" xmlns=\"http:\/\/www.w3.org\/2000\/svg\" viewBox=\"0 0 512 512\" class=\"svg-inline--fa fa-chart-bar fa-w-16 fa-2x\"><path fill=\"currentColor\" d=\"M396.8 352h22.4c6.4 0 12.8-6.4 12.8-12.8V108.8c0-6.4-6.4-12.8-12.8-12.8h-22.4c-6.4 0-12.8 6.4-12.8 12.8v230.4c0 6.4 6.4 12.8 12.8 12.8zm-192 0h22.4c6.4 0 12.8-6.4 12.8-12.8V140.8c0-6.4-6.4-12.8-12.8-12.8h-22.4c-6.4 0-12.8 6.4-12.8 12.8v198.4c0 6.4 6.4 12.8 12.8 12.8zm96 0h22.4c6.4 0 12.8-6.4 12.8-12.8V204.8c0-6.4-6.4-12.8-12.8-12.8h-22.4c-6.4 0-12.8 6.4-12.8 12.8v134.4c0 6.4 6.4 12.8 12.8 12.8zM496 400H48V80c0-8.84-7.16-16-16-16H16C7.16 64 0 71.16 0 80v336c0 17.67 14.33 32 32 32h464c8.84 0 16-7.16 16-16v-16c0-8.84-7.16-16-16-16zm-387.2-48h22.4c6.4 0 12.8-6.4 12.8-12.8v-70.4c0-6.4-6.4-12.8-12.8-12.8h-22.4c-6.4 0-12.8 6.4-12.8 12.8v70.4c0 6.4 6.4 12.8 12.8 12.8z\" class=\"\"><\/path><\/svg><\/i> Vistas Totales&nbsp;858&nbsp;, Vistas Hoy&nbsp;4&nbsp;<\/p>\n<div class=\"pvc_clear\"><\/div>\n","protected":false},"excerpt":{"rendered":"<p>Autor: Ubaldo Guzm\u00e1n Molina Fecha: 23 de enero de 2026 Extra\u00eddo de: Hoy Collado: visi\u00f3n del BM sobre econom\u00eda de RD es optimista El vicepresidente ejecutivo del Centro Regional de Estrategias Econ\u00f3micas Sostenibles (CREES),\u00a0Miguel Collado Di Franco, dijo ayer que la opini\u00f3n del Banco Mundial sobre el desempe\u00f1o econ\u00f3mico del pa\u00eds es un tanto optimista&#8230;<\/p>\n<div class=\"pvc_clear\"><\/div>\n<p class=\"pvc_stats all \" data-element-id=\"29233\" style=\"\"><i class=\"pvc-stats-icon medium\" aria-hidden=\"true\"><svg aria-hidden=\"true\" focusable=\"false\" data-prefix=\"far\" data-icon=\"chart-bar\" role=\"img\" xmlns=\"http:\/\/www.w3.org\/2000\/svg\" viewBox=\"0 0 512 512\" class=\"svg-inline--fa fa-chart-bar fa-w-16 fa-2x\"><path fill=\"currentColor\" d=\"M396.8 352h22.4c6.4 0 12.8-6.4 12.8-12.8V108.8c0-6.4-6.4-12.8-12.8-12.8h-22.4c-6.4 0-12.8 6.4-12.8 12.8v230.4c0 6.4 6.4 12.8 12.8 12.8zm-192 0h22.4c6.4 0 12.8-6.4 12.8-12.8V140.8c0-6.4-6.4-12.8-12.8-12.8h-22.4c-6.4 0-12.8 6.4-12.8 12.8v198.4c0 6.4 6.4 12.8 12.8 12.8zm96 0h22.4c6.4 0 12.8-6.4 12.8-12.8V204.8c0-6.4-6.4-12.8-12.8-12.8h-22.4c-6.4 0-12.8 6.4-12.8 12.8v134.4c0 6.4 6.4 12.8 12.8 12.8zM496 400H48V80c0-8.84-7.16-16-16-16H16C7.16 64 0 71.16 0 80v336c0 17.67 14.33 32 32 32h464c8.84 0 16-7.16 16-16v-16c0-8.84-7.16-16-16-16zm-387.2-48h22.4c6.4 0 12.8-6.4 12.8-12.8v-70.4c0-6.4-6.4-12.8-12.8-12.8h-22.4c-6.4 0-12.8 6.4-12.8 12.8v70.4c0 6.4 6.4 12.8 12.8 12.8z\" class=\"\"><\/path><\/svg><\/i> Vistas Totales&nbsp;858&nbsp;, Vistas Hoy&nbsp;4&nbsp;<\/p>\n<div class=\"pvc_clear\"><\/div>\n","protected":false},"author":2,"featured_media":29234,"comment_status":"closed","ping_status":"closed","sticky":false,"template":"","format":"standard","meta":{"footnotes":""},"categories":[19],"tags":[],"class_list":["post-29233","post","type-post","status-publish","format-standard","has-post-thumbnail","hentry","category-actualidad"],"yoast_head":"<!-- This site is optimized with the Yoast SEO plugin v25.2 - https:\/\/yoast.com\/wordpress\/plugins\/seo\/ -->\n<title>Collado: visi\u00f3n del BM sobre econom\u00eda de RD es optimista | CREES<\/title>\n<meta name=\"robots\" content=\"index, follow, max-snippet:-1, max-image-preview:large, max-video-preview:-1\" \/>\n<link rel=\"canonical\" href=\"https:\/\/crees.org.do\/?p=29233\" \/>\n<meta property=\"og:locale\" content=\"es_ES\" \/>\n<meta property=\"og:type\" content=\"article\" \/>\n<meta property=\"og:title\" content=\"Collado: visi\u00f3n del BM sobre econom\u00eda de RD es optimista | CREES\" \/>\n<meta property=\"og:description\" content=\"Autor: Ubaldo Guzm\u00e1n Molina Fecha: 23 de enero de 2026 Extra\u00eddo de: Hoy Collado: visi\u00f3n del BM sobre econom\u00eda de RD es optimista El vicepresidente ejecutivo del Centro Regional de Estrategias Econ\u00f3micas Sostenibles (CREES),\u00a0Miguel Collado Di Franco, dijo ayer que la opini\u00f3n del Banco Mundial sobre el desempe\u00f1o econ\u00f3mico del pa\u00eds es un tanto optimista...\" \/>\n<meta property=\"og:url\" content=\"https:\/\/crees.org.do\/?p=29233\" \/>\n<meta property=\"og:site_name\" content=\"CREES\" \/>\n<meta property=\"article:publisher\" content=\"https:\/\/www.facebook.com\/CREESRD\/\" \/>\n<meta property=\"article:published_time\" content=\"2026-01-23T13:28:18+00:00\" \/>\n<meta property=\"article:modified_time\" content=\"2026-01-23T13:28:32+00:00\" \/>\n<meta property=\"og:image\" content=\"https:\/\/crees.org.do\/wp-content\/uploads\/2026\/01\/ab7n81h.webp\" \/>\n\t<meta property=\"og:image:width\" content=\"600\" \/>\n\t<meta property=\"og:image:height\" content=\"400\" \/>\n\t<meta property=\"og:image:type\" content=\"image\/webp\" \/>\n<meta name=\"author\" content=\"Crees\" \/>\n<meta name=\"twitter:card\" content=\"summary_large_image\" \/>\n<meta name=\"twitter:creator\" content=\"@CREESRD\" \/>\n<meta name=\"twitter:site\" content=\"@CREESRD\" \/>\n<meta name=\"twitter:label1\" content=\"Escrito por\" \/>\n\t<meta name=\"twitter:data1\" content=\"Crees\" \/>\n\t<meta name=\"twitter:label2\" content=\"Tiempo de lectura\" \/>\n\t<meta name=\"twitter:data2\" content=\"2 minutos\" \/>\n<script type=\"application\/ld+json\" class=\"yoast-schema-graph\">{\"@context\":\"https:\/\/schema.org\",\"@graph\":[{\"@type\":\"Article\",\"@id\":\"https:\/\/crees.org.do\/?p=29233#article\",\"isPartOf\":{\"@id\":\"https:\/\/crees.org.do\/?p=29233\"},\"author\":{\"name\":\"Crees\",\"@id\":\"https:\/\/crees.org.do\/#\/schema\/person\/e7f97cd94d7bf9cd0e0ce30acb7d56b8\"},\"headline\":\"Collado: visi\u00f3n del BM sobre econom\u00eda de RD es optimista\",\"datePublished\":\"2026-01-23T13:28:18+00:00\",\"dateModified\":\"2026-01-23T13:28:32+00:00\",\"mainEntityOfPage\":{\"@id\":\"https:\/\/crees.org.do\/?p=29233\"},\"wordCount\":354,\"publisher\":{\"@id\":\"https:\/\/crees.org.do\/#organization\"},\"image\":{\"@id\":\"https:\/\/crees.org.do\/?p=29233#primaryimage\"},\"thumbnailUrl\":\"https:\/\/crees.org.do\/wp-content\/uploads\/2026\/01\/ab7n81h.webp\",\"articleSection\":[\"Actualidad\"],\"inLanguage\":\"es\"},{\"@type\":\"WebPage\",\"@id\":\"https:\/\/crees.org.do\/?p=29233\",\"url\":\"https:\/\/crees.org.do\/?p=29233\",\"name\":\"Collado: visi\u00f3n del BM sobre econom\u00eda de RD es optimista | CREES\",\"isPartOf\":{\"@id\":\"https:\/\/crees.org.do\/#website\"},\"primaryImageOfPage\":{\"@id\":\"https:\/\/crees.org.do\/?p=29233#primaryimage\"},\"image\":{\"@id\":\"https:\/\/crees.org.do\/?p=29233#primaryimage\"},\"thumbnailUrl\":\"https:\/\/crees.org.do\/wp-content\/uploads\/2026\/01\/ab7n81h.webp\",\"datePublished\":\"2026-01-23T13:28:18+00:00\",\"dateModified\":\"2026-01-23T13:28:32+00:00\",\"breadcrumb\":{\"@id\":\"https:\/\/crees.org.do\/?p=29233#breadcrumb\"},\"inLanguage\":\"es\",\"potentialAction\":[{\"@type\":\"ReadAction\",\"target\":[\"https:\/\/crees.org.do\/?p=29233\"]}]},{\"@type\":\"ImageObject\",\"inLanguage\":\"es\",\"@id\":\"https:\/\/crees.org.do\/?p=29233#primaryimage\",\"url\":\"https:\/\/crees.org.do\/wp-content\/uploads\/2026\/01\/ab7n81h.webp\",\"contentUrl\":\"https:\/\/crees.org.do\/wp-content\/uploads\/2026\/01\/ab7n81h.webp\",\"width\":600,\"height\":400},{\"@type\":\"BreadcrumbList\",\"@id\":\"https:\/\/crees.org.do\/?p=29233#breadcrumb\",\"itemListElement\":[{\"@type\":\"ListItem\",\"position\":1,\"name\":\"Portada\",\"item\":\"https:\/\/crees.org.do\/\"},{\"@type\":\"ListItem\",\"position\":2,\"name\":\"Collado: visi\u00f3n del BM sobre econom\u00eda de RD es optimista\"}]},{\"@type\":\"WebSite\",\"@id\":\"https:\/\/crees.org.do\/#website\",\"url\":\"https:\/\/crees.org.do\/\",\"name\":\"CREES\",\"description\":\"Centro Regional de Estrategias Econ\u00f3micas Sostenibles\",\"publisher\":{\"@id\":\"https:\/\/crees.org.do\/#organization\"},\"potentialAction\":[{\"@type\":\"SearchAction\",\"target\":{\"@type\":\"EntryPoint\",\"urlTemplate\":\"https:\/\/crees.org.do\/?s={search_term_string}\"},\"query-input\":{\"@type\":\"PropertyValueSpecification\",\"valueRequired\":true,\"valueName\":\"search_term_string\"}}],\"inLanguage\":\"es\"},{\"@type\":\"Organization\",\"@id\":\"https:\/\/crees.org.do\/#organization\",\"name\":\"CREES | Centro Regional de Estrategias Econ\u00f3micas Sostenibles\",\"url\":\"https:\/\/crees.org.do\/\",\"logo\":{\"@type\":\"ImageObject\",\"inLanguage\":\"es\",\"@id\":\"https:\/\/crees.org.do\/#\/schema\/logo\/image\/\",\"url\":\"https:\/\/crees.org.do\/wp-content\/uploads\/2022\/03\/crees-logo-1.jpg\",\"contentUrl\":\"https:\/\/crees.org.do\/wp-content\/uploads\/2022\/03\/crees-logo-1.jpg\",\"width\":244,\"height\":71,\"caption\":\"CREES | Centro Regional de Estrategias Econ\u00f3micas Sostenibles\"},\"image\":{\"@id\":\"https:\/\/crees.org.do\/#\/schema\/logo\/image\/\"},\"sameAs\":[\"https:\/\/www.facebook.com\/CREESRD\/\",\"https:\/\/x.com\/CREESRD\"]},{\"@type\":\"Person\",\"@id\":\"https:\/\/crees.org.do\/#\/schema\/person\/e7f97cd94d7bf9cd0e0ce30acb7d56b8\",\"name\":\"Crees\",\"image\":{\"@type\":\"ImageObject\",\"inLanguage\":\"es\",\"@id\":\"https:\/\/crees.org.do\/#\/schema\/person\/image\/\",\"url\":\"https:\/\/secure.gravatar.com\/avatar\/390ac8f0be5d9aa046152553e2dd7011b59a512d89c150f5e5f28bb8d9a0b165?s=96&d=mm&r=g\",\"contentUrl\":\"https:\/\/secure.gravatar.com\/avatar\/390ac8f0be5d9aa046152553e2dd7011b59a512d89c150f5e5f28bb8d9a0b165?s=96&d=mm&r=g\",\"caption\":\"Crees\"},\"url\":\"https:\/\/crees.org.do\/?author=2\"}]}<\/script>\n<!-- \/ Yoast SEO plugin. -->","yoast_head_json":{"title":"Collado: visi\u00f3n del BM sobre econom\u00eda de RD es optimista | CREES","robots":{"index":"index","follow":"follow","max-snippet":"max-snippet:-1","max-image-preview":"max-image-preview:large","max-video-preview":"max-video-preview:-1"},"canonical":"https:\/\/crees.org.do\/?p=29233","og_locale":"es_ES","og_type":"article","og_title":"Collado: visi\u00f3n del BM sobre econom\u00eda de RD es optimista | CREES","og_description":"Autor: Ubaldo Guzm\u00e1n Molina Fecha: 23 de enero de 2026 Extra\u00eddo de: Hoy Collado: visi\u00f3n del BM sobre econom\u00eda de RD es optimista El vicepresidente ejecutivo del Centro Regional de Estrategias Econ\u00f3micas Sostenibles (CREES),\u00a0Miguel Collado Di Franco, dijo ayer que la opini\u00f3n del Banco Mundial sobre el desempe\u00f1o econ\u00f3mico del pa\u00eds es un tanto optimista...","og_url":"https:\/\/crees.org.do\/?p=29233","og_site_name":"CREES","article_publisher":"https:\/\/www.facebook.com\/CREESRD\/","article_published_time":"2026-01-23T13:28:18+00:00","article_modified_time":"2026-01-23T13:28:32+00:00","og_image":[{"width":600,"height":400,"url":"https:\/\/crees.org.do\/wp-content\/uploads\/2026\/01\/ab7n81h.webp","type":"image\/webp"}],"author":"Crees","twitter_card":"summary_large_image","twitter_creator":"@CREESRD","twitter_site":"@CREESRD","twitter_misc":{"Escrito por":"Crees","Tiempo de lectura":"2 minutos"},"schema":{"@context":"https:\/\/schema.org","@graph":[{"@type":"Article","@id":"https:\/\/crees.org.do\/?p=29233#article","isPartOf":{"@id":"https:\/\/crees.org.do\/?p=29233"},"author":{"name":"Crees","@id":"https:\/\/crees.org.do\/#\/schema\/person\/e7f97cd94d7bf9cd0e0ce30acb7d56b8"},"headline":"Collado: visi\u00f3n del BM sobre econom\u00eda de RD es optimista","datePublished":"2026-01-23T13:28:18+00:00","dateModified":"2026-01-23T13:28:32+00:00","mainEntityOfPage":{"@id":"https:\/\/crees.org.do\/?p=29233"},"wordCount":354,"publisher":{"@id":"https:\/\/crees.org.do\/#organization"},"image":{"@id":"https:\/\/crees.org.do\/?p=29233#primaryimage"},"thumbnailUrl":"https:\/\/crees.org.do\/wp-content\/uploads\/2026\/01\/ab7n81h.webp","articleSection":["Actualidad"],"inLanguage":"es"},{"@type":"WebPage","@id":"https:\/\/crees.org.do\/?p=29233","url":"https:\/\/crees.org.do\/?p=29233","name":"Collado: visi\u00f3n del BM sobre econom\u00eda de RD es optimista | CREES","isPartOf":{"@id":"https:\/\/crees.org.do\/#website"},"primaryImageOfPage":{"@id":"https:\/\/crees.org.do\/?p=29233#primaryimage"},"image":{"@id":"https:\/\/crees.org.do\/?p=29233#primaryimage"},"thumbnailUrl":"https:\/\/crees.org.do\/wp-content\/uploads\/2026\/01\/ab7n81h.webp","datePublished":"2026-01-23T13:28:18+00:00","dateModified":"2026-01-23T13:28:32+00:00","breadcrumb":{"@id":"https:\/\/crees.org.do\/?p=29233#breadcrumb"},"inLanguage":"es","potentialAction":[{"@type":"ReadAction","target":["https:\/\/crees.org.do\/?p=29233"]}]},{"@type":"ImageObject","inLanguage":"es","@id":"https:\/\/crees.org.do\/?p=29233#primaryimage","url":"https:\/\/crees.org.do\/wp-content\/uploads\/2026\/01\/ab7n81h.webp","contentUrl":"https:\/\/crees.org.do\/wp-content\/uploads\/2026\/01\/ab7n81h.webp","width":600,"height":400},{"@type":"BreadcrumbList","@id":"https:\/\/crees.org.do\/?p=29233#breadcrumb","itemListElement":[{"@type":"ListItem","position":1,"name":"Portada","item":"https:\/\/crees.org.do\/"},{"@type":"ListItem","position":2,"name":"Collado: visi\u00f3n del BM sobre econom\u00eda de RD es optimista"}]},{"@type":"WebSite","@id":"https:\/\/crees.org.do\/#website","url":"https:\/\/crees.org.do\/","name":"CREES","description":"Centro Regional de Estrategias Econ\u00f3micas Sostenibles","publisher":{"@id":"https:\/\/crees.org.do\/#organization"},"potentialAction":[{"@type":"SearchAction","target":{"@type":"EntryPoint","urlTemplate":"https:\/\/crees.org.do\/?s={search_term_string}"},"query-input":{"@type":"PropertyValueSpecification","valueRequired":true,"valueName":"search_term_string"}}],"inLanguage":"es"},{"@type":"Organization","@id":"https:\/\/crees.org.do\/#organization","name":"CREES | Centro Regional de Estrategias Econ\u00f3micas Sostenibles","url":"https:\/\/crees.org.do\/","logo":{"@type":"ImageObject","inLanguage":"es","@id":"https:\/\/crees.org.do\/#\/schema\/logo\/image\/","url":"https:\/\/crees.org.do\/wp-content\/uploads\/2022\/03\/crees-logo-1.jpg","contentUrl":"https:\/\/crees.org.do\/wp-content\/uploads\/2022\/03\/crees-logo-1.jpg","width":244,"height":71,"caption":"CREES | Centro Regional de Estrategias Econ\u00f3micas Sostenibles"},"image":{"@id":"https:\/\/crees.org.do\/#\/schema\/logo\/image\/"},"sameAs":["https:\/\/www.facebook.com\/CREESRD\/","https:\/\/x.com\/CREESRD"]},{"@type":"Person","@id":"https:\/\/crees.org.do\/#\/schema\/person\/e7f97cd94d7bf9cd0e0ce30acb7d56b8","name":"Crees","image":{"@type":"ImageObject","inLanguage":"es","@id":"https:\/\/crees.org.do\/#\/schema\/person\/image\/","url":"https:\/\/secure.gravatar.com\/avatar\/390ac8f0be5d9aa046152553e2dd7011b59a512d89c150f5e5f28bb8d9a0b165?s=96&d=mm&r=g","contentUrl":"https:\/\/secure.gravatar.com\/avatar\/390ac8f0be5d9aa046152553e2dd7011b59a512d89c150f5e5f28bb8d9a0b165?s=96&d=mm&r=g","caption":"Crees"},"url":"https:\/\/crees.org.do\/?author=2"}]}},"_links":{"self":[{"href":"https:\/\/crees.org.do\/index.php?rest_route=\/wp\/v2\/posts\/29233","targetHints":{"allow":["GET"]}}],"collection":[{"href":"https:\/\/crees.org.do\/index.php?rest_route=\/wp\/v2\/posts"}],"about":[{"href":"https:\/\/crees.org.do\/index.php?rest_route=\/wp\/v2\/types\/post"}],"author":[{"embeddable":true,"href":"https:\/\/crees.org.do\/index.php?rest_route=\/wp\/v2\/users\/2"}],"replies":[{"embeddable":true,"href":"https:\/\/crees.org.do\/index.php?rest_route=%2Fwp%2Fv2%2Fcomments&post=29233"}],"version-history":[{"count":1,"href":"https:\/\/crees.org.do\/index.php?rest_route=\/wp\/v2\/posts\/29233\/revisions"}],"predecessor-version":[{"id":29235,"href":"https:\/\/crees.org.do\/index.php?rest_route=\/wp\/v2\/posts\/29233\/revisions\/29235"}],"wp:featuredmedia":[{"embeddable":true,"href":"https:\/\/crees.org.do\/index.php?rest_route=\/wp\/v2\/media\/29234"}],"wp:attachment":[{"href":"https:\/\/crees.org.do\/index.php?rest_route=%2Fwp%2Fv2%2Fmedia&parent=29233"}],"wp:term":[{"taxonomy":"category","embeddable":true,"href":"https:\/\/crees.org.do\/index.php?rest_route=%2Fwp%2Fv2%2Fcategories&post=29233"},{"taxonomy":"post_tag","embeddable":true,"href":"https:\/\/crees.org.do\/index.php?rest_route=%2Fwp%2Fv2%2Ftags&post=29233"}],"curies":[{"name":"wp","href":"https:\/\/api.w.org\/{rel}","templated":true}]}}