{"id":29393,"date":"2026-03-04T17:49:45","date_gmt":"2026-03-04T17:49:45","guid":{"rendered":"https:\/\/crees.org.do\/?p=29393"},"modified":"2026-03-04T17:49:45","modified_gmt":"2026-03-04T17:49:45","slug":"la-reforma-laboral-de-argentina-es-un-paso-en-la-direccion-correcta","status":"publish","type":"post","link":"https:\/\/crees.org.do\/?p=29393","title":{"rendered":"La reforma laboral de Argentina es un paso en la direcci\u00f3n correcta"},"content":{"rendered":"<p style=\"text-align: justify;\">Autor: Marcos Falcone<\/p>\n<p style=\"text-align: justify;\">Fecha: 2 de marzo de 2026<\/p>\n<p style=\"text-align: justify;\">Extra\u00eddo de: <a href=\"https:\/\/www.elcato.org\/la-reforma-laboral-de-argentina-es-un-paso-en-la-direccion-correcta\">El Cato<\/a><\/p>\n<h2 class=\"page-title\" style=\"text-align: justify;\">La reforma laboral de Argentina es un paso en la direcci\u00f3n correcta<\/h2>\n<p style=\"text-align: justify;\">El 27 de febrero, tras la votaci\u00f3n de la C\u00e1mara de Diputados la semana pasada, el Senado argentino aprob\u00f3 un nuevo proyecto de ley de\u00a0<strong>reforma laboral<\/strong>\u00a0impulsado por el gobierno de\u00a0<strong>Javier Milei<\/strong>. En un pa\u00eds donde los\u00a0<strong>costos laborales<\/strong>\u00a0<a href=\"https:\/\/www.iaraf.org\/index.php\/informes-economicos\/area-fiscal\/660-informe-economico-2025-09-12\" target=\"_blank\" rel=\"noopener\">superan<\/a>\u00a0el promedio de la OCDE en m\u00e1s del 50% y la<strong>\u00a0informalidad<\/strong>\u00a0<a href=\"https:\/\/www.batimes.com.ar\/news\/economy\/informal-employment-rises-to-42-affecting-4-in-10-workers-in-argentina.phtml\" target=\"_blank\" rel=\"noopener\">afecta a<\/a>\u00a0m\u00e1s del 40% de los trabajadores, la nueva ley tiene por objeto reducir el\u00a0<strong>costo del empleo formal<\/strong>.<\/p>\n<p style=\"text-align: justify;\">Con ese fin, la reforma laboral de Milei\u00a0<a href=\"https:\/\/drive.google.com\/file\/d\/1RH5vv5RzgRHDRrPUz5IaMNbQaWfjQdAv\/view\" target=\"_blank\" rel=\"noopener\">reduce<\/a>\u00a0en un 85% los impuestos a los empleadores que contraten formalmente a nuevos trabajadores, siempre que estos \u00faltimos estuvieran previamente desempleados o fueran antiguos empleados del\u00a0<strong>sector p\u00fablico<\/strong>. Esto se aplica si el empleador realiza la contrataci\u00f3n en el plazo de un a\u00f1o a partir de la fecha de entrada en vigor de la ley y durante un m\u00e1ximo de cuatro a\u00f1os. Hasta ahora, los empleadores pagaban un 16,1% adicional sobre el salario del empleado a la seguridad social y a los programas de prestaciones sociales. A partir de ahora, esa cifra se reducir\u00e1 al 2%.<\/p>\n<p style=\"text-align: justify;\">Adem\u00e1s de reducir el costo de la contrataci\u00f3n, el proyecto de reforma laboral tambi\u00e9n reduce el\u00a0<strong>costo del despido<\/strong>. La legislaci\u00f3n argentina exige el pago obligatorio de una\u00a0<strong>indemnizaci\u00f3n<\/strong>\u00a0equivalente a un mes de salario por cada a\u00f1o de servicio. La nueva ley mantiene este sistema, pero limita el c\u00e1lculo de estos pagos para incluir solo el salario base del empleado, excluyendo as\u00ed las vacaciones no disfrutadas y cualquier bonificaci\u00f3n, incluido el\u00a0<em>aguinaldo,\u00a0<\/em>un salario extra exigido por ley que se paga cada a\u00f1o en dos plazos.<\/p>\n<p style=\"text-align: justify;\">La nueva ley laboral tambi\u00e9n ofrece m\u00e1s certeza en caso de litigio judicial sobre una indemnizaci\u00f3n por despido, un fen\u00f3meno tan extendido en Argentina que se conoce como &#8220;industria del juicio&#8221;. Seg\u00fan una\u00a0<a href=\"https:\/\/www.uart.org.ar\/wp-content\/uploads\/La-Ecuaci%C3%B3n-26-09-25-1-2.pdf\" target=\"_blank\" rel=\"noopener\">estimaci\u00f3n de 2025<\/a>, en\u00a0<strong>Argentina<\/strong>\u00a0hay 21 veces m\u00e1s demandas por despido que en\u00a0<strong>Chile<\/strong>\u00a0y 15 veces m\u00e1s que en\u00a0<strong>Espa\u00f1a<\/strong>. Hasta ahora, correspond\u00eda a los jueces decidir cu\u00e1nto inter\u00e9s se pagar\u00eda una vez resuelta la disputa, lo que,\u00a0<a href=\"https:\/\/www.infobae.com\/economia\/2025\/12\/15\/dos-empresarios-pyme-quedaron-al-borde-de-la-quiebra-por-un-juicio-laboral-te-dejan-fuera-del-sistema-te-destruyen\/?utm_medium=Social&amp;utm_source=Twitter#Echobox=1765808474\" target=\"_blank\" rel=\"noopener\">una y otra vez<\/a>, daba lugar a notorios fallos en los que se congelaban los activos de los propietarios de peque\u00f1as empresas porque las indemnizaciones por despido superaban sus ingresos. Ahora, la ley determina que estos pagos se indexar\u00e1n a la inflaci\u00f3n y se les a\u00f1adir\u00e1 un 3% de inter\u00e9s anual.<\/p>\n<p style=\"text-align: justify;\">Para ayudar a las empresas a gestionar las indemnizaciones por despido, la nueva ley tambi\u00e9n establece un fondo de indemnizaci\u00f3n opcional, el\u00a0<em><strong>Fondo de Asistencia Laboral<\/strong>\u00a0<\/em>(FAL)<em>.<\/em>\u00a0La idea es que los empleadores puedan optar por participar en el sistema pagando contribuciones mensuales al FAL para poder utilizar estos fondos en caso de despido. Si deciden hacerlo, pagar\u00e1n menos impuestos sobre la n\u00f3mina como compensaci\u00f3n. De esta manera, las indemnizaciones por despido no saldr\u00edan necesariamente de los ingresos operativos, lo que reducir\u00eda la amenaza de quiebra para las peque\u00f1as empresas.<\/p>\n<p style=\"text-align: justify;\">La nueva ley laboral tambi\u00e9n introduce cambios en el lugar de trabajo mediante los cuales los trabajadores ganan m\u00e1s autonom\u00eda y los sindicatos pierden algunos de los privilegios legales que les proporcionaban poder de negociaci\u00f3n. Por ejemplo, la nueva ley permite a los empleadores y a los empleados negociar aumentos salariales a nivel individual, eludiendo as\u00ed los convenios colectivos. Tambi\u00e9n permite a los empleados que trabajan horas extras tomarse ese tiempo libre en una fecha posterior, as\u00ed como permitir que los salarios se paguen en d\u00f3lares estadounidenses en lugar de solo en pesos, todo lo cual estaba prohibido antes de la reforma. El proyecto de ley tambi\u00e9n establece l\u00edmites al tiempo que las actividades sindicales pueden ocupar en la empresa.<\/p>\n<p style=\"text-align: justify;\">El proyecto de reforma laboral tambi\u00e9n desregula determinadas profesiones al derogar leyes que regulaban c\u00f3mo se deb\u00eda trabajar. Estas leyes derogadas se aplicaban a determinadas profesiones, como la de vendedor ambulante. El Estatuto del Periodista, por ejemplo, no solo conced\u00eda licencias a los periodistas, sino que tambi\u00e9n\u00a0<a href=\"https:\/\/x.com\/alejobongio\/status\/2024898721616396748\" target=\"_blank\" rel=\"noopener\">establec\u00eda la<\/a>\u00a0prohibici\u00f3n de que los extranjeros pudieran dirigir un medio de comunicaci\u00f3n, entre otras restricciones. Algunas de estas leyes tambi\u00e9n se aplicaban a todos los trabajadores en situaciones espec\u00edficas, como la\u00a0<strong>Ley de Teletrabajo<\/strong>\u00a0en el caso del trabajo virtual, que impon\u00eda regulaciones estrictas que\u00a0<a href=\"https:\/\/www.lanacion.com.ar\/economia\/negocios\/teletrabajo-empresarios-opinion-nid2408741\/\" target=\"_blank\" rel=\"noopener\">desalentaban<\/a>\u00a0la\u00a0adopci\u00f3n del trabajo a distancia.<\/p>\n<p style=\"text-align: justify;\">Por \u00faltimo, pero no menos importante, la nueva ley laboral incluye tambi\u00e9n algunas reducciones fiscales indirectas para las empresas, la m\u00e1s significativa de las cuales es el\u00a0<strong>R\u00e9gimen de Incentivos para Inversiones Medianas<\/strong><em>.<\/em>\u00a0La ley permite esencialmente una amortizaci\u00f3n acelerada para el c\u00e1lculo del impuesto sobre la renta y una devoluci\u00f3n m\u00e1s r\u00e1pida del IVA en inversiones superiores a 150.000 d\u00f3lares para las peque\u00f1as empresas. Se trata de una ampliaci\u00f3n limitada de otra ley (conocida por sus siglas en espa\u00f1ol, RIGI), que el Congreso aprob\u00f3 en 2024 para ofrecer incentivos fiscales durante dos a\u00f1os a las inversiones superiores a 200 millones de d\u00f3lares, y que recientemente se ha\u00a0<a href=\"https:\/\/www.argentina.gob.ar\/noticias\/el-gobierno-nacional-prorroga-por-un-ano-el-plazo-de-adhesion-al-rigi\" target=\"_blank\" rel=\"noopener\">prorrogado<\/a>\u00a0por un a\u00f1o m\u00e1s. Hasta ahora, Argentina ha conseguido m\u00e1s de 25.000 millones de d\u00f3lares en inversiones a trav\u00e9s de\u00a0<a href=\"https:\/\/www.argentina.gob.ar\/noticias\/el-gobierno-nacional-prorroga-por-un-ano-el-plazo-de-adhesion-al-rigi\" target=\"_blank\" rel=\"noopener\">un total de diez proyectos<\/a>\u00a0gracias al RIGI.<\/p>\n<p style=\"text-align: justify;\">La nueva ley argentina es un paso en la direcci\u00f3n correcta, aunque se necesitar\u00e1n m\u00e1s medidas para liberalizar completamente el\u00a0<strong>mercado laboral<\/strong>. En ese sentido, el primer borrador del proyecto de ley inclu\u00eda inicialmente modificaciones que tuvieron que ser eliminadas durante las negociaciones, ya que Milei no cuenta con mayor\u00eda ni en la C\u00e1mara de Diputados ni en el Senado. Entre ellas figuraban la eliminaci\u00f3n de las cotizaciones obligatorias a los sindicatos y la implantaci\u00f3n de un sistema menos oneroso para los empleadores en caso de baja por enfermedad, ambas medidas abandonadas tras la fuerte presi\u00f3n de los sindicatos y la oposici\u00f3n.<\/p>\n<p style=\"text-align: justify;\">Sin embargo, la aprobaci\u00f3n del proyecto de ley de reforma laboral, solo unos meses despu\u00e9s de la\u00a0<a href=\"https:\/\/www.cato.org\/blog\/resounding-win-mileis-reform-agenda-argentina\" target=\"_blank\" rel=\"noopener\">victoria de Milei en las elecciones de mitad de mandato<\/a>\u00a0en octubre, env\u00eda un mensaje positivo a los inversores. Ahora se\u00a0<a href=\"https:\/\/www.infobae.com\/politica\/2026\/02\/18\/milei-acelera-con-su-agenda-de-reformas-cada-ministerio-tiene-en-carpeta-mas-de-10-proyectos-para-2026\/?utm_source=chatgpt.com\" target=\"_blank\" rel=\"noopener\">espera que<\/a>\u00a0la administraci\u00f3n Milei impulse una\u00a0<strong>reforma fiscal<\/strong>\u00a0y, posiblemente, una reforma de la\u00a0<strong>seguridad social<\/strong>. Es probable que las negociaciones sean dif\u00edciles en ambos casos, pero Milei tiene el impulso a su favor.<\/p>\n<p style=\"text-align: justify;\"><em>Este art\u00edculo fue publicado originalmente en\u00a0<\/em><a href=\"https:\/\/www.cato.org\/blog\/argentinas-labor-reform-step-right-direction\" target=\"_blank\" rel=\"noopener\">Cato At Liberty<\/a><em>\u00a0(Estados Unidos) el 28 de febrero de 2026.<\/em><\/p>\n<div class=\"pvc_clear\"><\/div>\n<p class=\"pvc_stats all \" data-element-id=\"29393\" style=\"\"><i class=\"pvc-stats-icon medium\" aria-hidden=\"true\"><svg aria-hidden=\"true\" focusable=\"false\" data-prefix=\"far\" data-icon=\"chart-bar\" role=\"img\" xmlns=\"http:\/\/www.w3.org\/2000\/svg\" viewBox=\"0 0 512 512\" class=\"svg-inline--fa fa-chart-bar fa-w-16 fa-2x\"><path fill=\"currentColor\" d=\"M396.8 352h22.4c6.4 0 12.8-6.4 12.8-12.8V108.8c0-6.4-6.4-12.8-12.8-12.8h-22.4c-6.4 0-12.8 6.4-12.8 12.8v230.4c0 6.4 6.4 12.8 12.8 12.8zm-192 0h22.4c6.4 0 12.8-6.4 12.8-12.8V140.8c0-6.4-6.4-12.8-12.8-12.8h-22.4c-6.4 0-12.8 6.4-12.8 12.8v198.4c0 6.4 6.4 12.8 12.8 12.8zm96 0h22.4c6.4 0 12.8-6.4 12.8-12.8V204.8c0-6.4-6.4-12.8-12.8-12.8h-22.4c-6.4 0-12.8 6.4-12.8 12.8v134.4c0 6.4 6.4 12.8 12.8 12.8zM496 400H48V80c0-8.84-7.16-16-16-16H16C7.16 64 0 71.16 0 80v336c0 17.67 14.33 32 32 32h464c8.84 0 16-7.16 16-16v-16c0-8.84-7.16-16-16-16zm-387.2-48h22.4c6.4 0 12.8-6.4 12.8-12.8v-70.4c0-6.4-6.4-12.8-12.8-12.8h-22.4c-6.4 0-12.8 6.4-12.8 12.8v70.4c0 6.4 6.4 12.8 12.8 12.8z\" class=\"\"><\/path><\/svg><\/i> Vistas Totales&nbsp;652&nbsp;, Vistas Hoy&nbsp;2&nbsp;<\/p>\n<div class=\"pvc_clear\"><\/div>\n","protected":false},"excerpt":{"rendered":"<p>Autor: Marcos Falcone Fecha: 2 de marzo de 2026 Extra\u00eddo de: El Cato La reforma laboral de Argentina es un paso en la direcci\u00f3n correcta El 27 de febrero, tras la votaci\u00f3n de la C\u00e1mara de Diputados la semana pasada, el Senado argentino aprob\u00f3 un nuevo proyecto de ley de\u00a0reforma laboral\u00a0impulsado por el gobierno de\u00a0Javier&#8230;<\/p>\n<div class=\"pvc_clear\"><\/div>\n<p class=\"pvc_stats all \" data-element-id=\"29393\" style=\"\"><i class=\"pvc-stats-icon medium\" aria-hidden=\"true\"><svg aria-hidden=\"true\" focusable=\"false\" data-prefix=\"far\" data-icon=\"chart-bar\" role=\"img\" xmlns=\"http:\/\/www.w3.org\/2000\/svg\" viewBox=\"0 0 512 512\" class=\"svg-inline--fa fa-chart-bar fa-w-16 fa-2x\"><path fill=\"currentColor\" d=\"M396.8 352h22.4c6.4 0 12.8-6.4 12.8-12.8V108.8c0-6.4-6.4-12.8-12.8-12.8h-22.4c-6.4 0-12.8 6.4-12.8 12.8v230.4c0 6.4 6.4 12.8 12.8 12.8zm-192 0h22.4c6.4 0 12.8-6.4 12.8-12.8V140.8c0-6.4-6.4-12.8-12.8-12.8h-22.4c-6.4 0-12.8 6.4-12.8 12.8v198.4c0 6.4 6.4 12.8 12.8 12.8zm96 0h22.4c6.4 0 12.8-6.4 12.8-12.8V204.8c0-6.4-6.4-12.8-12.8-12.8h-22.4c-6.4 0-12.8 6.4-12.8 12.8v134.4c0 6.4 6.4 12.8 12.8 12.8zM496 400H48V80c0-8.84-7.16-16-16-16H16C7.16 64 0 71.16 0 80v336c0 17.67 14.33 32 32 32h464c8.84 0 16-7.16 16-16v-16c0-8.84-7.16-16-16-16zm-387.2-48h22.4c6.4 0 12.8-6.4 12.8-12.8v-70.4c0-6.4-6.4-12.8-12.8-12.8h-22.4c-6.4 0-12.8 6.4-12.8 12.8v70.4c0 6.4 6.4 12.8 12.8 12.8z\" class=\"\"><\/path><\/svg><\/i> Vistas Totales&nbsp;652&nbsp;, Vistas Hoy&nbsp;2&nbsp;<\/p>\n<div class=\"pvc_clear\"><\/div>\n","protected":false},"author":2,"featured_media":29394,"comment_status":"closed","ping_status":"closed","sticky":false,"template":"","format":"standard","meta":{"footnotes":""},"categories":[22],"tags":[],"class_list":["post-29393","post","type-post","status-publish","format-standard","has-post-thumbnail","hentry","category-articulos"],"yoast_head":"<!-- This site is optimized with the Yoast SEO plugin v25.2 - https:\/\/yoast.com\/wordpress\/plugins\/seo\/ -->\n<title>La reforma laboral de Argentina es un paso en la direcci\u00f3n correcta | CREES<\/title>\n<meta name=\"robots\" content=\"index, follow, max-snippet:-1, max-image-preview:large, max-video-preview:-1\" \/>\n<link rel=\"canonical\" href=\"https:\/\/crees.org.do\/?p=29393\" \/>\n<meta property=\"og:locale\" content=\"es_ES\" \/>\n<meta property=\"og:type\" content=\"article\" \/>\n<meta property=\"og:title\" content=\"La reforma laboral de Argentina es un paso en la direcci\u00f3n correcta | CREES\" \/>\n<meta property=\"og:description\" content=\"Autor: Marcos Falcone Fecha: 2 de marzo de 2026 Extra\u00eddo de: El Cato La reforma laboral de Argentina es un paso en la direcci\u00f3n correcta El 27 de febrero, tras la votaci\u00f3n de la C\u00e1mara de Diputados la semana pasada, el Senado argentino aprob\u00f3 un nuevo proyecto de ley de\u00a0reforma laboral\u00a0impulsado por el gobierno de\u00a0Javier...\" \/>\n<meta property=\"og:url\" content=\"https:\/\/crees.org.do\/?p=29393\" \/>\n<meta property=\"og:site_name\" content=\"CREES\" \/>\n<meta property=\"article:publisher\" content=\"https:\/\/www.facebook.com\/CREESRD\/\" \/>\n<meta property=\"article:published_time\" content=\"2026-03-04T17:49:45+00:00\" \/>\n<meta property=\"og:image\" content=\"https:\/\/crees.org.do\/wp-content\/uploads\/2026\/03\/fasinpat_trabajando-scaled.jpg\" \/>\n\t<meta property=\"og:image:width\" content=\"1200\" \/>\n\t<meta property=\"og:image:height\" content=\"641\" \/>\n\t<meta property=\"og:image:type\" content=\"image\/jpeg\" \/>\n<meta name=\"author\" content=\"Crees\" \/>\n<meta name=\"twitter:card\" content=\"summary_large_image\" \/>\n<meta name=\"twitter:creator\" content=\"@CREESRD\" \/>\n<meta name=\"twitter:site\" content=\"@CREESRD\" \/>\n<meta name=\"twitter:label1\" content=\"Escrito por\" \/>\n\t<meta name=\"twitter:data1\" content=\"Crees\" \/>\n\t<meta name=\"twitter:label2\" content=\"Tiempo de lectura\" \/>\n\t<meta name=\"twitter:data2\" content=\"6 minutos\" \/>\n<script type=\"application\/ld+json\" class=\"yoast-schema-graph\">{\"@context\":\"https:\/\/schema.org\",\"@graph\":[{\"@type\":\"Article\",\"@id\":\"https:\/\/crees.org.do\/?p=29393#article\",\"isPartOf\":{\"@id\":\"https:\/\/crees.org.do\/?p=29393\"},\"author\":{\"name\":\"Crees\",\"@id\":\"https:\/\/crees.org.do\/#\/schema\/person\/e7f97cd94d7bf9cd0e0ce30acb7d56b8\"},\"headline\":\"La reforma laboral de Argentina es un paso en la direcci\u00f3n correcta\",\"datePublished\":\"2026-03-04T17:49:45+00:00\",\"mainEntityOfPage\":{\"@id\":\"https:\/\/crees.org.do\/?p=29393\"},\"wordCount\":1151,\"publisher\":{\"@id\":\"https:\/\/crees.org.do\/#organization\"},\"image\":{\"@id\":\"https:\/\/crees.org.do\/?p=29393#primaryimage\"},\"thumbnailUrl\":\"https:\/\/crees.org.do\/wp-content\/uploads\/2026\/03\/fasinpat_trabajando-scaled.jpg\",\"articleSection\":[\"Art\u00edculos\"],\"inLanguage\":\"es\"},{\"@type\":\"WebPage\",\"@id\":\"https:\/\/crees.org.do\/?p=29393\",\"url\":\"https:\/\/crees.org.do\/?p=29393\",\"name\":\"La reforma laboral de Argentina es un paso en la direcci\u00f3n correcta | CREES\",\"isPartOf\":{\"@id\":\"https:\/\/crees.org.do\/#website\"},\"primaryImageOfPage\":{\"@id\":\"https:\/\/crees.org.do\/?p=29393#primaryimage\"},\"image\":{\"@id\":\"https:\/\/crees.org.do\/?p=29393#primaryimage\"},\"thumbnailUrl\":\"https:\/\/crees.org.do\/wp-content\/uploads\/2026\/03\/fasinpat_trabajando-scaled.jpg\",\"datePublished\":\"2026-03-04T17:49:45+00:00\",\"breadcrumb\":{\"@id\":\"https:\/\/crees.org.do\/?p=29393#breadcrumb\"},\"inLanguage\":\"es\",\"potentialAction\":[{\"@type\":\"ReadAction\",\"target\":[\"https:\/\/crees.org.do\/?p=29393\"]}]},{\"@type\":\"ImageObject\",\"inLanguage\":\"es\",\"@id\":\"https:\/\/crees.org.do\/?p=29393#primaryimage\",\"url\":\"https:\/\/crees.org.do\/wp-content\/uploads\/2026\/03\/fasinpat_trabajando-scaled.jpg\",\"contentUrl\":\"https:\/\/crees.org.do\/wp-content\/uploads\/2026\/03\/fasinpat_trabajando-scaled.jpg\",\"width\":1200,\"height\":641},{\"@type\":\"BreadcrumbList\",\"@id\":\"https:\/\/crees.org.do\/?p=29393#breadcrumb\",\"itemListElement\":[{\"@type\":\"ListItem\",\"position\":1,\"name\":\"Portada\",\"item\":\"https:\/\/crees.org.do\/\"},{\"@type\":\"ListItem\",\"position\":2,\"name\":\"La reforma laboral de Argentina es un paso en la direcci\u00f3n correcta\"}]},{\"@type\":\"WebSite\",\"@id\":\"https:\/\/crees.org.do\/#website\",\"url\":\"https:\/\/crees.org.do\/\",\"name\":\"CREES\",\"description\":\"Centro Regional de Estrategias Econ\u00f3micas Sostenibles\",\"publisher\":{\"@id\":\"https:\/\/crees.org.do\/#organization\"},\"potentialAction\":[{\"@type\":\"SearchAction\",\"target\":{\"@type\":\"EntryPoint\",\"urlTemplate\":\"https:\/\/crees.org.do\/?s={search_term_string}\"},\"query-input\":{\"@type\":\"PropertyValueSpecification\",\"valueRequired\":true,\"valueName\":\"search_term_string\"}}],\"inLanguage\":\"es\"},{\"@type\":\"Organization\",\"@id\":\"https:\/\/crees.org.do\/#organization\",\"name\":\"CREES | Centro Regional de Estrategias Econ\u00f3micas Sostenibles\",\"url\":\"https:\/\/crees.org.do\/\",\"logo\":{\"@type\":\"ImageObject\",\"inLanguage\":\"es\",\"@id\":\"https:\/\/crees.org.do\/#\/schema\/logo\/image\/\",\"url\":\"https:\/\/crees.org.do\/wp-content\/uploads\/2022\/03\/crees-logo-1.jpg\",\"contentUrl\":\"https:\/\/crees.org.do\/wp-content\/uploads\/2022\/03\/crees-logo-1.jpg\",\"width\":244,\"height\":71,\"caption\":\"CREES | Centro Regional de Estrategias Econ\u00f3micas Sostenibles\"},\"image\":{\"@id\":\"https:\/\/crees.org.do\/#\/schema\/logo\/image\/\"},\"sameAs\":[\"https:\/\/www.facebook.com\/CREESRD\/\",\"https:\/\/x.com\/CREESRD\"]},{\"@type\":\"Person\",\"@id\":\"https:\/\/crees.org.do\/#\/schema\/person\/e7f97cd94d7bf9cd0e0ce30acb7d56b8\",\"name\":\"Crees\",\"image\":{\"@type\":\"ImageObject\",\"inLanguage\":\"es\",\"@id\":\"https:\/\/crees.org.do\/#\/schema\/person\/image\/\",\"url\":\"https:\/\/secure.gravatar.com\/avatar\/390ac8f0be5d9aa046152553e2dd7011b59a512d89c150f5e5f28bb8d9a0b165?s=96&d=mm&r=g\",\"contentUrl\":\"https:\/\/secure.gravatar.com\/avatar\/390ac8f0be5d9aa046152553e2dd7011b59a512d89c150f5e5f28bb8d9a0b165?s=96&d=mm&r=g\",\"caption\":\"Crees\"},\"url\":\"https:\/\/crees.org.do\/?author=2\"}]}<\/script>\n<!-- \/ Yoast SEO plugin. -->","yoast_head_json":{"title":"La reforma laboral de Argentina es un paso en la direcci\u00f3n correcta | CREES","robots":{"index":"index","follow":"follow","max-snippet":"max-snippet:-1","max-image-preview":"max-image-preview:large","max-video-preview":"max-video-preview:-1"},"canonical":"https:\/\/crees.org.do\/?p=29393","og_locale":"es_ES","og_type":"article","og_title":"La reforma laboral de Argentina es un paso en la direcci\u00f3n correcta | CREES","og_description":"Autor: Marcos Falcone Fecha: 2 de marzo de 2026 Extra\u00eddo de: El Cato La reforma laboral de Argentina es un paso en la direcci\u00f3n correcta El 27 de febrero, tras la votaci\u00f3n de la C\u00e1mara de Diputados la semana pasada, el Senado argentino aprob\u00f3 un nuevo proyecto de ley de\u00a0reforma laboral\u00a0impulsado por el gobierno de\u00a0Javier...","og_url":"https:\/\/crees.org.do\/?p=29393","og_site_name":"CREES","article_publisher":"https:\/\/www.facebook.com\/CREESRD\/","article_published_time":"2026-03-04T17:49:45+00:00","og_image":[{"width":1200,"height":641,"url":"https:\/\/crees.org.do\/wp-content\/uploads\/2026\/03\/fasinpat_trabajando-scaled.jpg","type":"image\/jpeg"}],"author":"Crees","twitter_card":"summary_large_image","twitter_creator":"@CREESRD","twitter_site":"@CREESRD","twitter_misc":{"Escrito por":"Crees","Tiempo de lectura":"6 minutos"},"schema":{"@context":"https:\/\/schema.org","@graph":[{"@type":"Article","@id":"https:\/\/crees.org.do\/?p=29393#article","isPartOf":{"@id":"https:\/\/crees.org.do\/?p=29393"},"author":{"name":"Crees","@id":"https:\/\/crees.org.do\/#\/schema\/person\/e7f97cd94d7bf9cd0e0ce30acb7d56b8"},"headline":"La reforma laboral de Argentina es un paso en la direcci\u00f3n correcta","datePublished":"2026-03-04T17:49:45+00:00","mainEntityOfPage":{"@id":"https:\/\/crees.org.do\/?p=29393"},"wordCount":1151,"publisher":{"@id":"https:\/\/crees.org.do\/#organization"},"image":{"@id":"https:\/\/crees.org.do\/?p=29393#primaryimage"},"thumbnailUrl":"https:\/\/crees.org.do\/wp-content\/uploads\/2026\/03\/fasinpat_trabajando-scaled.jpg","articleSection":["Art\u00edculos"],"inLanguage":"es"},{"@type":"WebPage","@id":"https:\/\/crees.org.do\/?p=29393","url":"https:\/\/crees.org.do\/?p=29393","name":"La reforma laboral de Argentina es un paso en la direcci\u00f3n correcta | CREES","isPartOf":{"@id":"https:\/\/crees.org.do\/#website"},"primaryImageOfPage":{"@id":"https:\/\/crees.org.do\/?p=29393#primaryimage"},"image":{"@id":"https:\/\/crees.org.do\/?p=29393#primaryimage"},"thumbnailUrl":"https:\/\/crees.org.do\/wp-content\/uploads\/2026\/03\/fasinpat_trabajando-scaled.jpg","datePublished":"2026-03-04T17:49:45+00:00","breadcrumb":{"@id":"https:\/\/crees.org.do\/?p=29393#breadcrumb"},"inLanguage":"es","potentialAction":[{"@type":"ReadAction","target":["https:\/\/crees.org.do\/?p=29393"]}]},{"@type":"ImageObject","inLanguage":"es","@id":"https:\/\/crees.org.do\/?p=29393#primaryimage","url":"https:\/\/crees.org.do\/wp-content\/uploads\/2026\/03\/fasinpat_trabajando-scaled.jpg","contentUrl":"https:\/\/crees.org.do\/wp-content\/uploads\/2026\/03\/fasinpat_trabajando-scaled.jpg","width":1200,"height":641},{"@type":"BreadcrumbList","@id":"https:\/\/crees.org.do\/?p=29393#breadcrumb","itemListElement":[{"@type":"ListItem","position":1,"name":"Portada","item":"https:\/\/crees.org.do\/"},{"@type":"ListItem","position":2,"name":"La reforma laboral de Argentina es un paso en la direcci\u00f3n correcta"}]},{"@type":"WebSite","@id":"https:\/\/crees.org.do\/#website","url":"https:\/\/crees.org.do\/","name":"CREES","description":"Centro Regional de Estrategias Econ\u00f3micas Sostenibles","publisher":{"@id":"https:\/\/crees.org.do\/#organization"},"potentialAction":[{"@type":"SearchAction","target":{"@type":"EntryPoint","urlTemplate":"https:\/\/crees.org.do\/?s={search_term_string}"},"query-input":{"@type":"PropertyValueSpecification","valueRequired":true,"valueName":"search_term_string"}}],"inLanguage":"es"},{"@type":"Organization","@id":"https:\/\/crees.org.do\/#organization","name":"CREES | Centro Regional de Estrategias Econ\u00f3micas Sostenibles","url":"https:\/\/crees.org.do\/","logo":{"@type":"ImageObject","inLanguage":"es","@id":"https:\/\/crees.org.do\/#\/schema\/logo\/image\/","url":"https:\/\/crees.org.do\/wp-content\/uploads\/2022\/03\/crees-logo-1.jpg","contentUrl":"https:\/\/crees.org.do\/wp-content\/uploads\/2022\/03\/crees-logo-1.jpg","width":244,"height":71,"caption":"CREES | Centro Regional de Estrategias Econ\u00f3micas Sostenibles"},"image":{"@id":"https:\/\/crees.org.do\/#\/schema\/logo\/image\/"},"sameAs":["https:\/\/www.facebook.com\/CREESRD\/","https:\/\/x.com\/CREESRD"]},{"@type":"Person","@id":"https:\/\/crees.org.do\/#\/schema\/person\/e7f97cd94d7bf9cd0e0ce30acb7d56b8","name":"Crees","image":{"@type":"ImageObject","inLanguage":"es","@id":"https:\/\/crees.org.do\/#\/schema\/person\/image\/","url":"https:\/\/secure.gravatar.com\/avatar\/390ac8f0be5d9aa046152553e2dd7011b59a512d89c150f5e5f28bb8d9a0b165?s=96&d=mm&r=g","contentUrl":"https:\/\/secure.gravatar.com\/avatar\/390ac8f0be5d9aa046152553e2dd7011b59a512d89c150f5e5f28bb8d9a0b165?s=96&d=mm&r=g","caption":"Crees"},"url":"https:\/\/crees.org.do\/?author=2"}]}},"_links":{"self":[{"href":"https:\/\/crees.org.do\/index.php?rest_route=\/wp\/v2\/posts\/29393","targetHints":{"allow":["GET"]}}],"collection":[{"href":"https:\/\/crees.org.do\/index.php?rest_route=\/wp\/v2\/posts"}],"about":[{"href":"https:\/\/crees.org.do\/index.php?rest_route=\/wp\/v2\/types\/post"}],"author":[{"embeddable":true,"href":"https:\/\/crees.org.do\/index.php?rest_route=\/wp\/v2\/users\/2"}],"replies":[{"embeddable":true,"href":"https:\/\/crees.org.do\/index.php?rest_route=%2Fwp%2Fv2%2Fcomments&post=29393"}],"version-history":[{"count":1,"href":"https:\/\/crees.org.do\/index.php?rest_route=\/wp\/v2\/posts\/29393\/revisions"}],"predecessor-version":[{"id":29395,"href":"https:\/\/crees.org.do\/index.php?rest_route=\/wp\/v2\/posts\/29393\/revisions\/29395"}],"wp:featuredmedia":[{"embeddable":true,"href":"https:\/\/crees.org.do\/index.php?rest_route=\/wp\/v2\/media\/29394"}],"wp:attachment":[{"href":"https:\/\/crees.org.do\/index.php?rest_route=%2Fwp%2Fv2%2Fmedia&parent=29393"}],"wp:term":[{"taxonomy":"category","embeddable":true,"href":"https:\/\/crees.org.do\/index.php?rest_route=%2Fwp%2Fv2%2Fcategories&post=29393"},{"taxonomy":"post_tag","embeddable":true,"href":"https:\/\/crees.org.do\/index.php?rest_route=%2Fwp%2Fv2%2Ftags&post=29393"}],"curies":[{"name":"wp","href":"https:\/\/api.w.org\/{rel}","templated":true}]}}