{"id":29471,"date":"2026-03-13T15:11:37","date_gmt":"2026-03-13T15:11:37","guid":{"rendered":"https:\/\/crees.org.do\/?p=29471"},"modified":"2026-03-13T15:49:28","modified_gmt":"2026-03-13T15:49:28","slug":"el-fin-de-la-escasez-el-futuro-que-no-llegara","status":"publish","type":"post","link":"https:\/\/crees.org.do\/?p=29471","title":{"rendered":"Emoci\u00f3n versus principio: la fragilidad de la gobernanza moderna"},"content":{"rendered":"<p style=\"text-align: justify;\">Autor: Deborah Palma<\/p>\n<p style=\"text-align: justify;\">Fecha: 3 de marzo de 2026<\/p>\n<p style=\"text-align: justify;\">Extra\u00eddo de: <a href=\"https:\/\/mises.org\/es\/poder-y-mercado\/emocion-versus-principio-la-fragilidad-de-la-gobernanza-moderna\">Mises Institute<\/a><\/p>\n<h2 class=\"text-4xl font-crimson text-misesGreyDark [text-wrap:balance] md:text-5xl lg:text-6xl mb-4\" style=\"text-align: justify;\">Emoci\u00f3n versus principio: la fragilidad de la gobernanza moderna<\/h2>\n<div class=\"prose max-w-none prose-headings:text-misesBlueDark first:prose-p:mt-0 first:prose-ol:mt-0 first:prose-ul:mt-0 first:prose-h2:mt-0 first:prose-h3:mt-0 first:prose-figure:mt-0 prose-th:font-bold prose-figure:my-1 prose-img:my-1 hover:prose-a:no-underline article-body prose-ul:mt-0 prose-ul:inline-block prose-ol:mt-0 prose-ol:inline-block prose-p:mt-0\" data-component-id=\"mises:atom-body-copy\" data-once=\"atomBodyCopy\">\n<div>\n<p style=\"text-align: justify;\">La gobernanza de las sociedades modernas se encuentra en permanente tensi\u00f3n entre el atractivo inmediato de la emoci\u00f3n y la necesidad de principios duraderos. La emoci\u00f3n \u2014cuando se convierte en la fuerza motriz de la pol\u00edtica estatal\u2014 se transforma con frecuencia en un mecanismo de erosi\u00f3n institucional.<\/p>\n<p style=\"text-align: justify;\">La sustituci\u00f3n de los principios econ\u00f3micos y morales por imperativos emocionales no representa un fracaso t\u00e9cnico, sino una profunda divergencia filos\u00f3fica sobre la naturaleza humana y la funci\u00f3n del Estado. En otras palabras, las pol\u00edticas basadas en principios se basan en la raz\u00f3n, la evidencia emp\u00edrica y el reconocimiento de la escasez. Por otro lado, las decisiones pol\u00edticas orientadas por emociones irracionales ignoran los efectos estructurales duraderos.<\/p>\n<p style=\"text-align: justify;\">La ra\u00edz intelectual de esta sustituci\u00f3n se encuentra en la distinci\u00f3n formulada por el economista\u00a0<a href=\"https:\/\/www.independent.org\/tir\/2010-fall\/intellectuals-and-society\/\" target=\"_blank\" rel=\"noopener\">Thomas Sowell<\/a>\u00a0en libros como\u00a0<em>The Vision of the Anointed\u00a0<\/em>e\u00a0<a href=\"https:\/\/www.bookey.app\/book\/intellectuals-and-society\" target=\"_blank\" rel=\"noopener\"><em>Intellectuals and Society<\/em><\/a>. Sowell explica que hay dos formas de ver el mundo. En la primera, conocida como la\u00a0<a href=\"https:\/\/oll.libertyfund.org\/pages\/wswns\" target=\"_blank\" rel=\"noopener\">\u00abvisi\u00f3n<\/a>\u00a0limitada\u00bb \u2014tambi\u00e9n llamada \u00abvisi\u00f3n tr\u00e1gica\u00bb\u2014, reconocemos que muchos problemas forman parte de la propia naturaleza humana y, por esta raz\u00f3n, no existe una soluci\u00f3n perfecta que resuelva todos los problemas de la humanidad. En la segunda visi\u00f3n, llamada \u00abvisi\u00f3n sin limitaciones\u00bb, se cree que los problemas sociales se producen \u00fanicamente debido a errores de las instituciones privadas y deben ser resueltos por personas consideradas m\u00e1s inteligentes, intelectuales y compasivas que tienen como objetivo \u00absolucionar los problemas sociales mediante pol\u00edticas planificadas\u00bb.<\/p>\n<p style=\"text-align: justify;\">La \u00abvisi\u00f3n tr\u00e1gica\u00bb, por su parte, reconoce que la naturaleza humana es limitada y que el conocimiento est\u00e1 disperso entre muchas personas, no concentrado en unos pocos especialistas. No hay \u00absoluciones perfectas\u00bb, solo opciones costosas. Como observa Sowell, la civilizaci\u00f3n no es autosuficiente, sino un orden fr\u00e1gil que depende de valores morales como el respeto, la justicia, la propiedad privada, la libertad individual y la responsabilidad.<\/p>\n<p style=\"text-align: justify;\">Desde un punto de vista econ\u00f3mico, la sustituci\u00f3n de los principios por las emociones se manifiesta en la incapacidad de distinguir\u00a0<a href=\"https:\/\/oll.libertyfund.org\/pages\/wswns\" target=\"_blank\" rel=\"noopener\">entre los efectos visibles y los invisibles<\/a>, tal y como formul\u00f3 Fr\u00e9d\u00e9ric Bastiat. El buen economista tiene en cuenta los efectos a largo plazo de las pol\u00edticas p\u00fablicas, especialmente aquellas que no est\u00e1n vinculadas al an\u00e1lisis emocional inmediato.<\/p>\n<p style=\"text-align: justify;\">Las distorsiones normativas se reflejan en la trayectoria industrial y fiscal de Alemania. Los datos oficiales de Destatis indican que el\u00a0<a href=\"https:\/\/www.reuters.com\/world\/china\/employment-german-auto-sector-lowest-level-over-decade-2025-11-20\/\" target=\"_blank\" rel=\"noopener\">sector automovil\u00edstico alem\u00e1n<\/a>\u00a0perdi\u00f3 48 700 puestos de trabajo (6,3 %) en el a\u00f1o hasta septiembre de 2025, alcanzando el nivel de empleo m\u00e1s bajo en una d\u00e9cada.\u00a0El informe\u00a0<a href=\"https:\/\/www.oecd.org\/content\/dam\/oecd\/en\/publications\/reports\/2025\/06\/oecd-economic-surveys-germany-2025_b395dc9b\/39d62aed-en.pdf\" target=\"_blank\" rel=\"noopener\"><em>Economic Surveys: Germany 2025 de la OCDE<\/em><\/a>\u00a0destaca los riesgos estructurales persistentes hasta 2035, entre los que se incluyen el envejecimiento de la poblaci\u00f3n, la creciente presi\u00f3n fiscal, un crecimiento de la productividad por debajo de la media y los retos para la competitividad industrial.<\/p>\n<p style=\"text-align: justify;\">En el reciente debate pol\u00edtico alem\u00e1n, figuras centrales de la direcci\u00f3n de la CDU han reconocido los l\u00edmites fiscales y demogr\u00e1ficos.\u00a0<a href=\"https:\/\/data.worldbank.org\/country\/germany\" target=\"_blank\" rel=\"noopener\">Los datos\u00a0<\/a><a href=\"https:\/\/www.oecd.org\/economic-outlook\/\" target=\"_blank\" rel=\"noopener\">de la OCDE<\/a>\u00a0y\u00a0<a href=\"https:\/\/data.worldbank.org\/country\/germany\" target=\"_blank\" rel=\"noopener\">del Banco Mundial<\/a>\u00a0confirman que la econom\u00eda alemana registr\u00f3 una contracci\u00f3n en 2023 y un crecimiento muy d\u00e9bil en 2024 (~0,2 %), lo que pone de manifiesto los l\u00edmites de las pol\u00edticas p\u00fablicas sostenidas por una elevada presi\u00f3n fiscal y la expansi\u00f3n del gasto p\u00fablico.<\/p>\n<p style=\"text-align: justify;\">Por el contrario, el gobierno argentino de Milei se presenta como un instrumento contempor\u00e1neo de consolidaci\u00f3n fiscal basado en los principios del mercado. Seg\u00fan el\u00a0<a href=\"https:\/\/www.reuters.com\/world\/americas\/argentina-draft-2026-budget-spotlights-fiscal-balance-hikes-social-allocations-2025-09-16\/\" target=\"_blank\" rel=\"noopener\">Presupuesto Nacional de 2026<\/a>\u00a0y los informes oficiales, el pa\u00eds prev\u00e9 un super\u00e1vit fiscal primario del 1,5 % del PIB (con un super\u00e1vit financiero del 0,3 % despu\u00e9s de los pagos de la deuda).\u00a0<a href=\"https:\/\/www.imf.org\/en\/Countries\/ARG\" target=\"_blank\" rel=\"noopener\">Los informes del FMI<\/a>\u00a0confirman que el ajuste se logr\u00f3 principalmente mediante recortes del gasto y la eliminaci\u00f3n de la financiaci\u00f3n del d\u00e9ficit monetario.<\/p>\n<p style=\"text-align: justify;\">A pesar de que los vencimientos de la deuda superar\u00e1n los 20 000 millones de d\u00f3lares de EEUU en 2026, el restablecimiento de la credibilidad fiscal ha favorecido una recuperaci\u00f3n basada en la inversi\u00f3n real. Las evaluaciones\u00a0<a href=\"https:\/\/www.imf.org\/en\/Countries\/ARG\" target=\"_blank\" rel=\"noopener\">del FMI<\/a>\u00a0y\u00a0<a href=\"https:\/\/www.worldbank.org\/en\/country\/argentina\" target=\"_blank\" rel=\"noopener\">del Banco Mundial<\/a>\u00a0destacan que la estabilizaci\u00f3n monetaria constituye uno de los instrumentos m\u00e1s eficaces y socialmente relevantes para combatir la pobreza.<\/p>\n<p style=\"text-align: justify;\">Sri Lanka ofrece un caso intermedio entre el colapso y la recuperaci\u00f3n. La repentina prohibici\u00f3n de\u00a0<a href=\"https:\/\/apps.fas.usda.gov\/newgainapi\/api\/Report\/DownloadReportByFileName?fileName=Sri+Lanka+Restricts+and+Bans+the+Import+of+Fertilizers+and+Agrochemicals_New+Delhi_Sri+Lanka_05-14-2021\" target=\"_blank\" rel=\"noopener\">los fertilizantes qu\u00edmicos<\/a>\u00a0en 2021, documentada por\u00a0<a href=\"https:\/\/www.imf.org\/en\/news\/articles\/2025\/07\/02\/pr24235-sri-lanka-imf-executive-board-completes-the-fourth-review-under-the-eff\" target=\"_blank\" rel=\"noopener\">el FMI<\/a>,\u00a0<a href=\"https:\/\/www.adb.org\/countries\/sri-lanka\/economy\" target=\"_blank\" rel=\"noopener\">el Banco Asi\u00e1tico de Desarrollo<\/a>\u00a0y\u00a0<a href=\"https:\/\/www.worldbank.org\/en\/news\/press-release\/2025\/04\/23\/sri-lanka-s-economy-outpaces-growth-projections-more-efforts-needed-to-reduce-poverty-boost-medium-term-growth\" target=\"_blank\" rel=\"noopener\">el Banco Mundial<\/a>, indica tensiones fiscales persistentes, riesgos de reversi\u00f3n de las reformas y un espacio fiscal limitado para responder a las crisis clim\u00e1ticas y externas.<\/p>\n<p style=\"text-align: justify;\">Es v\u00e1lido destacar que cuando la emoci\u00f3n ciega la percepci\u00f3n de la realidad, no hay defensa para principios como la propiedad privada, el estado de derecho y los mercados libres que hist\u00f3ricamente han permitido la elevaci\u00f3n progresiva del nivel de vida. Como ense\u00f1an Bastiat y Sowell, la mayor crueldad es gobernar las sociedades bas\u00e1ndose en ilusiones emocionales superficiales que socavan los cimientos mismos de su supervivencia, perjudicando principalmente a los m\u00e1s vulnerables.<\/p>\n<\/div>\n<\/div>\n<div class=\"pvc_clear\"><\/div>\n<p class=\"pvc_stats all \" data-element-id=\"29471\" style=\"\"><i class=\"pvc-stats-icon medium\" aria-hidden=\"true\"><svg aria-hidden=\"true\" focusable=\"false\" data-prefix=\"far\" data-icon=\"chart-bar\" role=\"img\" xmlns=\"http:\/\/www.w3.org\/2000\/svg\" viewBox=\"0 0 512 512\" class=\"svg-inline--fa fa-chart-bar fa-w-16 fa-2x\"><path fill=\"currentColor\" d=\"M396.8 352h22.4c6.4 0 12.8-6.4 12.8-12.8V108.8c0-6.4-6.4-12.8-12.8-12.8h-22.4c-6.4 0-12.8 6.4-12.8 12.8v230.4c0 6.4 6.4 12.8 12.8 12.8zm-192 0h22.4c6.4 0 12.8-6.4 12.8-12.8V140.8c0-6.4-6.4-12.8-12.8-12.8h-22.4c-6.4 0-12.8 6.4-12.8 12.8v198.4c0 6.4 6.4 12.8 12.8 12.8zm96 0h22.4c6.4 0 12.8-6.4 12.8-12.8V204.8c0-6.4-6.4-12.8-12.8-12.8h-22.4c-6.4 0-12.8 6.4-12.8 12.8v134.4c0 6.4 6.4 12.8 12.8 12.8zM496 400H48V80c0-8.84-7.16-16-16-16H16C7.16 64 0 71.16 0 80v336c0 17.67 14.33 32 32 32h464c8.84 0 16-7.16 16-16v-16c0-8.84-7.16-16-16-16zm-387.2-48h22.4c6.4 0 12.8-6.4 12.8-12.8v-70.4c0-6.4-6.4-12.8-12.8-12.8h-22.4c-6.4 0-12.8 6.4-12.8 12.8v70.4c0 6.4 6.4 12.8 12.8 12.8z\" class=\"\"><\/path><\/svg><\/i> Vistas Totales&nbsp;295&nbsp;, Vistas Hoy&nbsp;2&nbsp;<\/p>\n<div class=\"pvc_clear\"><\/div>\n","protected":false},"excerpt":{"rendered":"<p>Autor: Deborah Palma Fecha: 3 de marzo de 2026 Extra\u00eddo de: Mises Institute Emoci\u00f3n versus principio: la fragilidad de la gobernanza moderna La gobernanza de las sociedades modernas se encuentra en permanente tensi\u00f3n entre el atractivo inmediato de la emoci\u00f3n y la necesidad de principios duraderos. La emoci\u00f3n \u2014cuando se convierte en la fuerza motriz&#8230;<\/p>\n<div class=\"pvc_clear\"><\/div>\n<p class=\"pvc_stats all \" data-element-id=\"29471\" style=\"\"><i class=\"pvc-stats-icon medium\" aria-hidden=\"true\"><svg aria-hidden=\"true\" focusable=\"false\" data-prefix=\"far\" data-icon=\"chart-bar\" role=\"img\" xmlns=\"http:\/\/www.w3.org\/2000\/svg\" viewBox=\"0 0 512 512\" class=\"svg-inline--fa fa-chart-bar fa-w-16 fa-2x\"><path fill=\"currentColor\" d=\"M396.8 352h22.4c6.4 0 12.8-6.4 12.8-12.8V108.8c0-6.4-6.4-12.8-12.8-12.8h-22.4c-6.4 0-12.8 6.4-12.8 12.8v230.4c0 6.4 6.4 12.8 12.8 12.8zm-192 0h22.4c6.4 0 12.8-6.4 12.8-12.8V140.8c0-6.4-6.4-12.8-12.8-12.8h-22.4c-6.4 0-12.8 6.4-12.8 12.8v198.4c0 6.4 6.4 12.8 12.8 12.8zm96 0h22.4c6.4 0 12.8-6.4 12.8-12.8V204.8c0-6.4-6.4-12.8-12.8-12.8h-22.4c-6.4 0-12.8 6.4-12.8 12.8v134.4c0 6.4 6.4 12.8 12.8 12.8zM496 400H48V80c0-8.84-7.16-16-16-16H16C7.16 64 0 71.16 0 80v336c0 17.67 14.33 32 32 32h464c8.84 0 16-7.16 16-16v-16c0-8.84-7.16-16-16-16zm-387.2-48h22.4c6.4 0 12.8-6.4 12.8-12.8v-70.4c0-6.4-6.4-12.8-12.8-12.8h-22.4c-6.4 0-12.8 6.4-12.8 12.8v70.4c0 6.4 6.4 12.8 12.8 12.8z\" class=\"\"><\/path><\/svg><\/i> Vistas Totales&nbsp;295&nbsp;, Vistas Hoy&nbsp;2&nbsp;<\/p>\n<div class=\"pvc_clear\"><\/div>\n","protected":false},"author":2,"featured_media":29485,"comment_status":"closed","ping_status":"closed","sticky":false,"template":"","format":"standard","meta":{"footnotes":""},"categories":[22],"tags":[],"class_list":["post-29471","post","type-post","status-publish","format-standard","has-post-thumbnail","hentry","category-articulos"],"yoast_head":"<!-- This site is optimized with the Yoast SEO plugin v25.2 - https:\/\/yoast.com\/wordpress\/plugins\/seo\/ -->\n<title>Emoci\u00f3n versus principio: la fragilidad de la gobernanza moderna | CREES<\/title>\n<meta name=\"robots\" content=\"index, follow, max-snippet:-1, max-image-preview:large, max-video-preview:-1\" \/>\n<link rel=\"canonical\" href=\"https:\/\/crees.org.do\/?p=29471\" \/>\n<meta property=\"og:locale\" content=\"es_ES\" \/>\n<meta property=\"og:type\" content=\"article\" \/>\n<meta property=\"og:title\" content=\"Emoci\u00f3n versus principio: la fragilidad de la gobernanza moderna | CREES\" \/>\n<meta property=\"og:description\" content=\"Autor: Deborah Palma Fecha: 3 de marzo de 2026 Extra\u00eddo de: Mises Institute Emoci\u00f3n versus principio: la fragilidad de la gobernanza moderna La gobernanza de las sociedades modernas se encuentra en permanente tensi\u00f3n entre el atractivo inmediato de la emoci\u00f3n y la necesidad de principios duraderos. La emoci\u00f3n \u2014cuando se convierte en la fuerza motriz...\" \/>\n<meta property=\"og:url\" content=\"https:\/\/crees.org.do\/?p=29471\" \/>\n<meta property=\"og:site_name\" content=\"CREES\" \/>\n<meta property=\"article:publisher\" content=\"https:\/\/www.facebook.com\/CREESRD\/\" \/>\n<meta property=\"article:published_time\" content=\"2026-03-13T15:11:37+00:00\" \/>\n<meta property=\"article:modified_time\" content=\"2026-03-13T15:49:28+00:00\" \/>\n<meta property=\"og:image\" content=\"https:\/\/crees.org.do\/wp-content\/uploads\/2026\/03\/AdobeStock_Emotional.jpeg.png\" \/>\n\t<meta property=\"og:image:width\" content=\"650\" \/>\n\t<meta property=\"og:image:height\" content=\"487\" \/>\n\t<meta property=\"og:image:type\" content=\"image\/png\" \/>\n<meta name=\"author\" content=\"Crees\" \/>\n<meta name=\"twitter:card\" content=\"summary_large_image\" \/>\n<meta name=\"twitter:creator\" content=\"@CREESRD\" \/>\n<meta name=\"twitter:site\" content=\"@CREESRD\" \/>\n<meta name=\"twitter:label1\" content=\"Escrito por\" \/>\n\t<meta name=\"twitter:data1\" content=\"Crees\" \/>\n\t<meta name=\"twitter:label2\" content=\"Tiempo de lectura\" \/>\n\t<meta name=\"twitter:data2\" content=\"4 minutos\" \/>\n<script type=\"application\/ld+json\" class=\"yoast-schema-graph\">{\"@context\":\"https:\/\/schema.org\",\"@graph\":[{\"@type\":\"Article\",\"@id\":\"https:\/\/crees.org.do\/?p=29471#article\",\"isPartOf\":{\"@id\":\"https:\/\/crees.org.do\/?p=29471\"},\"author\":{\"name\":\"Crees\",\"@id\":\"https:\/\/crees.org.do\/#\/schema\/person\/e7f97cd94d7bf9cd0e0ce30acb7d56b8\"},\"headline\":\"Emoci\u00f3n versus principio: la fragilidad de la gobernanza moderna\",\"datePublished\":\"2026-03-13T15:11:37+00:00\",\"dateModified\":\"2026-03-13T15:49:28+00:00\",\"mainEntityOfPage\":{\"@id\":\"https:\/\/crees.org.do\/?p=29471\"},\"wordCount\":909,\"publisher\":{\"@id\":\"https:\/\/crees.org.do\/#organization\"},\"image\":{\"@id\":\"https:\/\/crees.org.do\/?p=29471#primaryimage\"},\"thumbnailUrl\":\"https:\/\/crees.org.do\/wp-content\/uploads\/2026\/03\/AdobeStock_Emotional.jpeg.png\",\"articleSection\":[\"Art\u00edculos\"],\"inLanguage\":\"es\"},{\"@type\":\"WebPage\",\"@id\":\"https:\/\/crees.org.do\/?p=29471\",\"url\":\"https:\/\/crees.org.do\/?p=29471\",\"name\":\"Emoci\u00f3n versus principio: la fragilidad de la gobernanza moderna | CREES\",\"isPartOf\":{\"@id\":\"https:\/\/crees.org.do\/#website\"},\"primaryImageOfPage\":{\"@id\":\"https:\/\/crees.org.do\/?p=29471#primaryimage\"},\"image\":{\"@id\":\"https:\/\/crees.org.do\/?p=29471#primaryimage\"},\"thumbnailUrl\":\"https:\/\/crees.org.do\/wp-content\/uploads\/2026\/03\/AdobeStock_Emotional.jpeg.png\",\"datePublished\":\"2026-03-13T15:11:37+00:00\",\"dateModified\":\"2026-03-13T15:49:28+00:00\",\"breadcrumb\":{\"@id\":\"https:\/\/crees.org.do\/?p=29471#breadcrumb\"},\"inLanguage\":\"es\",\"potentialAction\":[{\"@type\":\"ReadAction\",\"target\":[\"https:\/\/crees.org.do\/?p=29471\"]}]},{\"@type\":\"ImageObject\",\"inLanguage\":\"es\",\"@id\":\"https:\/\/crees.org.do\/?p=29471#primaryimage\",\"url\":\"https:\/\/crees.org.do\/wp-content\/uploads\/2026\/03\/AdobeStock_Emotional.jpeg.png\",\"contentUrl\":\"https:\/\/crees.org.do\/wp-content\/uploads\/2026\/03\/AdobeStock_Emotional.jpeg.png\",\"width\":650,\"height\":487},{\"@type\":\"BreadcrumbList\",\"@id\":\"https:\/\/crees.org.do\/?p=29471#breadcrumb\",\"itemListElement\":[{\"@type\":\"ListItem\",\"position\":1,\"name\":\"Portada\",\"item\":\"https:\/\/crees.org.do\/\"},{\"@type\":\"ListItem\",\"position\":2,\"name\":\"Emoci\u00f3n versus principio: la fragilidad de la gobernanza moderna\"}]},{\"@type\":\"WebSite\",\"@id\":\"https:\/\/crees.org.do\/#website\",\"url\":\"https:\/\/crees.org.do\/\",\"name\":\"CREES\",\"description\":\"Centro Regional de Estrategias Econ\u00f3micas Sostenibles\",\"publisher\":{\"@id\":\"https:\/\/crees.org.do\/#organization\"},\"potentialAction\":[{\"@type\":\"SearchAction\",\"target\":{\"@type\":\"EntryPoint\",\"urlTemplate\":\"https:\/\/crees.org.do\/?s={search_term_string}\"},\"query-input\":{\"@type\":\"PropertyValueSpecification\",\"valueRequired\":true,\"valueName\":\"search_term_string\"}}],\"inLanguage\":\"es\"},{\"@type\":\"Organization\",\"@id\":\"https:\/\/crees.org.do\/#organization\",\"name\":\"CREES | Centro Regional de Estrategias Econ\u00f3micas Sostenibles\",\"url\":\"https:\/\/crees.org.do\/\",\"logo\":{\"@type\":\"ImageObject\",\"inLanguage\":\"es\",\"@id\":\"https:\/\/crees.org.do\/#\/schema\/logo\/image\/\",\"url\":\"https:\/\/crees.org.do\/wp-content\/uploads\/2022\/03\/crees-logo-1.jpg\",\"contentUrl\":\"https:\/\/crees.org.do\/wp-content\/uploads\/2022\/03\/crees-logo-1.jpg\",\"width\":244,\"height\":71,\"caption\":\"CREES | Centro Regional de Estrategias Econ\u00f3micas Sostenibles\"},\"image\":{\"@id\":\"https:\/\/crees.org.do\/#\/schema\/logo\/image\/\"},\"sameAs\":[\"https:\/\/www.facebook.com\/CREESRD\/\",\"https:\/\/x.com\/CREESRD\"]},{\"@type\":\"Person\",\"@id\":\"https:\/\/crees.org.do\/#\/schema\/person\/e7f97cd94d7bf9cd0e0ce30acb7d56b8\",\"name\":\"Crees\",\"image\":{\"@type\":\"ImageObject\",\"inLanguage\":\"es\",\"@id\":\"https:\/\/crees.org.do\/#\/schema\/person\/image\/\",\"url\":\"https:\/\/secure.gravatar.com\/avatar\/390ac8f0be5d9aa046152553e2dd7011b59a512d89c150f5e5f28bb8d9a0b165?s=96&d=mm&r=g\",\"contentUrl\":\"https:\/\/secure.gravatar.com\/avatar\/390ac8f0be5d9aa046152553e2dd7011b59a512d89c150f5e5f28bb8d9a0b165?s=96&d=mm&r=g\",\"caption\":\"Crees\"},\"url\":\"https:\/\/crees.org.do\/?author=2\"}]}<\/script>\n<!-- \/ Yoast SEO plugin. -->","yoast_head_json":{"title":"Emoci\u00f3n versus principio: la fragilidad de la gobernanza moderna | CREES","robots":{"index":"index","follow":"follow","max-snippet":"max-snippet:-1","max-image-preview":"max-image-preview:large","max-video-preview":"max-video-preview:-1"},"canonical":"https:\/\/crees.org.do\/?p=29471","og_locale":"es_ES","og_type":"article","og_title":"Emoci\u00f3n versus principio: la fragilidad de la gobernanza moderna | CREES","og_description":"Autor: Deborah Palma Fecha: 3 de marzo de 2026 Extra\u00eddo de: Mises Institute Emoci\u00f3n versus principio: la fragilidad de la gobernanza moderna La gobernanza de las sociedades modernas se encuentra en permanente tensi\u00f3n entre el atractivo inmediato de la emoci\u00f3n y la necesidad de principios duraderos. La emoci\u00f3n \u2014cuando se convierte en la fuerza motriz...","og_url":"https:\/\/crees.org.do\/?p=29471","og_site_name":"CREES","article_publisher":"https:\/\/www.facebook.com\/CREESRD\/","article_published_time":"2026-03-13T15:11:37+00:00","article_modified_time":"2026-03-13T15:49:28+00:00","og_image":[{"width":650,"height":487,"url":"https:\/\/crees.org.do\/wp-content\/uploads\/2026\/03\/AdobeStock_Emotional.jpeg.png","type":"image\/png"}],"author":"Crees","twitter_card":"summary_large_image","twitter_creator":"@CREESRD","twitter_site":"@CREESRD","twitter_misc":{"Escrito por":"Crees","Tiempo de lectura":"4 minutos"},"schema":{"@context":"https:\/\/schema.org","@graph":[{"@type":"Article","@id":"https:\/\/crees.org.do\/?p=29471#article","isPartOf":{"@id":"https:\/\/crees.org.do\/?p=29471"},"author":{"name":"Crees","@id":"https:\/\/crees.org.do\/#\/schema\/person\/e7f97cd94d7bf9cd0e0ce30acb7d56b8"},"headline":"Emoci\u00f3n versus principio: la fragilidad de la gobernanza moderna","datePublished":"2026-03-13T15:11:37+00:00","dateModified":"2026-03-13T15:49:28+00:00","mainEntityOfPage":{"@id":"https:\/\/crees.org.do\/?p=29471"},"wordCount":909,"publisher":{"@id":"https:\/\/crees.org.do\/#organization"},"image":{"@id":"https:\/\/crees.org.do\/?p=29471#primaryimage"},"thumbnailUrl":"https:\/\/crees.org.do\/wp-content\/uploads\/2026\/03\/AdobeStock_Emotional.jpeg.png","articleSection":["Art\u00edculos"],"inLanguage":"es"},{"@type":"WebPage","@id":"https:\/\/crees.org.do\/?p=29471","url":"https:\/\/crees.org.do\/?p=29471","name":"Emoci\u00f3n versus principio: la fragilidad de la gobernanza moderna | CREES","isPartOf":{"@id":"https:\/\/crees.org.do\/#website"},"primaryImageOfPage":{"@id":"https:\/\/crees.org.do\/?p=29471#primaryimage"},"image":{"@id":"https:\/\/crees.org.do\/?p=29471#primaryimage"},"thumbnailUrl":"https:\/\/crees.org.do\/wp-content\/uploads\/2026\/03\/AdobeStock_Emotional.jpeg.png","datePublished":"2026-03-13T15:11:37+00:00","dateModified":"2026-03-13T15:49:28+00:00","breadcrumb":{"@id":"https:\/\/crees.org.do\/?p=29471#breadcrumb"},"inLanguage":"es","potentialAction":[{"@type":"ReadAction","target":["https:\/\/crees.org.do\/?p=29471"]}]},{"@type":"ImageObject","inLanguage":"es","@id":"https:\/\/crees.org.do\/?p=29471#primaryimage","url":"https:\/\/crees.org.do\/wp-content\/uploads\/2026\/03\/AdobeStock_Emotional.jpeg.png","contentUrl":"https:\/\/crees.org.do\/wp-content\/uploads\/2026\/03\/AdobeStock_Emotional.jpeg.png","width":650,"height":487},{"@type":"BreadcrumbList","@id":"https:\/\/crees.org.do\/?p=29471#breadcrumb","itemListElement":[{"@type":"ListItem","position":1,"name":"Portada","item":"https:\/\/crees.org.do\/"},{"@type":"ListItem","position":2,"name":"Emoci\u00f3n versus principio: la fragilidad de la gobernanza moderna"}]},{"@type":"WebSite","@id":"https:\/\/crees.org.do\/#website","url":"https:\/\/crees.org.do\/","name":"CREES","description":"Centro Regional de Estrategias Econ\u00f3micas Sostenibles","publisher":{"@id":"https:\/\/crees.org.do\/#organization"},"potentialAction":[{"@type":"SearchAction","target":{"@type":"EntryPoint","urlTemplate":"https:\/\/crees.org.do\/?s={search_term_string}"},"query-input":{"@type":"PropertyValueSpecification","valueRequired":true,"valueName":"search_term_string"}}],"inLanguage":"es"},{"@type":"Organization","@id":"https:\/\/crees.org.do\/#organization","name":"CREES | Centro Regional de Estrategias Econ\u00f3micas Sostenibles","url":"https:\/\/crees.org.do\/","logo":{"@type":"ImageObject","inLanguage":"es","@id":"https:\/\/crees.org.do\/#\/schema\/logo\/image\/","url":"https:\/\/crees.org.do\/wp-content\/uploads\/2022\/03\/crees-logo-1.jpg","contentUrl":"https:\/\/crees.org.do\/wp-content\/uploads\/2022\/03\/crees-logo-1.jpg","width":244,"height":71,"caption":"CREES | Centro Regional de Estrategias Econ\u00f3micas Sostenibles"},"image":{"@id":"https:\/\/crees.org.do\/#\/schema\/logo\/image\/"},"sameAs":["https:\/\/www.facebook.com\/CREESRD\/","https:\/\/x.com\/CREESRD"]},{"@type":"Person","@id":"https:\/\/crees.org.do\/#\/schema\/person\/e7f97cd94d7bf9cd0e0ce30acb7d56b8","name":"Crees","image":{"@type":"ImageObject","inLanguage":"es","@id":"https:\/\/crees.org.do\/#\/schema\/person\/image\/","url":"https:\/\/secure.gravatar.com\/avatar\/390ac8f0be5d9aa046152553e2dd7011b59a512d89c150f5e5f28bb8d9a0b165?s=96&d=mm&r=g","contentUrl":"https:\/\/secure.gravatar.com\/avatar\/390ac8f0be5d9aa046152553e2dd7011b59a512d89c150f5e5f28bb8d9a0b165?s=96&d=mm&r=g","caption":"Crees"},"url":"https:\/\/crees.org.do\/?author=2"}]}},"_links":{"self":[{"href":"https:\/\/crees.org.do\/index.php?rest_route=\/wp\/v2\/posts\/29471","targetHints":{"allow":["GET"]}}],"collection":[{"href":"https:\/\/crees.org.do\/index.php?rest_route=\/wp\/v2\/posts"}],"about":[{"href":"https:\/\/crees.org.do\/index.php?rest_route=\/wp\/v2\/types\/post"}],"author":[{"embeddable":true,"href":"https:\/\/crees.org.do\/index.php?rest_route=\/wp\/v2\/users\/2"}],"replies":[{"embeddable":true,"href":"https:\/\/crees.org.do\/index.php?rest_route=%2Fwp%2Fv2%2Fcomments&post=29471"}],"version-history":[{"count":3,"href":"https:\/\/crees.org.do\/index.php?rest_route=\/wp\/v2\/posts\/29471\/revisions"}],"predecessor-version":[{"id":29486,"href":"https:\/\/crees.org.do\/index.php?rest_route=\/wp\/v2\/posts\/29471\/revisions\/29486"}],"wp:featuredmedia":[{"embeddable":true,"href":"https:\/\/crees.org.do\/index.php?rest_route=\/wp\/v2\/media\/29485"}],"wp:attachment":[{"href":"https:\/\/crees.org.do\/index.php?rest_route=%2Fwp%2Fv2%2Fmedia&parent=29471"}],"wp:term":[{"taxonomy":"category","embeddable":true,"href":"https:\/\/crees.org.do\/index.php?rest_route=%2Fwp%2Fv2%2Fcategories&post=29471"},{"taxonomy":"post_tag","embeddable":true,"href":"https:\/\/crees.org.do\/index.php?rest_route=%2Fwp%2Fv2%2Ftags&post=29471"}],"curies":[{"name":"wp","href":"https:\/\/api.w.org\/{rel}","templated":true}]}}