{"id":29474,"date":"2026-03-13T15:36:23","date_gmt":"2026-03-13T15:36:23","guid":{"rendered":"https:\/\/crees.org.do\/?p=29474"},"modified":"2026-03-13T15:38:18","modified_gmt":"2026-03-13T15:38:18","slug":"las-exportaciones-crecen-19-2-interanual-a-febrero","status":"publish","type":"post","link":"https:\/\/crees.org.do\/?p=29474","title":{"rendered":"Las exportaciones crecen 19.2% interanual a febrero"},"content":{"rendered":"<h2><img fetchpriority=\"high\" decoding=\"async\" class=\"aligncenter wp-image-29475\" src=\"https:\/\/crees.org.do\/wp-content\/uploads\/2026\/03\/Exportaciones-scaled.png\" alt=\"\" width=\"896\" height=\"896\" srcset=\"https:\/\/crees.org.do\/wp-content\/uploads\/2026\/03\/Exportaciones-scaled.png 1200w, https:\/\/crees.org.do\/wp-content\/uploads\/2026\/03\/Exportaciones-450x450.png 450w, https:\/\/crees.org.do\/wp-content\/uploads\/2026\/03\/Exportaciones-2000x2000.png 2000w, https:\/\/crees.org.do\/wp-content\/uploads\/2026\/03\/Exportaciones-150x150.png 150w, https:\/\/crees.org.do\/wp-content\/uploads\/2026\/03\/Exportaciones-768x768.png 768w, https:\/\/crees.org.do\/wp-content\/uploads\/2026\/03\/Exportaciones-500x500.png 500w, https:\/\/crees.org.do\/wp-content\/uploads\/2026\/03\/Exportaciones-1536x1536.png 1536w, https:\/\/crees.org.do\/wp-content\/uploads\/2026\/03\/Exportaciones-2048x2048.png 2048w\" sizes=\"(max-width: 896px) 100vw, 896px\" \/><\/h2>\n<h2 style=\"text-align: justify;\">Las exportaciones crecen 19.2% interanual a febrero<\/h2>\n<p style=\"text-align: justify;\">De acuerdo con datos de la Direcci\u00f3n General de Aduanas (DGA), en el per\u00edodo enero \u2013 febrero de 2026, las exportaciones totales de la Rep\u00fablica Dominicana fueron de US$2,324.5 millones, lo que representa un crecimiento de 19.2% respecto al mismo per\u00edodo de 2025.<\/p>\n<p style=\"text-align: justify;\">Las exportaciones nacionales representaron el 43.5% de las exportaciones totales, mientras que las de zonas francas fueron responsables del 53.6%. El restante 2.9% provino de reexportaciones y admisi\u00f3n temporal.<\/p>\n<p style=\"text-align: justify;\">El r\u00e9gimen de mayor crecimiento fue nuevamente el de las exportaciones nacionales, que alcanzaron US$1,012.1 millones, reflejando un crecimiento interanual del 45.3% y consolidando as\u00ed la trayectoria de alto crecimiento sostenida durante 2025. Este dinamismo estuvo liderado por las exportaciones de oro, que totalizaron US$518.3 millones \u2014equivalentes al 51.8% de las exportaciones nacionales\u2014, impulsadas en gran medida por el alza en los precios internacionales del metal.<\/p>\n<p style=\"text-align: justify;\">En contraste, el r\u00e9gimen de zonas francas creci\u00f3 tan solo en US$30.15 millones, es decir, un crecimiento interanual de 2.5%. A lo largo del 2025, el r\u00e9gimen de zonas francas sostuvo una tendencia de bajo crecimiento interanual. En este mismo periodo para 2025, el r\u00e9gimen de zonas francas decreci\u00f3 0.9%, contrastando con un crecimiento de 8.5% para el mismo periodo en 2024.<\/p>\n<p style=\"text-align: justify;\">Los datos evidencian que existen oportunidades para crecer y diversificar a\u00fan m\u00e1s las exportaciones nacionales las cuales todav\u00eda son altamente dependientes de materias primas entre las que resaltan el oro y el cacao. Lo que refleja la necesidad de impulsar reformas estructurales que promuevan un entorno m\u00e1s propicio para emprendimientos de mayor productividad y, por tanto, m\u00e1s competitivos en materia de exportaciones. De lo contrario, la Rep\u00fablica Dominicana permanecer\u00e1 atrapada en un modelo de baja productividad, incapaz de sostener niveles elevados de ingreso y mejorar el bienestar de la poblaci\u00f3n.<\/p>\n<div class=\"pvc_clear\"><\/div>\n<p class=\"pvc_stats all \" data-element-id=\"29474\" style=\"\"><i class=\"pvc-stats-icon medium\" aria-hidden=\"true\"><svg aria-hidden=\"true\" focusable=\"false\" data-prefix=\"far\" data-icon=\"chart-bar\" role=\"img\" xmlns=\"http:\/\/www.w3.org\/2000\/svg\" viewBox=\"0 0 512 512\" class=\"svg-inline--fa fa-chart-bar fa-w-16 fa-2x\"><path fill=\"currentColor\" d=\"M396.8 352h22.4c6.4 0 12.8-6.4 12.8-12.8V108.8c0-6.4-6.4-12.8-12.8-12.8h-22.4c-6.4 0-12.8 6.4-12.8 12.8v230.4c0 6.4 6.4 12.8 12.8 12.8zm-192 0h22.4c6.4 0 12.8-6.4 12.8-12.8V140.8c0-6.4-6.4-12.8-12.8-12.8h-22.4c-6.4 0-12.8 6.4-12.8 12.8v198.4c0 6.4 6.4 12.8 12.8 12.8zm96 0h22.4c6.4 0 12.8-6.4 12.8-12.8V204.8c0-6.4-6.4-12.8-12.8-12.8h-22.4c-6.4 0-12.8 6.4-12.8 12.8v134.4c0 6.4 6.4 12.8 12.8 12.8zM496 400H48V80c0-8.84-7.16-16-16-16H16C7.16 64 0 71.16 0 80v336c0 17.67 14.33 32 32 32h464c8.84 0 16-7.16 16-16v-16c0-8.84-7.16-16-16-16zm-387.2-48h22.4c6.4 0 12.8-6.4 12.8-12.8v-70.4c0-6.4-6.4-12.8-12.8-12.8h-22.4c-6.4 0-12.8 6.4-12.8 12.8v70.4c0 6.4 6.4 12.8 12.8 12.8z\" class=\"\"><\/path><\/svg><\/i> Vistas Totales&nbsp;438&nbsp;, Vistas Hoy&nbsp;2&nbsp;<\/p>\n<div class=\"pvc_clear\"><\/div>\n","protected":false},"excerpt":{"rendered":"<p>Las exportaciones crecen 19.2% interanual a febrero De acuerdo con datos de la Direcci\u00f3n General de Aduanas (DGA), en el per\u00edodo enero \u2013 febrero de 2026, las exportaciones totales de la Rep\u00fablica Dominicana fueron de US$2,324.5 millones, lo que representa un crecimiento de 19.2% respecto al mismo per\u00edodo de 2025. Las exportaciones nacionales representaron el&#8230;<\/p>\n<div class=\"pvc_clear\"><\/div>\n<p class=\"pvc_stats all \" data-element-id=\"29474\" style=\"\"><i class=\"pvc-stats-icon medium\" aria-hidden=\"true\"><svg aria-hidden=\"true\" focusable=\"false\" data-prefix=\"far\" data-icon=\"chart-bar\" role=\"img\" xmlns=\"http:\/\/www.w3.org\/2000\/svg\" viewBox=\"0 0 512 512\" class=\"svg-inline--fa fa-chart-bar fa-w-16 fa-2x\"><path fill=\"currentColor\" d=\"M396.8 352h22.4c6.4 0 12.8-6.4 12.8-12.8V108.8c0-6.4-6.4-12.8-12.8-12.8h-22.4c-6.4 0-12.8 6.4-12.8 12.8v230.4c0 6.4 6.4 12.8 12.8 12.8zm-192 0h22.4c6.4 0 12.8-6.4 12.8-12.8V140.8c0-6.4-6.4-12.8-12.8-12.8h-22.4c-6.4 0-12.8 6.4-12.8 12.8v198.4c0 6.4 6.4 12.8 12.8 12.8zm96 0h22.4c6.4 0 12.8-6.4 12.8-12.8V204.8c0-6.4-6.4-12.8-12.8-12.8h-22.4c-6.4 0-12.8 6.4-12.8 12.8v134.4c0 6.4 6.4 12.8 12.8 12.8zM496 400H48V80c0-8.84-7.16-16-16-16H16C7.16 64 0 71.16 0 80v336c0 17.67 14.33 32 32 32h464c8.84 0 16-7.16 16-16v-16c0-8.84-7.16-16-16-16zm-387.2-48h22.4c6.4 0 12.8-6.4 12.8-12.8v-70.4c0-6.4-6.4-12.8-12.8-12.8h-22.4c-6.4 0-12.8 6.4-12.8 12.8v70.4c0 6.4 6.4 12.8 12.8 12.8z\" class=\"\"><\/path><\/svg><\/i> Vistas Totales&nbsp;438&nbsp;, Vistas Hoy&nbsp;2&nbsp;<\/p>\n<div class=\"pvc_clear\"><\/div>\n","protected":false},"author":2,"featured_media":29475,"comment_status":"closed","ping_status":"closed","sticky":false,"template":"","format":"standard","meta":{"footnotes":""},"categories":[21],"tags":[],"class_list":["post-29474","post","type-post","status-publish","format-standard","has-post-thumbnail","hentry","category-blog"],"yoast_head":"<!-- This site is optimized with the Yoast SEO plugin v25.2 - https:\/\/yoast.com\/wordpress\/plugins\/seo\/ -->\n<title>Las exportaciones crecen 19.2% interanual a febrero | CREES<\/title>\n<meta name=\"robots\" content=\"index, follow, max-snippet:-1, max-image-preview:large, max-video-preview:-1\" \/>\n<link rel=\"canonical\" href=\"https:\/\/crees.org.do\/?p=29474\" \/>\n<meta property=\"og:locale\" content=\"es_ES\" \/>\n<meta property=\"og:type\" content=\"article\" \/>\n<meta property=\"og:title\" content=\"Las exportaciones crecen 19.2% interanual a febrero | CREES\" \/>\n<meta property=\"og:description\" content=\"Las exportaciones crecen 19.2% interanual a febrero De acuerdo con datos de la Direcci\u00f3n General de Aduanas (DGA), en el per\u00edodo enero \u2013 febrero de 2026, las exportaciones totales de la Rep\u00fablica Dominicana fueron de US$2,324.5 millones, lo que representa un crecimiento de 19.2% respecto al mismo per\u00edodo de 2025. Las exportaciones nacionales representaron el...\" \/>\n<meta property=\"og:url\" content=\"https:\/\/crees.org.do\/?p=29474\" \/>\n<meta property=\"og:site_name\" content=\"CREES\" \/>\n<meta property=\"article:publisher\" content=\"https:\/\/www.facebook.com\/CREESRD\/\" \/>\n<meta property=\"article:published_time\" content=\"2026-03-13T15:36:23+00:00\" \/>\n<meta property=\"article:modified_time\" content=\"2026-03-13T15:38:18+00:00\" \/>\n<meta property=\"og:image\" content=\"https:\/\/crees.org.do\/wp-content\/uploads\/2026\/03\/Exportaciones-scaled.png\" \/>\n\t<meta property=\"og:image:width\" content=\"1200\" \/>\n\t<meta property=\"og:image:height\" content=\"1200\" \/>\n\t<meta property=\"og:image:type\" content=\"image\/png\" \/>\n<meta name=\"author\" content=\"Crees\" \/>\n<meta name=\"twitter:card\" content=\"summary_large_image\" \/>\n<meta name=\"twitter:creator\" content=\"@CREESRD\" \/>\n<meta name=\"twitter:site\" content=\"@CREESRD\" \/>\n<meta name=\"twitter:label1\" content=\"Escrito por\" \/>\n\t<meta name=\"twitter:data1\" content=\"Crees\" \/>\n\t<meta name=\"twitter:label2\" content=\"Tiempo de lectura\" \/>\n\t<meta name=\"twitter:data2\" content=\"1 minuto\" \/>\n<script type=\"application\/ld+json\" class=\"yoast-schema-graph\">{\"@context\":\"https:\/\/schema.org\",\"@graph\":[{\"@type\":\"Article\",\"@id\":\"https:\/\/crees.org.do\/?p=29474#article\",\"isPartOf\":{\"@id\":\"https:\/\/crees.org.do\/?p=29474\"},\"author\":{\"name\":\"Crees\",\"@id\":\"https:\/\/crees.org.do\/#\/schema\/person\/e7f97cd94d7bf9cd0e0ce30acb7d56b8\"},\"headline\":\"Las exportaciones crecen 19.2% interanual a febrero\",\"datePublished\":\"2026-03-13T15:36:23+00:00\",\"dateModified\":\"2026-03-13T15:38:18+00:00\",\"mainEntityOfPage\":{\"@id\":\"https:\/\/crees.org.do\/?p=29474\"},\"wordCount\":302,\"publisher\":{\"@id\":\"https:\/\/crees.org.do\/#organization\"},\"image\":{\"@id\":\"https:\/\/crees.org.do\/?p=29474#primaryimage\"},\"thumbnailUrl\":\"https:\/\/crees.org.do\/wp-content\/uploads\/2026\/03\/Exportaciones-scaled.png\",\"articleSection\":[\"Blog\"],\"inLanguage\":\"es\"},{\"@type\":\"WebPage\",\"@id\":\"https:\/\/crees.org.do\/?p=29474\",\"url\":\"https:\/\/crees.org.do\/?p=29474\",\"name\":\"Las exportaciones crecen 19.2% interanual a febrero | CREES\",\"isPartOf\":{\"@id\":\"https:\/\/crees.org.do\/#website\"},\"primaryImageOfPage\":{\"@id\":\"https:\/\/crees.org.do\/?p=29474#primaryimage\"},\"image\":{\"@id\":\"https:\/\/crees.org.do\/?p=29474#primaryimage\"},\"thumbnailUrl\":\"https:\/\/crees.org.do\/wp-content\/uploads\/2026\/03\/Exportaciones-scaled.png\",\"datePublished\":\"2026-03-13T15:36:23+00:00\",\"dateModified\":\"2026-03-13T15:38:18+00:00\",\"breadcrumb\":{\"@id\":\"https:\/\/crees.org.do\/?p=29474#breadcrumb\"},\"inLanguage\":\"es\",\"potentialAction\":[{\"@type\":\"ReadAction\",\"target\":[\"https:\/\/crees.org.do\/?p=29474\"]}]},{\"@type\":\"ImageObject\",\"inLanguage\":\"es\",\"@id\":\"https:\/\/crees.org.do\/?p=29474#primaryimage\",\"url\":\"https:\/\/crees.org.do\/wp-content\/uploads\/2026\/03\/Exportaciones-scaled.png\",\"contentUrl\":\"https:\/\/crees.org.do\/wp-content\/uploads\/2026\/03\/Exportaciones-scaled.png\",\"width\":1200,\"height\":1200},{\"@type\":\"BreadcrumbList\",\"@id\":\"https:\/\/crees.org.do\/?p=29474#breadcrumb\",\"itemListElement\":[{\"@type\":\"ListItem\",\"position\":1,\"name\":\"Portada\",\"item\":\"https:\/\/crees.org.do\/\"},{\"@type\":\"ListItem\",\"position\":2,\"name\":\"Las exportaciones crecen 19.2% interanual a febrero\"}]},{\"@type\":\"WebSite\",\"@id\":\"https:\/\/crees.org.do\/#website\",\"url\":\"https:\/\/crees.org.do\/\",\"name\":\"CREES\",\"description\":\"Centro Regional de Estrategias Econ\u00f3micas Sostenibles\",\"publisher\":{\"@id\":\"https:\/\/crees.org.do\/#organization\"},\"potentialAction\":[{\"@type\":\"SearchAction\",\"target\":{\"@type\":\"EntryPoint\",\"urlTemplate\":\"https:\/\/crees.org.do\/?s={search_term_string}\"},\"query-input\":{\"@type\":\"PropertyValueSpecification\",\"valueRequired\":true,\"valueName\":\"search_term_string\"}}],\"inLanguage\":\"es\"},{\"@type\":\"Organization\",\"@id\":\"https:\/\/crees.org.do\/#organization\",\"name\":\"CREES | Centro Regional de Estrategias Econ\u00f3micas Sostenibles\",\"url\":\"https:\/\/crees.org.do\/\",\"logo\":{\"@type\":\"ImageObject\",\"inLanguage\":\"es\",\"@id\":\"https:\/\/crees.org.do\/#\/schema\/logo\/image\/\",\"url\":\"https:\/\/crees.org.do\/wp-content\/uploads\/2022\/03\/crees-logo-1.jpg\",\"contentUrl\":\"https:\/\/crees.org.do\/wp-content\/uploads\/2022\/03\/crees-logo-1.jpg\",\"width\":244,\"height\":71,\"caption\":\"CREES | Centro Regional de Estrategias Econ\u00f3micas Sostenibles\"},\"image\":{\"@id\":\"https:\/\/crees.org.do\/#\/schema\/logo\/image\/\"},\"sameAs\":[\"https:\/\/www.facebook.com\/CREESRD\/\",\"https:\/\/x.com\/CREESRD\"]},{\"@type\":\"Person\",\"@id\":\"https:\/\/crees.org.do\/#\/schema\/person\/e7f97cd94d7bf9cd0e0ce30acb7d56b8\",\"name\":\"Crees\",\"image\":{\"@type\":\"ImageObject\",\"inLanguage\":\"es\",\"@id\":\"https:\/\/crees.org.do\/#\/schema\/person\/image\/\",\"url\":\"https:\/\/secure.gravatar.com\/avatar\/390ac8f0be5d9aa046152553e2dd7011b59a512d89c150f5e5f28bb8d9a0b165?s=96&d=mm&r=g\",\"contentUrl\":\"https:\/\/secure.gravatar.com\/avatar\/390ac8f0be5d9aa046152553e2dd7011b59a512d89c150f5e5f28bb8d9a0b165?s=96&d=mm&r=g\",\"caption\":\"Crees\"},\"url\":\"https:\/\/crees.org.do\/?author=2\"}]}<\/script>\n<!-- \/ Yoast SEO plugin. -->","yoast_head_json":{"title":"Las exportaciones crecen 19.2% interanual a febrero | CREES","robots":{"index":"index","follow":"follow","max-snippet":"max-snippet:-1","max-image-preview":"max-image-preview:large","max-video-preview":"max-video-preview:-1"},"canonical":"https:\/\/crees.org.do\/?p=29474","og_locale":"es_ES","og_type":"article","og_title":"Las exportaciones crecen 19.2% interanual a febrero | CREES","og_description":"Las exportaciones crecen 19.2% interanual a febrero De acuerdo con datos de la Direcci\u00f3n General de Aduanas (DGA), en el per\u00edodo enero \u2013 febrero de 2026, las exportaciones totales de la Rep\u00fablica Dominicana fueron de US$2,324.5 millones, lo que representa un crecimiento de 19.2% respecto al mismo per\u00edodo de 2025. Las exportaciones nacionales representaron el...","og_url":"https:\/\/crees.org.do\/?p=29474","og_site_name":"CREES","article_publisher":"https:\/\/www.facebook.com\/CREESRD\/","article_published_time":"2026-03-13T15:36:23+00:00","article_modified_time":"2026-03-13T15:38:18+00:00","og_image":[{"width":1200,"height":1200,"url":"https:\/\/crees.org.do\/wp-content\/uploads\/2026\/03\/Exportaciones-scaled.png","type":"image\/png"}],"author":"Crees","twitter_card":"summary_large_image","twitter_creator":"@CREESRD","twitter_site":"@CREESRD","twitter_misc":{"Escrito por":"Crees","Tiempo de lectura":"1 minuto"},"schema":{"@context":"https:\/\/schema.org","@graph":[{"@type":"Article","@id":"https:\/\/crees.org.do\/?p=29474#article","isPartOf":{"@id":"https:\/\/crees.org.do\/?p=29474"},"author":{"name":"Crees","@id":"https:\/\/crees.org.do\/#\/schema\/person\/e7f97cd94d7bf9cd0e0ce30acb7d56b8"},"headline":"Las exportaciones crecen 19.2% interanual a febrero","datePublished":"2026-03-13T15:36:23+00:00","dateModified":"2026-03-13T15:38:18+00:00","mainEntityOfPage":{"@id":"https:\/\/crees.org.do\/?p=29474"},"wordCount":302,"publisher":{"@id":"https:\/\/crees.org.do\/#organization"},"image":{"@id":"https:\/\/crees.org.do\/?p=29474#primaryimage"},"thumbnailUrl":"https:\/\/crees.org.do\/wp-content\/uploads\/2026\/03\/Exportaciones-scaled.png","articleSection":["Blog"],"inLanguage":"es"},{"@type":"WebPage","@id":"https:\/\/crees.org.do\/?p=29474","url":"https:\/\/crees.org.do\/?p=29474","name":"Las exportaciones crecen 19.2% interanual a febrero | CREES","isPartOf":{"@id":"https:\/\/crees.org.do\/#website"},"primaryImageOfPage":{"@id":"https:\/\/crees.org.do\/?p=29474#primaryimage"},"image":{"@id":"https:\/\/crees.org.do\/?p=29474#primaryimage"},"thumbnailUrl":"https:\/\/crees.org.do\/wp-content\/uploads\/2026\/03\/Exportaciones-scaled.png","datePublished":"2026-03-13T15:36:23+00:00","dateModified":"2026-03-13T15:38:18+00:00","breadcrumb":{"@id":"https:\/\/crees.org.do\/?p=29474#breadcrumb"},"inLanguage":"es","potentialAction":[{"@type":"ReadAction","target":["https:\/\/crees.org.do\/?p=29474"]}]},{"@type":"ImageObject","inLanguage":"es","@id":"https:\/\/crees.org.do\/?p=29474#primaryimage","url":"https:\/\/crees.org.do\/wp-content\/uploads\/2026\/03\/Exportaciones-scaled.png","contentUrl":"https:\/\/crees.org.do\/wp-content\/uploads\/2026\/03\/Exportaciones-scaled.png","width":1200,"height":1200},{"@type":"BreadcrumbList","@id":"https:\/\/crees.org.do\/?p=29474#breadcrumb","itemListElement":[{"@type":"ListItem","position":1,"name":"Portada","item":"https:\/\/crees.org.do\/"},{"@type":"ListItem","position":2,"name":"Las exportaciones crecen 19.2% interanual a febrero"}]},{"@type":"WebSite","@id":"https:\/\/crees.org.do\/#website","url":"https:\/\/crees.org.do\/","name":"CREES","description":"Centro Regional de Estrategias Econ\u00f3micas Sostenibles","publisher":{"@id":"https:\/\/crees.org.do\/#organization"},"potentialAction":[{"@type":"SearchAction","target":{"@type":"EntryPoint","urlTemplate":"https:\/\/crees.org.do\/?s={search_term_string}"},"query-input":{"@type":"PropertyValueSpecification","valueRequired":true,"valueName":"search_term_string"}}],"inLanguage":"es"},{"@type":"Organization","@id":"https:\/\/crees.org.do\/#organization","name":"CREES | Centro Regional de Estrategias Econ\u00f3micas Sostenibles","url":"https:\/\/crees.org.do\/","logo":{"@type":"ImageObject","inLanguage":"es","@id":"https:\/\/crees.org.do\/#\/schema\/logo\/image\/","url":"https:\/\/crees.org.do\/wp-content\/uploads\/2022\/03\/crees-logo-1.jpg","contentUrl":"https:\/\/crees.org.do\/wp-content\/uploads\/2022\/03\/crees-logo-1.jpg","width":244,"height":71,"caption":"CREES | Centro Regional de Estrategias Econ\u00f3micas Sostenibles"},"image":{"@id":"https:\/\/crees.org.do\/#\/schema\/logo\/image\/"},"sameAs":["https:\/\/www.facebook.com\/CREESRD\/","https:\/\/x.com\/CREESRD"]},{"@type":"Person","@id":"https:\/\/crees.org.do\/#\/schema\/person\/e7f97cd94d7bf9cd0e0ce30acb7d56b8","name":"Crees","image":{"@type":"ImageObject","inLanguage":"es","@id":"https:\/\/crees.org.do\/#\/schema\/person\/image\/","url":"https:\/\/secure.gravatar.com\/avatar\/390ac8f0be5d9aa046152553e2dd7011b59a512d89c150f5e5f28bb8d9a0b165?s=96&d=mm&r=g","contentUrl":"https:\/\/secure.gravatar.com\/avatar\/390ac8f0be5d9aa046152553e2dd7011b59a512d89c150f5e5f28bb8d9a0b165?s=96&d=mm&r=g","caption":"Crees"},"url":"https:\/\/crees.org.do\/?author=2"}]}},"_links":{"self":[{"href":"https:\/\/crees.org.do\/index.php?rest_route=\/wp\/v2\/posts\/29474","targetHints":{"allow":["GET"]}}],"collection":[{"href":"https:\/\/crees.org.do\/index.php?rest_route=\/wp\/v2\/posts"}],"about":[{"href":"https:\/\/crees.org.do\/index.php?rest_route=\/wp\/v2\/types\/post"}],"author":[{"embeddable":true,"href":"https:\/\/crees.org.do\/index.php?rest_route=\/wp\/v2\/users\/2"}],"replies":[{"embeddable":true,"href":"https:\/\/crees.org.do\/index.php?rest_route=%2Fwp%2Fv2%2Fcomments&post=29474"}],"version-history":[{"count":2,"href":"https:\/\/crees.org.do\/index.php?rest_route=\/wp\/v2\/posts\/29474\/revisions"}],"predecessor-version":[{"id":29479,"href":"https:\/\/crees.org.do\/index.php?rest_route=\/wp\/v2\/posts\/29474\/revisions\/29479"}],"wp:featuredmedia":[{"embeddable":true,"href":"https:\/\/crees.org.do\/index.php?rest_route=\/wp\/v2\/media\/29475"}],"wp:attachment":[{"href":"https:\/\/crees.org.do\/index.php?rest_route=%2Fwp%2Fv2%2Fmedia&parent=29474"}],"wp:term":[{"taxonomy":"category","embeddable":true,"href":"https:\/\/crees.org.do\/index.php?rest_route=%2Fwp%2Fv2%2Fcategories&post=29474"},{"taxonomy":"post_tag","embeddable":true,"href":"https:\/\/crees.org.do\/index.php?rest_route=%2Fwp%2Fv2%2Ftags&post=29474"}],"curies":[{"name":"wp","href":"https:\/\/api.w.org\/{rel}","templated":true}]}}