{"id":29494,"date":"2026-03-13T16:47:00","date_gmt":"2026-03-13T16:47:00","guid":{"rendered":"https:\/\/crees.org.do\/?p=29494"},"modified":"2026-03-13T16:50:45","modified_gmt":"2026-03-13T16:50:45","slug":"las-perdidas-totales-de-energia-de-las-ede-alcanzaron-el-42-3-en-2025","status":"publish","type":"post","link":"https:\/\/crees.org.do\/?p=29494","title":{"rendered":"Las p\u00e9rdidas totales de energ\u00eda de las EDE alcanzaron el 42.3% en 2025"},"content":{"rendered":"<p style=\"text-align: justify;\"><img fetchpriority=\"high\" decoding=\"async\" class=\"wp-image-29495\" src=\"https:\/\/crees.org.do\/wp-content\/uploads\/2026\/03\/perdidas-electricas-2025-scaled.png\" alt=\"\" width=\"896\" height=\"896\" srcset=\"https:\/\/crees.org.do\/wp-content\/uploads\/2026\/03\/perdidas-electricas-2025-scaled.png 1200w, https:\/\/crees.org.do\/wp-content\/uploads\/2026\/03\/perdidas-electricas-2025-450x450.png 450w, https:\/\/crees.org.do\/wp-content\/uploads\/2026\/03\/perdidas-electricas-2025-2000x2000.png 2000w, https:\/\/crees.org.do\/wp-content\/uploads\/2026\/03\/perdidas-electricas-2025-150x150.png 150w, https:\/\/crees.org.do\/wp-content\/uploads\/2026\/03\/perdidas-electricas-2025-768x768.png 768w, https:\/\/crees.org.do\/wp-content\/uploads\/2026\/03\/perdidas-electricas-2025-500x500.png 500w, https:\/\/crees.org.do\/wp-content\/uploads\/2026\/03\/perdidas-electricas-2025-1536x1536.png 1536w, https:\/\/crees.org.do\/wp-content\/uploads\/2026\/03\/perdidas-electricas-2025-2048x2048.png 2048w\" sizes=\"(max-width: 896px) 100vw, 896px\" \/><\/p>\n<h2 style=\"text-align: justify;\">Las p\u00e9rdidas totales de energ\u00eda de las EDE alcanzaron el 42.3% en 2025<\/h2>\n<p style=\"text-align: justify;\">Seg\u00fan el \u00faltimo informe del Ministerio de Energ\u00eda y Minas, a diciembre de 2025, las Empresas Distribuidoras de Electricidad (EDE) acumularon p\u00e9rdidas totales equivalentes al 42.3% de la energ\u00eda adquirida. Esto significa que, por cada 100 gigavatios-hora (GWh) comprados, se perdieron 42.3 GWh.<\/p>\n<p style=\"text-align: justify;\">En t\u00e9rminos absolutos, las EDE compraron 20,721.6 GWh durante enero-diciembre de 2025. De esa cantidad, 8,030.3 GWh no se facturaron, lo que representa p\u00e9rdidas del 38.8% del total adquirido. A esta cifra se a\u00f1ade un 3.5% correspondiente a energ\u00eda facturada pero no cobrada. La suma de ambas proporciones da como resultado el 42.3% de p\u00e9rdidas totales registradas hasta diciembre de 2025.<\/p>\n<p style=\"text-align: justify;\">Seg\u00fan la Ley de Presupuesto General del Estado 2026, se asignaron RD$85,150 millones para cubrir las transferencias a las EDE. No obstante, este monto fue presupuestado bajo el supuesto de un precio del petr\u00f3leo de US$47.8 por barril, y dado el contexto internacional actual, las proyecciones apuntan a precios superiores para el petr\u00f3leo y, por tanto, para los carburantes en 2026. Por ello, es razonable anticipar que las transferencias sean ajustadas, tal como ocurri\u00f3 en la revisi\u00f3n del presupuesto para 2025.<\/p>\n<p style=\"text-align: justify;\">Para 2025, se hab\u00edan presupuestado originalmente un total RD$83,360.7 millones, sin embargo, luego de la revisi\u00f3n del presupuesto este monto aument\u00f3 a RD$101,985.7 millones.<\/p>\n<p style=\"text-align: justify;\">A pesar de los recursos destinados, las p\u00e9rdidas siguen representando una proporci\u00f3n significativa de la energ\u00eda adquirida, evidencia de la ineficiencia del sistema el\u00e9ctrico dominicano. Mientras el financiamiento de las EDE provenga de fondos p\u00fablicos, el costo de la ineficiencia se transfiere a los contribuyentes, que terminan cubriendo la energ\u00eda perdida.<\/p>\n<div class=\"pvc_clear\"><\/div>\n<p class=\"pvc_stats all \" data-element-id=\"29494\" style=\"\"><i class=\"pvc-stats-icon medium\" aria-hidden=\"true\"><svg aria-hidden=\"true\" focusable=\"false\" data-prefix=\"far\" data-icon=\"chart-bar\" role=\"img\" xmlns=\"http:\/\/www.w3.org\/2000\/svg\" viewBox=\"0 0 512 512\" class=\"svg-inline--fa fa-chart-bar fa-w-16 fa-2x\"><path fill=\"currentColor\" d=\"M396.8 352h22.4c6.4 0 12.8-6.4 12.8-12.8V108.8c0-6.4-6.4-12.8-12.8-12.8h-22.4c-6.4 0-12.8 6.4-12.8 12.8v230.4c0 6.4 6.4 12.8 12.8 12.8zm-192 0h22.4c6.4 0 12.8-6.4 12.8-12.8V140.8c0-6.4-6.4-12.8-12.8-12.8h-22.4c-6.4 0-12.8 6.4-12.8 12.8v198.4c0 6.4 6.4 12.8 12.8 12.8zm96 0h22.4c6.4 0 12.8-6.4 12.8-12.8V204.8c0-6.4-6.4-12.8-12.8-12.8h-22.4c-6.4 0-12.8 6.4-12.8 12.8v134.4c0 6.4 6.4 12.8 12.8 12.8zM496 400H48V80c0-8.84-7.16-16-16-16H16C7.16 64 0 71.16 0 80v336c0 17.67 14.33 32 32 32h464c8.84 0 16-7.16 16-16v-16c0-8.84-7.16-16-16-16zm-387.2-48h22.4c6.4 0 12.8-6.4 12.8-12.8v-70.4c0-6.4-6.4-12.8-12.8-12.8h-22.4c-6.4 0-12.8 6.4-12.8 12.8v70.4c0 6.4 6.4 12.8 12.8 12.8z\" class=\"\"><\/path><\/svg><\/i> Vistas Totales&nbsp;701&nbsp;, Vistas Hoy&nbsp;4&nbsp;<\/p>\n<div class=\"pvc_clear\"><\/div>\n","protected":false},"excerpt":{"rendered":"<p>Las p\u00e9rdidas totales de energ\u00eda de las EDE alcanzaron el 42.3% en 2025 Seg\u00fan el \u00faltimo informe del Ministerio de Energ\u00eda y Minas, a diciembre de 2025, las Empresas Distribuidoras de Electricidad (EDE) acumularon p\u00e9rdidas totales equivalentes al 42.3% de la energ\u00eda adquirida. Esto significa que, por cada 100 gigavatios-hora (GWh) comprados, se perdieron 42.3&#8230;<\/p>\n<div class=\"pvc_clear\"><\/div>\n<p class=\"pvc_stats all \" data-element-id=\"29494\" style=\"\"><i class=\"pvc-stats-icon medium\" aria-hidden=\"true\"><svg aria-hidden=\"true\" focusable=\"false\" data-prefix=\"far\" data-icon=\"chart-bar\" role=\"img\" xmlns=\"http:\/\/www.w3.org\/2000\/svg\" viewBox=\"0 0 512 512\" class=\"svg-inline--fa fa-chart-bar fa-w-16 fa-2x\"><path fill=\"currentColor\" d=\"M396.8 352h22.4c6.4 0 12.8-6.4 12.8-12.8V108.8c0-6.4-6.4-12.8-12.8-12.8h-22.4c-6.4 0-12.8 6.4-12.8 12.8v230.4c0 6.4 6.4 12.8 12.8 12.8zm-192 0h22.4c6.4 0 12.8-6.4 12.8-12.8V140.8c0-6.4-6.4-12.8-12.8-12.8h-22.4c-6.4 0-12.8 6.4-12.8 12.8v198.4c0 6.4 6.4 12.8 12.8 12.8zm96 0h22.4c6.4 0 12.8-6.4 12.8-12.8V204.8c0-6.4-6.4-12.8-12.8-12.8h-22.4c-6.4 0-12.8 6.4-12.8 12.8v134.4c0 6.4 6.4 12.8 12.8 12.8zM496 400H48V80c0-8.84-7.16-16-16-16H16C7.16 64 0 71.16 0 80v336c0 17.67 14.33 32 32 32h464c8.84 0 16-7.16 16-16v-16c0-8.84-7.16-16-16-16zm-387.2-48h22.4c6.4 0 12.8-6.4 12.8-12.8v-70.4c0-6.4-6.4-12.8-12.8-12.8h-22.4c-6.4 0-12.8 6.4-12.8 12.8v70.4c0 6.4 6.4 12.8 12.8 12.8z\" class=\"\"><\/path><\/svg><\/i> Vistas Totales&nbsp;701&nbsp;, Vistas Hoy&nbsp;4&nbsp;<\/p>\n<div class=\"pvc_clear\"><\/div>\n","protected":false},"author":2,"featured_media":29495,"comment_status":"closed","ping_status":"closed","sticky":false,"template":"","format":"standard","meta":{"footnotes":""},"categories":[21],"tags":[],"class_list":["post-29494","post","type-post","status-publish","format-standard","has-post-thumbnail","hentry","category-blog"],"yoast_head":"<!-- This site is optimized with the Yoast SEO plugin v25.2 - https:\/\/yoast.com\/wordpress\/plugins\/seo\/ -->\n<title>Las p\u00e9rdidas totales de energ\u00eda de las EDE alcanzaron el 42.3% en 2025 | CREES<\/title>\n<meta name=\"robots\" content=\"index, follow, max-snippet:-1, max-image-preview:large, max-video-preview:-1\" \/>\n<link rel=\"canonical\" href=\"https:\/\/crees.org.do\/?p=29494\" \/>\n<meta property=\"og:locale\" content=\"es_ES\" \/>\n<meta property=\"og:type\" content=\"article\" \/>\n<meta property=\"og:title\" content=\"Las p\u00e9rdidas totales de energ\u00eda de las EDE alcanzaron el 42.3% en 2025 | CREES\" \/>\n<meta property=\"og:description\" content=\"Las p\u00e9rdidas totales de energ\u00eda de las EDE alcanzaron el 42.3% en 2025 Seg\u00fan el \u00faltimo informe del Ministerio de Energ\u00eda y Minas, a diciembre de 2025, las Empresas Distribuidoras de Electricidad (EDE) acumularon p\u00e9rdidas totales equivalentes al 42.3% de la energ\u00eda adquirida. Esto significa que, por cada 100 gigavatios-hora (GWh) comprados, se perdieron 42.3...\" \/>\n<meta property=\"og:url\" content=\"https:\/\/crees.org.do\/?p=29494\" \/>\n<meta property=\"og:site_name\" content=\"CREES\" \/>\n<meta property=\"article:publisher\" content=\"https:\/\/www.facebook.com\/CREESRD\/\" \/>\n<meta property=\"article:published_time\" content=\"2026-03-13T16:47:00+00:00\" \/>\n<meta property=\"article:modified_time\" content=\"2026-03-13T16:50:45+00:00\" \/>\n<meta property=\"og:image\" content=\"https:\/\/crees.org.do\/wp-content\/uploads\/2026\/03\/perdidas-electricas-2025-scaled.png\" \/>\n\t<meta property=\"og:image:width\" content=\"1200\" \/>\n\t<meta property=\"og:image:height\" content=\"1200\" \/>\n\t<meta property=\"og:image:type\" content=\"image\/png\" \/>\n<meta name=\"author\" content=\"Crees\" \/>\n<meta name=\"twitter:card\" content=\"summary_large_image\" \/>\n<meta name=\"twitter:creator\" content=\"@CREESRD\" \/>\n<meta name=\"twitter:site\" content=\"@CREESRD\" \/>\n<meta name=\"twitter:label1\" content=\"Escrito por\" \/>\n\t<meta name=\"twitter:data1\" content=\"Crees\" \/>\n\t<meta name=\"twitter:label2\" content=\"Tiempo de lectura\" \/>\n\t<meta name=\"twitter:data2\" content=\"1 minuto\" \/>\n<script type=\"application\/ld+json\" class=\"yoast-schema-graph\">{\"@context\":\"https:\/\/schema.org\",\"@graph\":[{\"@type\":\"Article\",\"@id\":\"https:\/\/crees.org.do\/?p=29494#article\",\"isPartOf\":{\"@id\":\"https:\/\/crees.org.do\/?p=29494\"},\"author\":{\"name\":\"Crees\",\"@id\":\"https:\/\/crees.org.do\/#\/schema\/person\/e7f97cd94d7bf9cd0e0ce30acb7d56b8\"},\"headline\":\"Las p\u00e9rdidas totales de energ\u00eda de las EDE alcanzaron el 42.3% en 2025\",\"datePublished\":\"2026-03-13T16:47:00+00:00\",\"dateModified\":\"2026-03-13T16:50:45+00:00\",\"mainEntityOfPage\":{\"@id\":\"https:\/\/crees.org.do\/?p=29494\"},\"wordCount\":292,\"publisher\":{\"@id\":\"https:\/\/crees.org.do\/#organization\"},\"image\":{\"@id\":\"https:\/\/crees.org.do\/?p=29494#primaryimage\"},\"thumbnailUrl\":\"https:\/\/crees.org.do\/wp-content\/uploads\/2026\/03\/perdidas-electricas-2025-scaled.png\",\"articleSection\":[\"Blog\"],\"inLanguage\":\"es\"},{\"@type\":\"WebPage\",\"@id\":\"https:\/\/crees.org.do\/?p=29494\",\"url\":\"https:\/\/crees.org.do\/?p=29494\",\"name\":\"Las p\u00e9rdidas totales de energ\u00eda de las EDE alcanzaron el 42.3% en 2025 | CREES\",\"isPartOf\":{\"@id\":\"https:\/\/crees.org.do\/#website\"},\"primaryImageOfPage\":{\"@id\":\"https:\/\/crees.org.do\/?p=29494#primaryimage\"},\"image\":{\"@id\":\"https:\/\/crees.org.do\/?p=29494#primaryimage\"},\"thumbnailUrl\":\"https:\/\/crees.org.do\/wp-content\/uploads\/2026\/03\/perdidas-electricas-2025-scaled.png\",\"datePublished\":\"2026-03-13T16:47:00+00:00\",\"dateModified\":\"2026-03-13T16:50:45+00:00\",\"breadcrumb\":{\"@id\":\"https:\/\/crees.org.do\/?p=29494#breadcrumb\"},\"inLanguage\":\"es\",\"potentialAction\":[{\"@type\":\"ReadAction\",\"target\":[\"https:\/\/crees.org.do\/?p=29494\"]}]},{\"@type\":\"ImageObject\",\"inLanguage\":\"es\",\"@id\":\"https:\/\/crees.org.do\/?p=29494#primaryimage\",\"url\":\"https:\/\/crees.org.do\/wp-content\/uploads\/2026\/03\/perdidas-electricas-2025-scaled.png\",\"contentUrl\":\"https:\/\/crees.org.do\/wp-content\/uploads\/2026\/03\/perdidas-electricas-2025-scaled.png\",\"width\":1200,\"height\":1200},{\"@type\":\"BreadcrumbList\",\"@id\":\"https:\/\/crees.org.do\/?p=29494#breadcrumb\",\"itemListElement\":[{\"@type\":\"ListItem\",\"position\":1,\"name\":\"Portada\",\"item\":\"https:\/\/crees.org.do\/\"},{\"@type\":\"ListItem\",\"position\":2,\"name\":\"Las p\u00e9rdidas totales de energ\u00eda de las EDE alcanzaron el 42.3% en 2025\"}]},{\"@type\":\"WebSite\",\"@id\":\"https:\/\/crees.org.do\/#website\",\"url\":\"https:\/\/crees.org.do\/\",\"name\":\"CREES\",\"description\":\"Centro Regional de Estrategias Econ\u00f3micas Sostenibles\",\"publisher\":{\"@id\":\"https:\/\/crees.org.do\/#organization\"},\"potentialAction\":[{\"@type\":\"SearchAction\",\"target\":{\"@type\":\"EntryPoint\",\"urlTemplate\":\"https:\/\/crees.org.do\/?s={search_term_string}\"},\"query-input\":{\"@type\":\"PropertyValueSpecification\",\"valueRequired\":true,\"valueName\":\"search_term_string\"}}],\"inLanguage\":\"es\"},{\"@type\":\"Organization\",\"@id\":\"https:\/\/crees.org.do\/#organization\",\"name\":\"CREES | Centro Regional de Estrategias Econ\u00f3micas Sostenibles\",\"url\":\"https:\/\/crees.org.do\/\",\"logo\":{\"@type\":\"ImageObject\",\"inLanguage\":\"es\",\"@id\":\"https:\/\/crees.org.do\/#\/schema\/logo\/image\/\",\"url\":\"https:\/\/crees.org.do\/wp-content\/uploads\/2022\/03\/crees-logo-1.jpg\",\"contentUrl\":\"https:\/\/crees.org.do\/wp-content\/uploads\/2022\/03\/crees-logo-1.jpg\",\"width\":244,\"height\":71,\"caption\":\"CREES | Centro Regional de Estrategias Econ\u00f3micas Sostenibles\"},\"image\":{\"@id\":\"https:\/\/crees.org.do\/#\/schema\/logo\/image\/\"},\"sameAs\":[\"https:\/\/www.facebook.com\/CREESRD\/\",\"https:\/\/x.com\/CREESRD\"]},{\"@type\":\"Person\",\"@id\":\"https:\/\/crees.org.do\/#\/schema\/person\/e7f97cd94d7bf9cd0e0ce30acb7d56b8\",\"name\":\"Crees\",\"image\":{\"@type\":\"ImageObject\",\"inLanguage\":\"es\",\"@id\":\"https:\/\/crees.org.do\/#\/schema\/person\/image\/\",\"url\":\"https:\/\/secure.gravatar.com\/avatar\/390ac8f0be5d9aa046152553e2dd7011b59a512d89c150f5e5f28bb8d9a0b165?s=96&d=mm&r=g\",\"contentUrl\":\"https:\/\/secure.gravatar.com\/avatar\/390ac8f0be5d9aa046152553e2dd7011b59a512d89c150f5e5f28bb8d9a0b165?s=96&d=mm&r=g\",\"caption\":\"Crees\"},\"url\":\"https:\/\/crees.org.do\/?author=2\"}]}<\/script>\n<!-- \/ Yoast SEO plugin. -->","yoast_head_json":{"title":"Las p\u00e9rdidas totales de energ\u00eda de las EDE alcanzaron el 42.3% en 2025 | CREES","robots":{"index":"index","follow":"follow","max-snippet":"max-snippet:-1","max-image-preview":"max-image-preview:large","max-video-preview":"max-video-preview:-1"},"canonical":"https:\/\/crees.org.do\/?p=29494","og_locale":"es_ES","og_type":"article","og_title":"Las p\u00e9rdidas totales de energ\u00eda de las EDE alcanzaron el 42.3% en 2025 | CREES","og_description":"Las p\u00e9rdidas totales de energ\u00eda de las EDE alcanzaron el 42.3% en 2025 Seg\u00fan el \u00faltimo informe del Ministerio de Energ\u00eda y Minas, a diciembre de 2025, las Empresas Distribuidoras de Electricidad (EDE) acumularon p\u00e9rdidas totales equivalentes al 42.3% de la energ\u00eda adquirida. Esto significa que, por cada 100 gigavatios-hora (GWh) comprados, se perdieron 42.3...","og_url":"https:\/\/crees.org.do\/?p=29494","og_site_name":"CREES","article_publisher":"https:\/\/www.facebook.com\/CREESRD\/","article_published_time":"2026-03-13T16:47:00+00:00","article_modified_time":"2026-03-13T16:50:45+00:00","og_image":[{"width":1200,"height":1200,"url":"https:\/\/crees.org.do\/wp-content\/uploads\/2026\/03\/perdidas-electricas-2025-scaled.png","type":"image\/png"}],"author":"Crees","twitter_card":"summary_large_image","twitter_creator":"@CREESRD","twitter_site":"@CREESRD","twitter_misc":{"Escrito por":"Crees","Tiempo de lectura":"1 minuto"},"schema":{"@context":"https:\/\/schema.org","@graph":[{"@type":"Article","@id":"https:\/\/crees.org.do\/?p=29494#article","isPartOf":{"@id":"https:\/\/crees.org.do\/?p=29494"},"author":{"name":"Crees","@id":"https:\/\/crees.org.do\/#\/schema\/person\/e7f97cd94d7bf9cd0e0ce30acb7d56b8"},"headline":"Las p\u00e9rdidas totales de energ\u00eda de las EDE alcanzaron el 42.3% en 2025","datePublished":"2026-03-13T16:47:00+00:00","dateModified":"2026-03-13T16:50:45+00:00","mainEntityOfPage":{"@id":"https:\/\/crees.org.do\/?p=29494"},"wordCount":292,"publisher":{"@id":"https:\/\/crees.org.do\/#organization"},"image":{"@id":"https:\/\/crees.org.do\/?p=29494#primaryimage"},"thumbnailUrl":"https:\/\/crees.org.do\/wp-content\/uploads\/2026\/03\/perdidas-electricas-2025-scaled.png","articleSection":["Blog"],"inLanguage":"es"},{"@type":"WebPage","@id":"https:\/\/crees.org.do\/?p=29494","url":"https:\/\/crees.org.do\/?p=29494","name":"Las p\u00e9rdidas totales de energ\u00eda de las EDE alcanzaron el 42.3% en 2025 | CREES","isPartOf":{"@id":"https:\/\/crees.org.do\/#website"},"primaryImageOfPage":{"@id":"https:\/\/crees.org.do\/?p=29494#primaryimage"},"image":{"@id":"https:\/\/crees.org.do\/?p=29494#primaryimage"},"thumbnailUrl":"https:\/\/crees.org.do\/wp-content\/uploads\/2026\/03\/perdidas-electricas-2025-scaled.png","datePublished":"2026-03-13T16:47:00+00:00","dateModified":"2026-03-13T16:50:45+00:00","breadcrumb":{"@id":"https:\/\/crees.org.do\/?p=29494#breadcrumb"},"inLanguage":"es","potentialAction":[{"@type":"ReadAction","target":["https:\/\/crees.org.do\/?p=29494"]}]},{"@type":"ImageObject","inLanguage":"es","@id":"https:\/\/crees.org.do\/?p=29494#primaryimage","url":"https:\/\/crees.org.do\/wp-content\/uploads\/2026\/03\/perdidas-electricas-2025-scaled.png","contentUrl":"https:\/\/crees.org.do\/wp-content\/uploads\/2026\/03\/perdidas-electricas-2025-scaled.png","width":1200,"height":1200},{"@type":"BreadcrumbList","@id":"https:\/\/crees.org.do\/?p=29494#breadcrumb","itemListElement":[{"@type":"ListItem","position":1,"name":"Portada","item":"https:\/\/crees.org.do\/"},{"@type":"ListItem","position":2,"name":"Las p\u00e9rdidas totales de energ\u00eda de las EDE alcanzaron el 42.3% en 2025"}]},{"@type":"WebSite","@id":"https:\/\/crees.org.do\/#website","url":"https:\/\/crees.org.do\/","name":"CREES","description":"Centro Regional de Estrategias Econ\u00f3micas Sostenibles","publisher":{"@id":"https:\/\/crees.org.do\/#organization"},"potentialAction":[{"@type":"SearchAction","target":{"@type":"EntryPoint","urlTemplate":"https:\/\/crees.org.do\/?s={search_term_string}"},"query-input":{"@type":"PropertyValueSpecification","valueRequired":true,"valueName":"search_term_string"}}],"inLanguage":"es"},{"@type":"Organization","@id":"https:\/\/crees.org.do\/#organization","name":"CREES | Centro Regional de Estrategias Econ\u00f3micas Sostenibles","url":"https:\/\/crees.org.do\/","logo":{"@type":"ImageObject","inLanguage":"es","@id":"https:\/\/crees.org.do\/#\/schema\/logo\/image\/","url":"https:\/\/crees.org.do\/wp-content\/uploads\/2022\/03\/crees-logo-1.jpg","contentUrl":"https:\/\/crees.org.do\/wp-content\/uploads\/2022\/03\/crees-logo-1.jpg","width":244,"height":71,"caption":"CREES | Centro Regional de Estrategias Econ\u00f3micas Sostenibles"},"image":{"@id":"https:\/\/crees.org.do\/#\/schema\/logo\/image\/"},"sameAs":["https:\/\/www.facebook.com\/CREESRD\/","https:\/\/x.com\/CREESRD"]},{"@type":"Person","@id":"https:\/\/crees.org.do\/#\/schema\/person\/e7f97cd94d7bf9cd0e0ce30acb7d56b8","name":"Crees","image":{"@type":"ImageObject","inLanguage":"es","@id":"https:\/\/crees.org.do\/#\/schema\/person\/image\/","url":"https:\/\/secure.gravatar.com\/avatar\/390ac8f0be5d9aa046152553e2dd7011b59a512d89c150f5e5f28bb8d9a0b165?s=96&d=mm&r=g","contentUrl":"https:\/\/secure.gravatar.com\/avatar\/390ac8f0be5d9aa046152553e2dd7011b59a512d89c150f5e5f28bb8d9a0b165?s=96&d=mm&r=g","caption":"Crees"},"url":"https:\/\/crees.org.do\/?author=2"}]}},"_links":{"self":[{"href":"https:\/\/crees.org.do\/index.php?rest_route=\/wp\/v2\/posts\/29494","targetHints":{"allow":["GET"]}}],"collection":[{"href":"https:\/\/crees.org.do\/index.php?rest_route=\/wp\/v2\/posts"}],"about":[{"href":"https:\/\/crees.org.do\/index.php?rest_route=\/wp\/v2\/types\/post"}],"author":[{"embeddable":true,"href":"https:\/\/crees.org.do\/index.php?rest_route=\/wp\/v2\/users\/2"}],"replies":[{"embeddable":true,"href":"https:\/\/crees.org.do\/index.php?rest_route=%2Fwp%2Fv2%2Fcomments&post=29494"}],"version-history":[{"count":2,"href":"https:\/\/crees.org.do\/index.php?rest_route=\/wp\/v2\/posts\/29494\/revisions"}],"predecessor-version":[{"id":29497,"href":"https:\/\/crees.org.do\/index.php?rest_route=\/wp\/v2\/posts\/29494\/revisions\/29497"}],"wp:featuredmedia":[{"embeddable":true,"href":"https:\/\/crees.org.do\/index.php?rest_route=\/wp\/v2\/media\/29495"}],"wp:attachment":[{"href":"https:\/\/crees.org.do\/index.php?rest_route=%2Fwp%2Fv2%2Fmedia&parent=29494"}],"wp:term":[{"taxonomy":"category","embeddable":true,"href":"https:\/\/crees.org.do\/index.php?rest_route=%2Fwp%2Fv2%2Fcategories&post=29494"},{"taxonomy":"post_tag","embeddable":true,"href":"https:\/\/crees.org.do\/index.php?rest_route=%2Fwp%2Fv2%2Ftags&post=29494"}],"curies":[{"name":"wp","href":"https:\/\/api.w.org\/{rel}","templated":true}]}}