{"id":29648,"date":"2026-04-29T19:03:28","date_gmt":"2026-04-29T19:03:28","guid":{"rendered":"https:\/\/crees.org.do\/?p=29648"},"modified":"2026-04-29T19:03:28","modified_gmt":"2026-04-29T19:03:28","slug":"la-nomina-publica-suma-35273-nuevos-trabajadores-en-un-ano","status":"publish","type":"post","link":"https:\/\/crees.org.do\/?p=29648","title":{"rendered":"La n\u00f3mina p\u00fablica suma 35,273 nuevos trabajadores en un a\u00f1o"},"content":{"rendered":"<h2><img fetchpriority=\"high\" decoding=\"async\" class=\"aligncenter wp-image-29649\" src=\"https:\/\/crees.org.do\/wp-content\/uploads\/2026\/04\/Empleados-publicos-eneros-scaled.png\" alt=\"\" width=\"896\" height=\"896\" srcset=\"https:\/\/crees.org.do\/wp-content\/uploads\/2026\/04\/Empleados-publicos-eneros-scaled.png 1200w, https:\/\/crees.org.do\/wp-content\/uploads\/2026\/04\/Empleados-publicos-eneros-450x450.png 450w, https:\/\/crees.org.do\/wp-content\/uploads\/2026\/04\/Empleados-publicos-eneros-2000x2000.png 2000w, https:\/\/crees.org.do\/wp-content\/uploads\/2026\/04\/Empleados-publicos-eneros-150x150.png 150w, https:\/\/crees.org.do\/wp-content\/uploads\/2026\/04\/Empleados-publicos-eneros-768x768.png 768w, https:\/\/crees.org.do\/wp-content\/uploads\/2026\/04\/Empleados-publicos-eneros-500x500.png 500w, https:\/\/crees.org.do\/wp-content\/uploads\/2026\/04\/Empleados-publicos-eneros-1536x1536.png 1536w, https:\/\/crees.org.do\/wp-content\/uploads\/2026\/04\/Empleados-publicos-eneros-2048x2048.png 2048w\" sizes=\"(max-width: 896px) 100vw, 896px\" \/><\/h2>\n<h2 style=\"text-align: justify;\"><strong>La n\u00f3mina p\u00fablica suma 35,273 nuevos trabajadores en un a\u00f1o<\/strong><\/h2>\n<p style=\"text-align: justify;\">Seg\u00fan la Superintendencia de Salud y Riesgos Laborales (SISALRIL), a enero de 2026 se registraron 773,025 empleados en la n\u00f3mina p\u00fablica, lo que implica un aumento de 4.8% frente a enero de 2025; es decir, en un a\u00f1o se sumaron 35,273 nuevos trabajadores.<\/p>\n<p style=\"text-align: justify;\">En enero de 2026, la SISALRIL revis\u00f3 la serie completa desde 2008, lo que redujo los niveles previamente publicados.<\/p>\n<p style=\"text-align: justify;\">Si observamos los \u00faltimos diez a\u00f1os, encontramos que en una d\u00e9cada la n\u00f3mina p\u00fablica ha aumentado en 254,378 empleados.<\/p>\n<p style=\"text-align: justify;\">A pesar de las medidas que buscaban restringir el aumento de la contrataci\u00f3n de nuevos empleados anunciadas por las autoridades en septiembre de 2024, desde ese mismo mes a enero de 2026 la n\u00f3mina publica aument\u00f3 un 6.4% o 46,538 empleados.<\/p>\n<p style=\"text-align: justify;\">Seg\u00fan la ley general de presupuesto, para 2026 el gasto en remuneraciones representar\u00eda 23.2% del gasto p\u00fablico total. El componente m\u00e1s elevado de acuerdo con la clasificaci\u00f3n econ\u00f3mica del gasto.<\/p>\n<p style=\"text-align: justify;\">El constante crecimiento de la n\u00f3mina p\u00fablica implica tambi\u00e9n un incremento en la cantidad de recursos que se deben destinar para sostenerla. Estos recursos provienen directa o indirectamente de la actividad productiva y por lo tanto no terminan destin\u00e1ndose a proyectos que realmente generen un valor econ\u00f3mico.<\/p>\n<p style=\"text-align: justify;\">El costo real de una creciente n\u00f3mina p\u00fablica no es \u00fanicamente el monto que se gasta en mantenerla, sino todo en lo que la sociedad tiene que dejar de invertir en la econom\u00eda.<\/p>\n<div class=\"pvc_clear\"><\/div>\n<p class=\"pvc_stats all \" data-element-id=\"29648\" style=\"\"><i class=\"pvc-stats-icon medium\" aria-hidden=\"true\"><svg aria-hidden=\"true\" focusable=\"false\" data-prefix=\"far\" data-icon=\"chart-bar\" role=\"img\" xmlns=\"http:\/\/www.w3.org\/2000\/svg\" viewBox=\"0 0 512 512\" class=\"svg-inline--fa fa-chart-bar fa-w-16 fa-2x\"><path fill=\"currentColor\" d=\"M396.8 352h22.4c6.4 0 12.8-6.4 12.8-12.8V108.8c0-6.4-6.4-12.8-12.8-12.8h-22.4c-6.4 0-12.8 6.4-12.8 12.8v230.4c0 6.4 6.4 12.8 12.8 12.8zm-192 0h22.4c6.4 0 12.8-6.4 12.8-12.8V140.8c0-6.4-6.4-12.8-12.8-12.8h-22.4c-6.4 0-12.8 6.4-12.8 12.8v198.4c0 6.4 6.4 12.8 12.8 12.8zm96 0h22.4c6.4 0 12.8-6.4 12.8-12.8V204.8c0-6.4-6.4-12.8-12.8-12.8h-22.4c-6.4 0-12.8 6.4-12.8 12.8v134.4c0 6.4 6.4 12.8 12.8 12.8zM496 400H48V80c0-8.84-7.16-16-16-16H16C7.16 64 0 71.16 0 80v336c0 17.67 14.33 32 32 32h464c8.84 0 16-7.16 16-16v-16c0-8.84-7.16-16-16-16zm-387.2-48h22.4c6.4 0 12.8-6.4 12.8-12.8v-70.4c0-6.4-6.4-12.8-12.8-12.8h-22.4c-6.4 0-12.8 6.4-12.8 12.8v70.4c0 6.4 6.4 12.8 12.8 12.8z\" class=\"\"><\/path><\/svg><\/i> Vistas Totales&nbsp;28&nbsp;, Vistas Hoy&nbsp;28&nbsp;<\/p>\n<div class=\"pvc_clear\"><\/div>\n","protected":false},"excerpt":{"rendered":"<p>La n\u00f3mina p\u00fablica suma 35,273 nuevos trabajadores en un a\u00f1o Seg\u00fan la Superintendencia de Salud y Riesgos Laborales (SISALRIL), a enero de 2026 se registraron 773,025 empleados en la n\u00f3mina p\u00fablica, lo que implica un aumento de 4.8% frente a enero de 2025; es decir, en un a\u00f1o se sumaron 35,273 nuevos trabajadores. En enero&#8230;<\/p>\n<div class=\"pvc_clear\"><\/div>\n<p class=\"pvc_stats all \" data-element-id=\"29648\" style=\"\"><i class=\"pvc-stats-icon medium\" aria-hidden=\"true\"><svg aria-hidden=\"true\" focusable=\"false\" data-prefix=\"far\" data-icon=\"chart-bar\" role=\"img\" xmlns=\"http:\/\/www.w3.org\/2000\/svg\" viewBox=\"0 0 512 512\" class=\"svg-inline--fa fa-chart-bar fa-w-16 fa-2x\"><path fill=\"currentColor\" d=\"M396.8 352h22.4c6.4 0 12.8-6.4 12.8-12.8V108.8c0-6.4-6.4-12.8-12.8-12.8h-22.4c-6.4 0-12.8 6.4-12.8 12.8v230.4c0 6.4 6.4 12.8 12.8 12.8zm-192 0h22.4c6.4 0 12.8-6.4 12.8-12.8V140.8c0-6.4-6.4-12.8-12.8-12.8h-22.4c-6.4 0-12.8 6.4-12.8 12.8v198.4c0 6.4 6.4 12.8 12.8 12.8zm96 0h22.4c6.4 0 12.8-6.4 12.8-12.8V204.8c0-6.4-6.4-12.8-12.8-12.8h-22.4c-6.4 0-12.8 6.4-12.8 12.8v134.4c0 6.4 6.4 12.8 12.8 12.8zM496 400H48V80c0-8.84-7.16-16-16-16H16C7.16 64 0 71.16 0 80v336c0 17.67 14.33 32 32 32h464c8.84 0 16-7.16 16-16v-16c0-8.84-7.16-16-16-16zm-387.2-48h22.4c6.4 0 12.8-6.4 12.8-12.8v-70.4c0-6.4-6.4-12.8-12.8-12.8h-22.4c-6.4 0-12.8 6.4-12.8 12.8v70.4c0 6.4 6.4 12.8 12.8 12.8z\" class=\"\"><\/path><\/svg><\/i> Vistas Totales&nbsp;28&nbsp;, Vistas Hoy&nbsp;28&nbsp;<\/p>\n<div class=\"pvc_clear\"><\/div>\n","protected":false},"author":2,"featured_media":29649,"comment_status":"closed","ping_status":"closed","sticky":false,"template":"","format":"standard","meta":{"footnotes":""},"categories":[21],"tags":[],"class_list":["post-29648","post","type-post","status-publish","format-standard","has-post-thumbnail","hentry","category-blog"],"yoast_head":"<!-- This site is optimized with the Yoast SEO plugin v25.2 - https:\/\/yoast.com\/wordpress\/plugins\/seo\/ -->\n<title>La n\u00f3mina p\u00fablica suma 35,273 nuevos trabajadores en un a\u00f1o | CREES<\/title>\n<meta name=\"robots\" content=\"index, follow, max-snippet:-1, max-image-preview:large, max-video-preview:-1\" \/>\n<link rel=\"canonical\" href=\"https:\/\/crees.org.do\/?p=29648\" \/>\n<meta property=\"og:locale\" content=\"es_ES\" \/>\n<meta property=\"og:type\" content=\"article\" \/>\n<meta property=\"og:title\" content=\"La n\u00f3mina p\u00fablica suma 35,273 nuevos trabajadores en un a\u00f1o | CREES\" \/>\n<meta property=\"og:description\" content=\"La n\u00f3mina p\u00fablica suma 35,273 nuevos trabajadores en un a\u00f1o Seg\u00fan la Superintendencia de Salud y Riesgos Laborales (SISALRIL), a enero de 2026 se registraron 773,025 empleados en la n\u00f3mina p\u00fablica, lo que implica un aumento de 4.8% frente a enero de 2025; es decir, en un a\u00f1o se sumaron 35,273 nuevos trabajadores. En enero...\" \/>\n<meta property=\"og:url\" content=\"https:\/\/crees.org.do\/?p=29648\" \/>\n<meta property=\"og:site_name\" content=\"CREES\" \/>\n<meta property=\"article:publisher\" content=\"https:\/\/www.facebook.com\/CREESRD\/\" \/>\n<meta property=\"article:published_time\" content=\"2026-04-29T19:03:28+00:00\" \/>\n<meta property=\"og:image\" content=\"https:\/\/crees.org.do\/wp-content\/uploads\/2026\/04\/Empleados-publicos-eneros-scaled.png\" \/>\n\t<meta property=\"og:image:width\" content=\"1200\" \/>\n\t<meta property=\"og:image:height\" content=\"1200\" \/>\n\t<meta property=\"og:image:type\" content=\"image\/png\" \/>\n<meta name=\"author\" content=\"Crees\" \/>\n<meta name=\"twitter:card\" content=\"summary_large_image\" \/>\n<meta name=\"twitter:creator\" content=\"@CREESRD\" \/>\n<meta name=\"twitter:site\" content=\"@CREESRD\" \/>\n<meta name=\"twitter:label1\" content=\"Escrito por\" \/>\n\t<meta name=\"twitter:data1\" content=\"Crees\" \/>\n\t<meta name=\"twitter:label2\" content=\"Tiempo de lectura\" \/>\n\t<meta name=\"twitter:data2\" content=\"1 minuto\" \/>\n<script type=\"application\/ld+json\" class=\"yoast-schema-graph\">{\"@context\":\"https:\/\/schema.org\",\"@graph\":[{\"@type\":\"Article\",\"@id\":\"https:\/\/crees.org.do\/?p=29648#article\",\"isPartOf\":{\"@id\":\"https:\/\/crees.org.do\/?p=29648\"},\"author\":{\"name\":\"Crees\",\"@id\":\"https:\/\/crees.org.do\/#\/schema\/person\/e7f97cd94d7bf9cd0e0ce30acb7d56b8\"},\"headline\":\"La n\u00f3mina p\u00fablica suma 35,273 nuevos trabajadores en un a\u00f1o\",\"datePublished\":\"2026-04-29T19:03:28+00:00\",\"mainEntityOfPage\":{\"@id\":\"https:\/\/crees.org.do\/?p=29648\"},\"wordCount\":266,\"publisher\":{\"@id\":\"https:\/\/crees.org.do\/#organization\"},\"image\":{\"@id\":\"https:\/\/crees.org.do\/?p=29648#primaryimage\"},\"thumbnailUrl\":\"https:\/\/crees.org.do\/wp-content\/uploads\/2026\/04\/Empleados-publicos-eneros-scaled.png\",\"articleSection\":[\"Blog\"],\"inLanguage\":\"es\"},{\"@type\":\"WebPage\",\"@id\":\"https:\/\/crees.org.do\/?p=29648\",\"url\":\"https:\/\/crees.org.do\/?p=29648\",\"name\":\"La n\u00f3mina p\u00fablica suma 35,273 nuevos trabajadores en un a\u00f1o | CREES\",\"isPartOf\":{\"@id\":\"https:\/\/crees.org.do\/#website\"},\"primaryImageOfPage\":{\"@id\":\"https:\/\/crees.org.do\/?p=29648#primaryimage\"},\"image\":{\"@id\":\"https:\/\/crees.org.do\/?p=29648#primaryimage\"},\"thumbnailUrl\":\"https:\/\/crees.org.do\/wp-content\/uploads\/2026\/04\/Empleados-publicos-eneros-scaled.png\",\"datePublished\":\"2026-04-29T19:03:28+00:00\",\"breadcrumb\":{\"@id\":\"https:\/\/crees.org.do\/?p=29648#breadcrumb\"},\"inLanguage\":\"es\",\"potentialAction\":[{\"@type\":\"ReadAction\",\"target\":[\"https:\/\/crees.org.do\/?p=29648\"]}]},{\"@type\":\"ImageObject\",\"inLanguage\":\"es\",\"@id\":\"https:\/\/crees.org.do\/?p=29648#primaryimage\",\"url\":\"https:\/\/crees.org.do\/wp-content\/uploads\/2026\/04\/Empleados-publicos-eneros-scaled.png\",\"contentUrl\":\"https:\/\/crees.org.do\/wp-content\/uploads\/2026\/04\/Empleados-publicos-eneros-scaled.png\",\"width\":1200,\"height\":1200},{\"@type\":\"BreadcrumbList\",\"@id\":\"https:\/\/crees.org.do\/?p=29648#breadcrumb\",\"itemListElement\":[{\"@type\":\"ListItem\",\"position\":1,\"name\":\"Portada\",\"item\":\"https:\/\/crees.org.do\/\"},{\"@type\":\"ListItem\",\"position\":2,\"name\":\"La n\u00f3mina p\u00fablica suma 35,273 nuevos trabajadores en un a\u00f1o\"}]},{\"@type\":\"WebSite\",\"@id\":\"https:\/\/crees.org.do\/#website\",\"url\":\"https:\/\/crees.org.do\/\",\"name\":\"CREES\",\"description\":\"Centro Regional de Estrategias Econ\u00f3micas Sostenibles\",\"publisher\":{\"@id\":\"https:\/\/crees.org.do\/#organization\"},\"potentialAction\":[{\"@type\":\"SearchAction\",\"target\":{\"@type\":\"EntryPoint\",\"urlTemplate\":\"https:\/\/crees.org.do\/?s={search_term_string}\"},\"query-input\":{\"@type\":\"PropertyValueSpecification\",\"valueRequired\":true,\"valueName\":\"search_term_string\"}}],\"inLanguage\":\"es\"},{\"@type\":\"Organization\",\"@id\":\"https:\/\/crees.org.do\/#organization\",\"name\":\"CREES | Centro Regional de Estrategias Econ\u00f3micas Sostenibles\",\"url\":\"https:\/\/crees.org.do\/\",\"logo\":{\"@type\":\"ImageObject\",\"inLanguage\":\"es\",\"@id\":\"https:\/\/crees.org.do\/#\/schema\/logo\/image\/\",\"url\":\"https:\/\/crees.org.do\/wp-content\/uploads\/2022\/03\/crees-logo-1.jpg\",\"contentUrl\":\"https:\/\/crees.org.do\/wp-content\/uploads\/2022\/03\/crees-logo-1.jpg\",\"width\":244,\"height\":71,\"caption\":\"CREES | Centro Regional de Estrategias Econ\u00f3micas Sostenibles\"},\"image\":{\"@id\":\"https:\/\/crees.org.do\/#\/schema\/logo\/image\/\"},\"sameAs\":[\"https:\/\/www.facebook.com\/CREESRD\/\",\"https:\/\/x.com\/CREESRD\"]},{\"@type\":\"Person\",\"@id\":\"https:\/\/crees.org.do\/#\/schema\/person\/e7f97cd94d7bf9cd0e0ce30acb7d56b8\",\"name\":\"Crees\",\"image\":{\"@type\":\"ImageObject\",\"inLanguage\":\"es\",\"@id\":\"https:\/\/crees.org.do\/#\/schema\/person\/image\/\",\"url\":\"https:\/\/secure.gravatar.com\/avatar\/390ac8f0be5d9aa046152553e2dd7011b59a512d89c150f5e5f28bb8d9a0b165?s=96&d=mm&r=g\",\"contentUrl\":\"https:\/\/secure.gravatar.com\/avatar\/390ac8f0be5d9aa046152553e2dd7011b59a512d89c150f5e5f28bb8d9a0b165?s=96&d=mm&r=g\",\"caption\":\"Crees\"},\"url\":\"https:\/\/crees.org.do\/?author=2\"}]}<\/script>\n<!-- \/ Yoast SEO plugin. -->","yoast_head_json":{"title":"La n\u00f3mina p\u00fablica suma 35,273 nuevos trabajadores en un a\u00f1o | CREES","robots":{"index":"index","follow":"follow","max-snippet":"max-snippet:-1","max-image-preview":"max-image-preview:large","max-video-preview":"max-video-preview:-1"},"canonical":"https:\/\/crees.org.do\/?p=29648","og_locale":"es_ES","og_type":"article","og_title":"La n\u00f3mina p\u00fablica suma 35,273 nuevos trabajadores en un a\u00f1o | CREES","og_description":"La n\u00f3mina p\u00fablica suma 35,273 nuevos trabajadores en un a\u00f1o Seg\u00fan la Superintendencia de Salud y Riesgos Laborales (SISALRIL), a enero de 2026 se registraron 773,025 empleados en la n\u00f3mina p\u00fablica, lo que implica un aumento de 4.8% frente a enero de 2025; es decir, en un a\u00f1o se sumaron 35,273 nuevos trabajadores. En enero...","og_url":"https:\/\/crees.org.do\/?p=29648","og_site_name":"CREES","article_publisher":"https:\/\/www.facebook.com\/CREESRD\/","article_published_time":"2026-04-29T19:03:28+00:00","og_image":[{"width":1200,"height":1200,"url":"https:\/\/crees.org.do\/wp-content\/uploads\/2026\/04\/Empleados-publicos-eneros-scaled.png","type":"image\/png"}],"author":"Crees","twitter_card":"summary_large_image","twitter_creator":"@CREESRD","twitter_site":"@CREESRD","twitter_misc":{"Escrito por":"Crees","Tiempo de lectura":"1 minuto"},"schema":{"@context":"https:\/\/schema.org","@graph":[{"@type":"Article","@id":"https:\/\/crees.org.do\/?p=29648#article","isPartOf":{"@id":"https:\/\/crees.org.do\/?p=29648"},"author":{"name":"Crees","@id":"https:\/\/crees.org.do\/#\/schema\/person\/e7f97cd94d7bf9cd0e0ce30acb7d56b8"},"headline":"La n\u00f3mina p\u00fablica suma 35,273 nuevos trabajadores en un a\u00f1o","datePublished":"2026-04-29T19:03:28+00:00","mainEntityOfPage":{"@id":"https:\/\/crees.org.do\/?p=29648"},"wordCount":266,"publisher":{"@id":"https:\/\/crees.org.do\/#organization"},"image":{"@id":"https:\/\/crees.org.do\/?p=29648#primaryimage"},"thumbnailUrl":"https:\/\/crees.org.do\/wp-content\/uploads\/2026\/04\/Empleados-publicos-eneros-scaled.png","articleSection":["Blog"],"inLanguage":"es"},{"@type":"WebPage","@id":"https:\/\/crees.org.do\/?p=29648","url":"https:\/\/crees.org.do\/?p=29648","name":"La n\u00f3mina p\u00fablica suma 35,273 nuevos trabajadores en un a\u00f1o | CREES","isPartOf":{"@id":"https:\/\/crees.org.do\/#website"},"primaryImageOfPage":{"@id":"https:\/\/crees.org.do\/?p=29648#primaryimage"},"image":{"@id":"https:\/\/crees.org.do\/?p=29648#primaryimage"},"thumbnailUrl":"https:\/\/crees.org.do\/wp-content\/uploads\/2026\/04\/Empleados-publicos-eneros-scaled.png","datePublished":"2026-04-29T19:03:28+00:00","breadcrumb":{"@id":"https:\/\/crees.org.do\/?p=29648#breadcrumb"},"inLanguage":"es","potentialAction":[{"@type":"ReadAction","target":["https:\/\/crees.org.do\/?p=29648"]}]},{"@type":"ImageObject","inLanguage":"es","@id":"https:\/\/crees.org.do\/?p=29648#primaryimage","url":"https:\/\/crees.org.do\/wp-content\/uploads\/2026\/04\/Empleados-publicos-eneros-scaled.png","contentUrl":"https:\/\/crees.org.do\/wp-content\/uploads\/2026\/04\/Empleados-publicos-eneros-scaled.png","width":1200,"height":1200},{"@type":"BreadcrumbList","@id":"https:\/\/crees.org.do\/?p=29648#breadcrumb","itemListElement":[{"@type":"ListItem","position":1,"name":"Portada","item":"https:\/\/crees.org.do\/"},{"@type":"ListItem","position":2,"name":"La n\u00f3mina p\u00fablica suma 35,273 nuevos trabajadores en un a\u00f1o"}]},{"@type":"WebSite","@id":"https:\/\/crees.org.do\/#website","url":"https:\/\/crees.org.do\/","name":"CREES","description":"Centro Regional de Estrategias Econ\u00f3micas Sostenibles","publisher":{"@id":"https:\/\/crees.org.do\/#organization"},"potentialAction":[{"@type":"SearchAction","target":{"@type":"EntryPoint","urlTemplate":"https:\/\/crees.org.do\/?s={search_term_string}"},"query-input":{"@type":"PropertyValueSpecification","valueRequired":true,"valueName":"search_term_string"}}],"inLanguage":"es"},{"@type":"Organization","@id":"https:\/\/crees.org.do\/#organization","name":"CREES | Centro Regional de Estrategias Econ\u00f3micas Sostenibles","url":"https:\/\/crees.org.do\/","logo":{"@type":"ImageObject","inLanguage":"es","@id":"https:\/\/crees.org.do\/#\/schema\/logo\/image\/","url":"https:\/\/crees.org.do\/wp-content\/uploads\/2022\/03\/crees-logo-1.jpg","contentUrl":"https:\/\/crees.org.do\/wp-content\/uploads\/2022\/03\/crees-logo-1.jpg","width":244,"height":71,"caption":"CREES | Centro Regional de Estrategias Econ\u00f3micas Sostenibles"},"image":{"@id":"https:\/\/crees.org.do\/#\/schema\/logo\/image\/"},"sameAs":["https:\/\/www.facebook.com\/CREESRD\/","https:\/\/x.com\/CREESRD"]},{"@type":"Person","@id":"https:\/\/crees.org.do\/#\/schema\/person\/e7f97cd94d7bf9cd0e0ce30acb7d56b8","name":"Crees","image":{"@type":"ImageObject","inLanguage":"es","@id":"https:\/\/crees.org.do\/#\/schema\/person\/image\/","url":"https:\/\/secure.gravatar.com\/avatar\/390ac8f0be5d9aa046152553e2dd7011b59a512d89c150f5e5f28bb8d9a0b165?s=96&d=mm&r=g","contentUrl":"https:\/\/secure.gravatar.com\/avatar\/390ac8f0be5d9aa046152553e2dd7011b59a512d89c150f5e5f28bb8d9a0b165?s=96&d=mm&r=g","caption":"Crees"},"url":"https:\/\/crees.org.do\/?author=2"}]}},"_links":{"self":[{"href":"https:\/\/crees.org.do\/index.php?rest_route=\/wp\/v2\/posts\/29648","targetHints":{"allow":["GET"]}}],"collection":[{"href":"https:\/\/crees.org.do\/index.php?rest_route=\/wp\/v2\/posts"}],"about":[{"href":"https:\/\/crees.org.do\/index.php?rest_route=\/wp\/v2\/types\/post"}],"author":[{"embeddable":true,"href":"https:\/\/crees.org.do\/index.php?rest_route=\/wp\/v2\/users\/2"}],"replies":[{"embeddable":true,"href":"https:\/\/crees.org.do\/index.php?rest_route=%2Fwp%2Fv2%2Fcomments&post=29648"}],"version-history":[{"count":1,"href":"https:\/\/crees.org.do\/index.php?rest_route=\/wp\/v2\/posts\/29648\/revisions"}],"predecessor-version":[{"id":29650,"href":"https:\/\/crees.org.do\/index.php?rest_route=\/wp\/v2\/posts\/29648\/revisions\/29650"}],"wp:featuredmedia":[{"embeddable":true,"href":"https:\/\/crees.org.do\/index.php?rest_route=\/wp\/v2\/media\/29649"}],"wp:attachment":[{"href":"https:\/\/crees.org.do\/index.php?rest_route=%2Fwp%2Fv2%2Fmedia&parent=29648"}],"wp:term":[{"taxonomy":"category","embeddable":true,"href":"https:\/\/crees.org.do\/index.php?rest_route=%2Fwp%2Fv2%2Fcategories&post=29648"},{"taxonomy":"post_tag","embeddable":true,"href":"https:\/\/crees.org.do\/index.php?rest_route=%2Fwp%2Fv2%2Ftags&post=29648"}],"curies":[{"name":"wp","href":"https:\/\/api.w.org\/{rel}","templated":true}]}}