{"id":29651,"date":"2026-04-30T00:00:46","date_gmt":"2026-04-30T00:00:46","guid":{"rendered":"https:\/\/crees.org.do\/?p=29651"},"modified":"2026-04-29T19:06:21","modified_gmt":"2026-04-29T19:06:21","slug":"crecimiento-de-sector-publico-cuando-la-politica-triunfa-sobre-la-economia","status":"publish","type":"post","link":"https:\/\/crees.org.do\/?p=29651","title":{"rendered":"Crecimiento de sector p\u00fablico: cuando la pol\u00edtica triunfa sobre la econom\u00eda"},"content":{"rendered":"<p>Autor: Miguel Collado Di Franco<\/p>\n<p>Fecha: 30 de abril de 2026<\/p>\n<p><img fetchpriority=\"high\" decoding=\"async\" class=\"aligncenter wp-image-29652\" src=\"https:\/\/crees.org.do\/wp-content\/uploads\/2026\/04\/Beneficiarios-alimentate-scaled.png\" alt=\"\" width=\"896\" height=\"896\" srcset=\"https:\/\/crees.org.do\/wp-content\/uploads\/2026\/04\/Beneficiarios-alimentate-scaled.png 1200w, https:\/\/crees.org.do\/wp-content\/uploads\/2026\/04\/Beneficiarios-alimentate-450x450.png 450w, https:\/\/crees.org.do\/wp-content\/uploads\/2026\/04\/Beneficiarios-alimentate-2000x2000.png 2000w, https:\/\/crees.org.do\/wp-content\/uploads\/2026\/04\/Beneficiarios-alimentate-150x150.png 150w, https:\/\/crees.org.do\/wp-content\/uploads\/2026\/04\/Beneficiarios-alimentate-768x768.png 768w, https:\/\/crees.org.do\/wp-content\/uploads\/2026\/04\/Beneficiarios-alimentate-500x500.png 500w, https:\/\/crees.org.do\/wp-content\/uploads\/2026\/04\/Beneficiarios-alimentate-1536x1536.png 1536w, https:\/\/crees.org.do\/wp-content\/uploads\/2026\/04\/Beneficiarios-alimentate-2048x2048.png 2048w\" sizes=\"(max-width: 896px) 100vw, 896px\" \/><\/p>\n<h2>Crecimiento de sector p\u00fablico: cuando la pol\u00edtica triunfa sobre la econom\u00eda<\/h2>\n<p>Bajo cualquier criterio de medici\u00f3n \u2014gasto p\u00fablico, impuestos o regulaciones\u2014 el sector p\u00fablico dominicano muestra un crecimiento evidente.<\/p>\n<p>Criterios adicionales puede ser el gasto del gobierno para contratar personas, subsidiar a las EDE y para realizar transferencias monetarias a los hogares. Predominan decisiones que no son econ\u00f3micas, sino de naturaleza pol\u00edtica.<\/p>\n<p>La teor\u00eda de la elecci\u00f3n p\u00fablica -o <em>Public choice<\/em>&#8211; estudia el comportamiento de las personas dentro de los partidos pol\u00edticos y del sector p\u00fablico. El objeto de estudio de la ciencia econ\u00f3mica es el comportamiento de las personas, no las estad\u00edsticas. En tal sentido, existe una teor\u00eda econ\u00f3mica de la pol\u00edtica que llega a conclusiones sobre la politizaci\u00f3n de la econom\u00eda de los pa\u00edses, el crecimiento del sector p\u00fablico, y, como centro de su an\u00e1lisis, qu\u00e9 motiva a los pol\u00edticos a realizar las acciones que llevan a efecto.<\/p>\n<p>Sin dudas, el m\u00e1s conocido de los economistas de la elecci\u00f3n p\u00fablica -o de la pol\u00edtica sin romanticismo- es el Premio Nobel James Buchanan. Otros pensadores han dado, y siguen dando forma, a un plan de estudios para comprender qu\u00e9 persiguen los pol\u00edticos y qu\u00e9 relaci\u00f3n tienen con el resto de la sociedad. Entre esos economistas se encuentran Gordon Tullock, Mancur Olson, Anthony Downs, Amilcare Puviani -quien construy\u00f3 la teor\u00eda de la ilusi\u00f3n fiscal en el siglo XIX-, entre muchos otros.<\/p>\n<p>Sin reformas estructurales que permitan el fortalecimiento de las reglas institucionales que faciliten la creaci\u00f3n de riqueza y limiten la politizaci\u00f3n de la econom\u00eda nacional, los pa\u00edses experimentan incrementos en el tama\u00f1o de sus estados.<\/p>\n<p>Cuando James Buchanan escrib\u00eda sobre el tema, observaba el aumento de esa politizaci\u00f3n de las decisiones p\u00fablicas. Hoy en d\u00eda es m\u00e1s evidente, para un analista que use las herramientas de la teor\u00eda econ\u00f3mica de la pol\u00edtica, que en muchos pa\u00edses no quedan decisiones econ\u00f3micas, o son escasas. Predomina la pol\u00edtica.<\/p>\n<p>Sin frenos constitucionales, ni reformas estructurales que establezcan reglas de juego m\u00e1s s\u00f3lidas, prevalecen los incentivos para el oportunismo pol\u00edtico. Es algo que se verifica en mayor grado en pa\u00edses con debilidades institucionales y sin limitaciones al poder que otorga el manejo de la hacienda o tesoro. El gasto, los impuestos y la deuda son herramientas de mucha autoridad, formal o de facto.<\/p>\n<p>La elecci\u00f3n p\u00fablica se centra en el ser humano como pol\u00edtico y en los incentivos bajo los que opera. En consecuencia, importan las acciones m\u00e1s que la ideolog\u00eda. Cuando Buchanan estudia los gobiernos del presidente Reagan en &#8220;Post-Reagan Political Economy (1989), lo hace desde el enfoque de si se hubiera mantenido la ret\u00f3rica enunciada antes de la toma del poder. Por ejemplo, qu\u00e9 habr\u00eda sucedido si hubiera cumplido un enfoque estructural y hubiera equilibrado el presupuesto. Las intenciones y las acciones que realizan las personas en el poder se convierten en objeto de an\u00e1lisis; son las que importan. Reagan, como hacen muchos mandatarios, rompi\u00f3 con su promesa e increment\u00f3 la deuda p\u00fablica.<\/p>\n<p>Tarde o temprano, toda deuda debe pagarse. Cuando los ciudadanos son endeudados solo se difiere el costo del gasto actual; pagar\u00e1n mayores impuestos futuros. En la actualidad, el an\u00e1lisis de la teor\u00eda econ\u00f3mica de la pol\u00edtica es oportuno para Rep\u00fablica Dominicana. El gasto, el d\u00e9ficit y la deuda siguen en aumento; y las reformas estructurales contin\u00faan pendientes.<\/p>\n<div class=\"pvc_clear\"><\/div>\n<p class=\"pvc_stats all \" data-element-id=\"29651\" style=\"\"><i class=\"pvc-stats-icon medium\" aria-hidden=\"true\"><svg aria-hidden=\"true\" focusable=\"false\" data-prefix=\"far\" data-icon=\"chart-bar\" role=\"img\" xmlns=\"http:\/\/www.w3.org\/2000\/svg\" viewBox=\"0 0 512 512\" class=\"svg-inline--fa fa-chart-bar fa-w-16 fa-2x\"><path fill=\"currentColor\" d=\"M396.8 352h22.4c6.4 0 12.8-6.4 12.8-12.8V108.8c0-6.4-6.4-12.8-12.8-12.8h-22.4c-6.4 0-12.8 6.4-12.8 12.8v230.4c0 6.4 6.4 12.8 12.8 12.8zm-192 0h22.4c6.4 0 12.8-6.4 12.8-12.8V140.8c0-6.4-6.4-12.8-12.8-12.8h-22.4c-6.4 0-12.8 6.4-12.8 12.8v198.4c0 6.4 6.4 12.8 12.8 12.8zm96 0h22.4c6.4 0 12.8-6.4 12.8-12.8V204.8c0-6.4-6.4-12.8-12.8-12.8h-22.4c-6.4 0-12.8 6.4-12.8 12.8v134.4c0 6.4 6.4 12.8 12.8 12.8zM496 400H48V80c0-8.84-7.16-16-16-16H16C7.16 64 0 71.16 0 80v336c0 17.67 14.33 32 32 32h464c8.84 0 16-7.16 16-16v-16c0-8.84-7.16-16-16-16zm-387.2-48h22.4c6.4 0 12.8-6.4 12.8-12.8v-70.4c0-6.4-6.4-12.8-12.8-12.8h-22.4c-6.4 0-12.8 6.4-12.8 12.8v70.4c0 6.4 6.4 12.8 12.8 12.8z\" class=\"\"><\/path><\/svg><\/i> Vistas Totales&nbsp;20&nbsp;, Vistas Hoy&nbsp;20&nbsp;<\/p>\n<div class=\"pvc_clear\"><\/div>\n","protected":false},"excerpt":{"rendered":"<p>Autor: Miguel Collado Di Franco Fecha: 30 de abril de 2026 Crecimiento de sector p\u00fablico: cuando la pol\u00edtica triunfa sobre la econom\u00eda Bajo cualquier criterio de medici\u00f3n \u2014gasto p\u00fablico, impuestos o regulaciones\u2014 el sector p\u00fablico dominicano muestra un crecimiento evidente. Criterios adicionales puede ser el gasto del gobierno para contratar personas, subsidiar a las EDE&#8230;<\/p>\n<div class=\"pvc_clear\"><\/div>\n<p class=\"pvc_stats all \" data-element-id=\"29651\" style=\"\"><i class=\"pvc-stats-icon medium\" aria-hidden=\"true\"><svg aria-hidden=\"true\" focusable=\"false\" data-prefix=\"far\" data-icon=\"chart-bar\" role=\"img\" xmlns=\"http:\/\/www.w3.org\/2000\/svg\" viewBox=\"0 0 512 512\" class=\"svg-inline--fa fa-chart-bar fa-w-16 fa-2x\"><path fill=\"currentColor\" d=\"M396.8 352h22.4c6.4 0 12.8-6.4 12.8-12.8V108.8c0-6.4-6.4-12.8-12.8-12.8h-22.4c-6.4 0-12.8 6.4-12.8 12.8v230.4c0 6.4 6.4 12.8 12.8 12.8zm-192 0h22.4c6.4 0 12.8-6.4 12.8-12.8V140.8c0-6.4-6.4-12.8-12.8-12.8h-22.4c-6.4 0-12.8 6.4-12.8 12.8v198.4c0 6.4 6.4 12.8 12.8 12.8zm96 0h22.4c6.4 0 12.8-6.4 12.8-12.8V204.8c0-6.4-6.4-12.8-12.8-12.8h-22.4c-6.4 0-12.8 6.4-12.8 12.8v134.4c0 6.4 6.4 12.8 12.8 12.8zM496 400H48V80c0-8.84-7.16-16-16-16H16C7.16 64 0 71.16 0 80v336c0 17.67 14.33 32 32 32h464c8.84 0 16-7.16 16-16v-16c0-8.84-7.16-16-16-16zm-387.2-48h22.4c6.4 0 12.8-6.4 12.8-12.8v-70.4c0-6.4-6.4-12.8-12.8-12.8h-22.4c-6.4 0-12.8 6.4-12.8 12.8v70.4c0 6.4 6.4 12.8 12.8 12.8z\" class=\"\"><\/path><\/svg><\/i> Vistas Totales&nbsp;20&nbsp;, Vistas Hoy&nbsp;20&nbsp;<\/p>\n<div class=\"pvc_clear\"><\/div>\n","protected":false},"author":2,"featured_media":29652,"comment_status":"closed","ping_status":"closed","sticky":false,"template":"","format":"standard","meta":{"footnotes":""},"categories":[22],"tags":[],"class_list":["post-29651","post","type-post","status-publish","format-standard","has-post-thumbnail","hentry","category-articulos"],"yoast_head":"<!-- This site is optimized with the Yoast SEO plugin v25.2 - https:\/\/yoast.com\/wordpress\/plugins\/seo\/ -->\n<title>Crecimiento de sector p\u00fablico: cuando la pol\u00edtica triunfa sobre la econom\u00eda | CREES<\/title>\n<meta name=\"robots\" content=\"index, follow, max-snippet:-1, max-image-preview:large, max-video-preview:-1\" \/>\n<link rel=\"canonical\" href=\"https:\/\/crees.org.do\/?p=29651\" \/>\n<meta property=\"og:locale\" content=\"es_ES\" \/>\n<meta property=\"og:type\" content=\"article\" \/>\n<meta property=\"og:title\" content=\"Crecimiento de sector p\u00fablico: cuando la pol\u00edtica triunfa sobre la econom\u00eda | CREES\" \/>\n<meta property=\"og:description\" content=\"Autor: Miguel Collado Di Franco Fecha: 30 de abril de 2026 Crecimiento de sector p\u00fablico: cuando la pol\u00edtica triunfa sobre la econom\u00eda Bajo cualquier criterio de medici\u00f3n \u2014gasto p\u00fablico, impuestos o regulaciones\u2014 el sector p\u00fablico dominicano muestra un crecimiento evidente. Criterios adicionales puede ser el gasto del gobierno para contratar personas, subsidiar a las EDE...\" \/>\n<meta property=\"og:url\" content=\"https:\/\/crees.org.do\/?p=29651\" \/>\n<meta property=\"og:site_name\" content=\"CREES\" \/>\n<meta property=\"article:publisher\" content=\"https:\/\/www.facebook.com\/CREESRD\/\" \/>\n<meta property=\"article:published_time\" content=\"2026-04-30T00:00:46+00:00\" \/>\n<meta property=\"og:image\" content=\"https:\/\/crees.org.do\/wp-content\/uploads\/2026\/04\/Beneficiarios-alimentate-scaled.png\" \/>\n\t<meta property=\"og:image:width\" content=\"1200\" \/>\n\t<meta property=\"og:image:height\" content=\"1200\" \/>\n\t<meta property=\"og:image:type\" content=\"image\/png\" \/>\n<meta name=\"author\" content=\"Crees\" \/>\n<meta name=\"twitter:card\" content=\"summary_large_image\" \/>\n<meta name=\"twitter:creator\" content=\"@CREESRD\" \/>\n<meta name=\"twitter:site\" content=\"@CREESRD\" \/>\n<meta name=\"twitter:label1\" content=\"Escrito por\" \/>\n\t<meta name=\"twitter:data1\" content=\"Crees\" \/>\n\t<meta name=\"twitter:label2\" content=\"Tiempo de lectura\" \/>\n\t<meta name=\"twitter:data2\" content=\"3 minutos\" \/>\n<script type=\"application\/ld+json\" class=\"yoast-schema-graph\">{\"@context\":\"https:\/\/schema.org\",\"@graph\":[{\"@type\":\"Article\",\"@id\":\"https:\/\/crees.org.do\/?p=29651#article\",\"isPartOf\":{\"@id\":\"https:\/\/crees.org.do\/?p=29651\"},\"author\":{\"name\":\"Crees\",\"@id\":\"https:\/\/crees.org.do\/#\/schema\/person\/e7f97cd94d7bf9cd0e0ce30acb7d56b8\"},\"headline\":\"Crecimiento de sector p\u00fablico: cuando la pol\u00edtica triunfa sobre la econom\u00eda\",\"datePublished\":\"2026-04-30T00:00:46+00:00\",\"mainEntityOfPage\":{\"@id\":\"https:\/\/crees.org.do\/?p=29651\"},\"wordCount\":640,\"publisher\":{\"@id\":\"https:\/\/crees.org.do\/#organization\"},\"image\":{\"@id\":\"https:\/\/crees.org.do\/?p=29651#primaryimage\"},\"thumbnailUrl\":\"https:\/\/crees.org.do\/wp-content\/uploads\/2026\/04\/Beneficiarios-alimentate-scaled.png\",\"articleSection\":[\"Art\u00edculos\"],\"inLanguage\":\"es\"},{\"@type\":\"WebPage\",\"@id\":\"https:\/\/crees.org.do\/?p=29651\",\"url\":\"https:\/\/crees.org.do\/?p=29651\",\"name\":\"Crecimiento de sector p\u00fablico: cuando la pol\u00edtica triunfa sobre la econom\u00eda | CREES\",\"isPartOf\":{\"@id\":\"https:\/\/crees.org.do\/#website\"},\"primaryImageOfPage\":{\"@id\":\"https:\/\/crees.org.do\/?p=29651#primaryimage\"},\"image\":{\"@id\":\"https:\/\/crees.org.do\/?p=29651#primaryimage\"},\"thumbnailUrl\":\"https:\/\/crees.org.do\/wp-content\/uploads\/2026\/04\/Beneficiarios-alimentate-scaled.png\",\"datePublished\":\"2026-04-30T00:00:46+00:00\",\"breadcrumb\":{\"@id\":\"https:\/\/crees.org.do\/?p=29651#breadcrumb\"},\"inLanguage\":\"es\",\"potentialAction\":[{\"@type\":\"ReadAction\",\"target\":[\"https:\/\/crees.org.do\/?p=29651\"]}]},{\"@type\":\"ImageObject\",\"inLanguage\":\"es\",\"@id\":\"https:\/\/crees.org.do\/?p=29651#primaryimage\",\"url\":\"https:\/\/crees.org.do\/wp-content\/uploads\/2026\/04\/Beneficiarios-alimentate-scaled.png\",\"contentUrl\":\"https:\/\/crees.org.do\/wp-content\/uploads\/2026\/04\/Beneficiarios-alimentate-scaled.png\",\"width\":1200,\"height\":1200},{\"@type\":\"BreadcrumbList\",\"@id\":\"https:\/\/crees.org.do\/?p=29651#breadcrumb\",\"itemListElement\":[{\"@type\":\"ListItem\",\"position\":1,\"name\":\"Portada\",\"item\":\"https:\/\/crees.org.do\/\"},{\"@type\":\"ListItem\",\"position\":2,\"name\":\"Crecimiento de sector p\u00fablico: cuando la pol\u00edtica triunfa sobre la econom\u00eda\"}]},{\"@type\":\"WebSite\",\"@id\":\"https:\/\/crees.org.do\/#website\",\"url\":\"https:\/\/crees.org.do\/\",\"name\":\"CREES\",\"description\":\"Centro Regional de Estrategias Econ\u00f3micas Sostenibles\",\"publisher\":{\"@id\":\"https:\/\/crees.org.do\/#organization\"},\"potentialAction\":[{\"@type\":\"SearchAction\",\"target\":{\"@type\":\"EntryPoint\",\"urlTemplate\":\"https:\/\/crees.org.do\/?s={search_term_string}\"},\"query-input\":{\"@type\":\"PropertyValueSpecification\",\"valueRequired\":true,\"valueName\":\"search_term_string\"}}],\"inLanguage\":\"es\"},{\"@type\":\"Organization\",\"@id\":\"https:\/\/crees.org.do\/#organization\",\"name\":\"CREES | Centro Regional de Estrategias Econ\u00f3micas Sostenibles\",\"url\":\"https:\/\/crees.org.do\/\",\"logo\":{\"@type\":\"ImageObject\",\"inLanguage\":\"es\",\"@id\":\"https:\/\/crees.org.do\/#\/schema\/logo\/image\/\",\"url\":\"https:\/\/crees.org.do\/wp-content\/uploads\/2022\/03\/crees-logo-1.jpg\",\"contentUrl\":\"https:\/\/crees.org.do\/wp-content\/uploads\/2022\/03\/crees-logo-1.jpg\",\"width\":244,\"height\":71,\"caption\":\"CREES | Centro Regional de Estrategias Econ\u00f3micas Sostenibles\"},\"image\":{\"@id\":\"https:\/\/crees.org.do\/#\/schema\/logo\/image\/\"},\"sameAs\":[\"https:\/\/www.facebook.com\/CREESRD\/\",\"https:\/\/x.com\/CREESRD\"]},{\"@type\":\"Person\",\"@id\":\"https:\/\/crees.org.do\/#\/schema\/person\/e7f97cd94d7bf9cd0e0ce30acb7d56b8\",\"name\":\"Crees\",\"image\":{\"@type\":\"ImageObject\",\"inLanguage\":\"es\",\"@id\":\"https:\/\/crees.org.do\/#\/schema\/person\/image\/\",\"url\":\"https:\/\/secure.gravatar.com\/avatar\/390ac8f0be5d9aa046152553e2dd7011b59a512d89c150f5e5f28bb8d9a0b165?s=96&d=mm&r=g\",\"contentUrl\":\"https:\/\/secure.gravatar.com\/avatar\/390ac8f0be5d9aa046152553e2dd7011b59a512d89c150f5e5f28bb8d9a0b165?s=96&d=mm&r=g\",\"caption\":\"Crees\"},\"url\":\"https:\/\/crees.org.do\/?author=2\"}]}<\/script>\n<!-- \/ Yoast SEO plugin. -->","yoast_head_json":{"title":"Crecimiento de sector p\u00fablico: cuando la pol\u00edtica triunfa sobre la econom\u00eda | CREES","robots":{"index":"index","follow":"follow","max-snippet":"max-snippet:-1","max-image-preview":"max-image-preview:large","max-video-preview":"max-video-preview:-1"},"canonical":"https:\/\/crees.org.do\/?p=29651","og_locale":"es_ES","og_type":"article","og_title":"Crecimiento de sector p\u00fablico: cuando la pol\u00edtica triunfa sobre la econom\u00eda | CREES","og_description":"Autor: Miguel Collado Di Franco Fecha: 30 de abril de 2026 Crecimiento de sector p\u00fablico: cuando la pol\u00edtica triunfa sobre la econom\u00eda Bajo cualquier criterio de medici\u00f3n \u2014gasto p\u00fablico, impuestos o regulaciones\u2014 el sector p\u00fablico dominicano muestra un crecimiento evidente. Criterios adicionales puede ser el gasto del gobierno para contratar personas, subsidiar a las EDE...","og_url":"https:\/\/crees.org.do\/?p=29651","og_site_name":"CREES","article_publisher":"https:\/\/www.facebook.com\/CREESRD\/","article_published_time":"2026-04-30T00:00:46+00:00","og_image":[{"width":1200,"height":1200,"url":"https:\/\/crees.org.do\/wp-content\/uploads\/2026\/04\/Beneficiarios-alimentate-scaled.png","type":"image\/png"}],"author":"Crees","twitter_card":"summary_large_image","twitter_creator":"@CREESRD","twitter_site":"@CREESRD","twitter_misc":{"Escrito por":"Crees","Tiempo de lectura":"3 minutos"},"schema":{"@context":"https:\/\/schema.org","@graph":[{"@type":"Article","@id":"https:\/\/crees.org.do\/?p=29651#article","isPartOf":{"@id":"https:\/\/crees.org.do\/?p=29651"},"author":{"name":"Crees","@id":"https:\/\/crees.org.do\/#\/schema\/person\/e7f97cd94d7bf9cd0e0ce30acb7d56b8"},"headline":"Crecimiento de sector p\u00fablico: cuando la pol\u00edtica triunfa sobre la econom\u00eda","datePublished":"2026-04-30T00:00:46+00:00","mainEntityOfPage":{"@id":"https:\/\/crees.org.do\/?p=29651"},"wordCount":640,"publisher":{"@id":"https:\/\/crees.org.do\/#organization"},"image":{"@id":"https:\/\/crees.org.do\/?p=29651#primaryimage"},"thumbnailUrl":"https:\/\/crees.org.do\/wp-content\/uploads\/2026\/04\/Beneficiarios-alimentate-scaled.png","articleSection":["Art\u00edculos"],"inLanguage":"es"},{"@type":"WebPage","@id":"https:\/\/crees.org.do\/?p=29651","url":"https:\/\/crees.org.do\/?p=29651","name":"Crecimiento de sector p\u00fablico: cuando la pol\u00edtica triunfa sobre la econom\u00eda | CREES","isPartOf":{"@id":"https:\/\/crees.org.do\/#website"},"primaryImageOfPage":{"@id":"https:\/\/crees.org.do\/?p=29651#primaryimage"},"image":{"@id":"https:\/\/crees.org.do\/?p=29651#primaryimage"},"thumbnailUrl":"https:\/\/crees.org.do\/wp-content\/uploads\/2026\/04\/Beneficiarios-alimentate-scaled.png","datePublished":"2026-04-30T00:00:46+00:00","breadcrumb":{"@id":"https:\/\/crees.org.do\/?p=29651#breadcrumb"},"inLanguage":"es","potentialAction":[{"@type":"ReadAction","target":["https:\/\/crees.org.do\/?p=29651"]}]},{"@type":"ImageObject","inLanguage":"es","@id":"https:\/\/crees.org.do\/?p=29651#primaryimage","url":"https:\/\/crees.org.do\/wp-content\/uploads\/2026\/04\/Beneficiarios-alimentate-scaled.png","contentUrl":"https:\/\/crees.org.do\/wp-content\/uploads\/2026\/04\/Beneficiarios-alimentate-scaled.png","width":1200,"height":1200},{"@type":"BreadcrumbList","@id":"https:\/\/crees.org.do\/?p=29651#breadcrumb","itemListElement":[{"@type":"ListItem","position":1,"name":"Portada","item":"https:\/\/crees.org.do\/"},{"@type":"ListItem","position":2,"name":"Crecimiento de sector p\u00fablico: cuando la pol\u00edtica triunfa sobre la econom\u00eda"}]},{"@type":"WebSite","@id":"https:\/\/crees.org.do\/#website","url":"https:\/\/crees.org.do\/","name":"CREES","description":"Centro Regional de Estrategias Econ\u00f3micas Sostenibles","publisher":{"@id":"https:\/\/crees.org.do\/#organization"},"potentialAction":[{"@type":"SearchAction","target":{"@type":"EntryPoint","urlTemplate":"https:\/\/crees.org.do\/?s={search_term_string}"},"query-input":{"@type":"PropertyValueSpecification","valueRequired":true,"valueName":"search_term_string"}}],"inLanguage":"es"},{"@type":"Organization","@id":"https:\/\/crees.org.do\/#organization","name":"CREES | Centro Regional de Estrategias Econ\u00f3micas Sostenibles","url":"https:\/\/crees.org.do\/","logo":{"@type":"ImageObject","inLanguage":"es","@id":"https:\/\/crees.org.do\/#\/schema\/logo\/image\/","url":"https:\/\/crees.org.do\/wp-content\/uploads\/2022\/03\/crees-logo-1.jpg","contentUrl":"https:\/\/crees.org.do\/wp-content\/uploads\/2022\/03\/crees-logo-1.jpg","width":244,"height":71,"caption":"CREES | Centro Regional de Estrategias Econ\u00f3micas Sostenibles"},"image":{"@id":"https:\/\/crees.org.do\/#\/schema\/logo\/image\/"},"sameAs":["https:\/\/www.facebook.com\/CREESRD\/","https:\/\/x.com\/CREESRD"]},{"@type":"Person","@id":"https:\/\/crees.org.do\/#\/schema\/person\/e7f97cd94d7bf9cd0e0ce30acb7d56b8","name":"Crees","image":{"@type":"ImageObject","inLanguage":"es","@id":"https:\/\/crees.org.do\/#\/schema\/person\/image\/","url":"https:\/\/secure.gravatar.com\/avatar\/390ac8f0be5d9aa046152553e2dd7011b59a512d89c150f5e5f28bb8d9a0b165?s=96&d=mm&r=g","contentUrl":"https:\/\/secure.gravatar.com\/avatar\/390ac8f0be5d9aa046152553e2dd7011b59a512d89c150f5e5f28bb8d9a0b165?s=96&d=mm&r=g","caption":"Crees"},"url":"https:\/\/crees.org.do\/?author=2"}]}},"_links":{"self":[{"href":"https:\/\/crees.org.do\/index.php?rest_route=\/wp\/v2\/posts\/29651","targetHints":{"allow":["GET"]}}],"collection":[{"href":"https:\/\/crees.org.do\/index.php?rest_route=\/wp\/v2\/posts"}],"about":[{"href":"https:\/\/crees.org.do\/index.php?rest_route=\/wp\/v2\/types\/post"}],"author":[{"embeddable":true,"href":"https:\/\/crees.org.do\/index.php?rest_route=\/wp\/v2\/users\/2"}],"replies":[{"embeddable":true,"href":"https:\/\/crees.org.do\/index.php?rest_route=%2Fwp%2Fv2%2Fcomments&post=29651"}],"version-history":[{"count":1,"href":"https:\/\/crees.org.do\/index.php?rest_route=\/wp\/v2\/posts\/29651\/revisions"}],"predecessor-version":[{"id":29653,"href":"https:\/\/crees.org.do\/index.php?rest_route=\/wp\/v2\/posts\/29651\/revisions\/29653"}],"wp:featuredmedia":[{"embeddable":true,"href":"https:\/\/crees.org.do\/index.php?rest_route=\/wp\/v2\/media\/29652"}],"wp:attachment":[{"href":"https:\/\/crees.org.do\/index.php?rest_route=%2Fwp%2Fv2%2Fmedia&parent=29651"}],"wp:term":[{"taxonomy":"category","embeddable":true,"href":"https:\/\/crees.org.do\/index.php?rest_route=%2Fwp%2Fv2%2Fcategories&post=29651"},{"taxonomy":"post_tag","embeddable":true,"href":"https:\/\/crees.org.do\/index.php?rest_route=%2Fwp%2Fv2%2Ftags&post=29651"}],"curies":[{"name":"wp","href":"https:\/\/api.w.org\/{rel}","templated":true}]}}