{"id":29657,"date":"2026-05-01T13:48:23","date_gmt":"2026-05-01T13:48:23","guid":{"rendered":"https:\/\/crees.org.do\/?p=29657"},"modified":"2026-05-01T13:48:23","modified_gmt":"2026-05-01T13:48:23","slug":"combustibles-congelados-hasta-cuando-aguanta-el-subsidio","status":"publish","type":"post","link":"https:\/\/crees.org.do\/?p=29657","title":{"rendered":"Combustibles congelados: \u00bfHasta cu\u00e1ndo aguanta el subsidio?"},"content":{"rendered":"<p style=\"text-align: justify;\">Autor: Katheryn Luna<\/p>\n<p style=\"text-align: justify;\">Fecha: 25 de abril de 2026<\/p>\n<p style=\"text-align: justify;\">Extra\u00eddo de: <a href=\"https:\/\/acento.com.do\/economia\/combustibles-congelados-hasta-cuando-aguanta-el-subsidio-9665847.html\">Acento<\/a><\/p>\n<h2 class=\"font-700\" style=\"text-align: justify;\">Combustibles congelados: \u00bfHasta cu\u00e1ndo aguanta el subsidio?<\/h2>\n<p style=\"text-align: justify;\">El Gobierno dominicano lleva semanas pagando la diferencia entre el precio real del\u00a0<strong>petr\u00f3leo<\/strong>\u00a0y lo que los dominicanos pagan en la bomba. La cuenta no para de crecer. Solo en la semana del 28 de marzo al 3 de abril, el\u00a0<a href=\"https:\/\/acento.com.do\/economia\/gobierno-subsidia-rd-1682-millones-para-congelar-precios-de-combustibles-ante-crisis-en-medio-oriente-9648964.html\" target=\"_blank\" rel=\"noopener noreferrer\"><strong>Estado destin\u00f3 RD$ 1,682 millones<\/strong><\/a>\u00a0para mantener congelados los precios del\u00a0<strong>GLP,<\/strong>\u00a0las\u00a0<strong>gasolinas<\/strong>\u00a0y el\u00a0<strong>gasoil,<\/strong>\u00a0<a href=\"https:\/\/acento.com.do\/economia\/precios-de-la-gasolina-del-diesel-y-el-gas-no-sufriran-variacion-9666558.html\" target=\"_blank\" rel=\"noopener noreferrer\">este viernes anunci\u00f3 un subsidio de poco m\u00e1s de RD$ 1,143 millones<\/a>.\u00a0D\u00edas despu\u00e9s, el ministro de la Presidencia,\u00a0<a href=\"https:\/\/acento.com.do\/politica\/paliza-justifica-alza-de-combustibles-y-advierte-que-la-situacion-podria-obligar-a-nuevos-ajustes-9657504.html\" target=\"_blank\" rel=\"noopener noreferrer\">Jos\u00e9 Ignacio Paliza,<\/a>\u00a0reconoci\u00f3 que el monto acumulado ya rondaba los\u00a0<strong>RD$ 1,800 millones<\/strong>, y advirti\u00f3 que la situaci\u00f3n internacional &#8220;sigue agrav\u00e1ndose&#8221;.<\/p>\n<p style=\"text-align: justify;\">El detonante fue la\u00a0<strong>guerra entre Estados Unidos, Israel e Ir\u00e1n.<\/strong>\u00a0Desde que comenzaron los ataques a\u00e9reos el 28 de febrero, el cierre del\u00a0<strong>estrecho de Ormuz<\/strong>\u00a0\u2014por donde transita cerca del\u00a0<strong>20% del petr\u00f3leo mundial<\/strong>\u2014 dispar\u00f3 el\u00a0<strong>barril de Brent<\/strong>\u00a0hasta rozar los 110 d\u00f3lares. El impacto lleg\u00f3 directo a las bombas dominicanas:\u00a0e<a href=\"https:\/\/acento.com.do\/economia\/que-pasaria-si-el-combustible-vuelve-a-subir-hoy-presion-en-los-precios-y-prueba-para-el-bolsillo-de-los-dominicanos-9648333.html\" target=\"_blank\" rel=\"noopener noreferrer\">n apenas dos semanas, la gasolina subi\u00f3 15 pesos y la premium super\u00f3 por primera vez la barrera de los RD$ 305 por gal\u00f3n.<\/a><\/p>\n<h2 style=\"text-align: justify;\">D\u00e9ficit fiscal y deuda soberana: el riesgo que los mercados ya vigilan<\/h2>\n<p style=\"text-align: justify;\"><strong><a href=\"https:\/\/acento.com.do\/economia\/recorte-al-gasto-publico-la-medida-para-no-cargar-el-costo-a-la-gente-ante-el-alza-de-los-combustibles-9650408.html\" target=\"_blank\" rel=\"noopener noreferrer\">Miguel Collado Di Franco<\/a>,<\/strong>\u00a0director ejecutivo del Centro Regional de Estrategias Econ\u00f3micas Sostenibles\u00a0<strong>(CREES),<\/strong>\u00a0es directo:\u00a0<strong>el Gobierno no tiene margen para sostener indefinidamente estos niveles de subsidio sin consecuencias fiscales serias.<\/strong>\u00a0&#8220;El gobierno no tiene dinero para eso, a menos que decida hacer una reducci\u00f3n en el gasto. De lo contrario, se incrementar\u00eda el\u00a0<strong>d\u00e9ficit<\/strong>\u00a0sobre lo que ya se presupuest\u00f3 para este a\u00f1o, que fue 3.4% del PIB&#8221;, advirti\u00f3 el economista.<\/p>\n<p style=\"text-align: justify;\">El riesgo que se\u00f1ala Collado Di Franco no es solo contable. Si el Gobierno sale a los mercados a emitir deuda soberana para cubrir\u00a0<strong>subsidios,<\/strong>\u00a0la se\u00f1al que reciben los inversionistas es negativa. &#8220;Las calificadoras de riesgo tienen a los pa\u00edses en la mira estos d\u00edas, y los tenedores de bonos est\u00e1n demandando mayores retornos. El endeudamiento ser\u00eda a\u00fan m\u00e1s caro&#8221;, dijo. En ese escenario, una evaluaci\u00f3n futura de una calificadora podr\u00eda penalizar este tipo de pol\u00edticas.<\/p>\n<p style=\"text-align: justify;\">El economista tambi\u00e9n alerta sobre el efecto acumulado:\u00a0<strong>los combustibles no son el \u00fanico subsidio en juego.<\/strong>\u00a0A la presi\u00f3n de\u00a0<strong>los combustibles se suman las transferencias al sector el\u00e9ctrico<\/strong>\u00a0\u2014que aumentar\u00e1n con el alza del petr\u00f3leo\u2014 y los\u00a0<strong>subsidios a fertilizantes<\/strong>\u00a0ya anunciados. Su diagn\u00f3stico es claro: &#8220;Hay que sincerar los precios y focalizar los subsidios. Ahora mismo el mercado est\u00e1 distorsionado. Los precios env\u00edan una se\u00f1al a los consumidores, pero si t\u00fa distorsionas esa se\u00f1al, le est\u00e1s diciendo a la gente que la gasolina no es tan cara como indica la realidad&#8221;.<\/p>\n<p style=\"text-align: justify;\">El argumento de fondo es que el subsidio universal \u2014que beneficia por igual a quien puede pagar y a quien no\u2014 termina siendo regresivo: quienes m\u00e1s consumen combustible son quienes m\u00e1s se benefician, independientemente de su capacidad econ\u00f3mica.<\/p>\n<h2 style=\"text-align: justify;\">Presi\u00f3n inflacionaria y subsidios: una advertencia sobre sus riesgos y efectos<\/h2>\n<p style=\"text-align: justify;\">El economista\u00a0<strong><a href=\"https:\/\/acento.com.do\/economia\/rigidez-del-gasto-publico-deja-poco-margen-de-ajuste-y-empuja-recortes-a-la-inversion-9651037.html\" target=\"_blank\" rel=\"noopener noreferrer\">Antonio Ciriaco Cruz<\/a>\u00a0<\/strong>advirti\u00f3 que, si el conflicto b\u00e9lico entre\u00a0<strong>Estados Unidos e Israel<\/strong>\u00a0contra\u00a0<strong>Ir\u00e1n<\/strong>\u00a0se prolonga, los riesgos para la econom\u00eda dominicana aumentar\u00edan por el impacto en los\u00a0precios internacionales de la\u00a0<strong>energ\u00eda<\/strong>\u00a0y, en cadena, sobre el\u00a0<strong>costo de vida.<\/strong><\/p>\n<p style=\"text-align: justify;\">A su juicio, un alza del\u00a0<strong>petr\u00f3leo<\/strong>\u00a0y sus derivados incrementar\u00eda la probabilidad de una mayor\u00a0<strong>inflaci\u00f3n,<\/strong>\u00a0con la posibilidad de que el \u00edndice supere la meta de\u00a05%\u00a0establecida por las autoridades. \u201cPor la ubicaci\u00f3n y las caracter\u00edsticas del conflicto, el efecto principal se sentir\u00eda en los precios, especialmente en los componentes vinculados a combustibles y transporte\u201d, plante\u00f3.<\/p>\n<p style=\"text-align: justify;\"><strong>Ciriaco Cruz<\/strong>\u00a0tambi\u00e9n puso el foco en el frente fiscal: los recursos consignados en el\u00a0<strong>Presupuesto<\/strong>\u00a0para contener los precios internos de los\u00a0<strong>combustibles<\/strong>\u00a0podr\u00edan agotarse en cuesti\u00f3n de semanas. Record\u00f3 que el Gobierno presupuest\u00f3\u00a0<strong>RD$ 13,748.41 millones<\/strong>\u00a0para subsidiar\u00a0<strong>gasolina, gasoil y GLP,<\/strong>\u00a0pero que, desde el inicio del conflicto, el 28 de febrero, se ha destinado en promedio RD$ 1,000 millones semanales a ese componente.<\/p>\n<p style=\"text-align: justify;\">\u201cDe mantenerse ese ritmo de gasto, el presupuesto para subsidios se agotar\u00eda en junio\u201d, sostuvo. En ese escenario, se\u00f1al\u00f3, el Estado quedar\u00eda ante decisiones dif\u00edciles: reformular el Presupuesto, incrementar el endeudamiento p\u00fablico o retirar los subsidios a los combustibles, con el consiguiente impacto sobre los precios internos y la actividad econ\u00f3mica.<\/p>\n<h2 style=\"text-align: justify;\">Subsidio al combustible en Rep\u00fablica Dominicana: cu\u00e1nto cuesta frenar el precio<\/h2>\n<p style=\"text-align: justify;\">El economista<a href=\"https:\/\/acentotv.acento.com.do\/y-tu-que-dices\/malkun-recomienda-subir-la-gasolina-los-peajes-y-eliminar-los-subsidios-para-reducir-el-consumo-45997.html\" target=\"_blank\" rel=\"noopener noreferrer\">\u00a0<strong>Jos\u00e9 Lois Malk\u00fan<\/strong><\/a>\u00a0puso el n\u00famero sobre la mesa: en apenas dos semanas, el pa\u00eds tuvo que pagar subsidios por\u00a0<strong>RD$ 3,000 millones.<\/strong>\u00a0Y proyect\u00f3 un escenario m\u00e1s duro: si el conflicto no se resuelve r\u00e1pido y el barril se mantiene en torno a los 100 d\u00f3lares, el Gobierno tendr\u00eda que destinar m\u00e1s de\u00a0<a href=\"https:\/\/acento.com.do\/opinion\/medidas-correctas-del-gobierno-en-el-corto-plazo-rd15-vs-rd3000-9647583.html\" target=\"_blank\" rel=\"noopener noreferrer\"><strong>RD$ 60,000 millones en subsidios para el resto del a\u00f1o.<\/strong><\/a><\/p>\n<p style=\"text-align: justify;\">El propio\u00a0<strong>Abinader<\/strong>\u00a0lo anticip\u00f3 en su alocuci\u00f3n del 23 de marzo: aunque el Estado seguir\u00e1 cubriendo montos que superan los RD$ 100 por gal\u00f3n en algunos casos, proyect\u00f3 una reducci\u00f3n del subsidio de\u00a0<a href=\"https:\/\/acentotv.acento.com.do\/videos\/gasolina-supera-rd305-abinader-advierte-sacrificios-y-mantiene-subsidios-ante-crisis-internacional-45958.html\" target=\"_blank\" rel=\"noopener noreferrer\">RD$ 12,000 millones<\/a>\u00a0para el resto del a\u00f1o. Para financiarlo, el Gobierno anunci\u00f3 una reasignaci\u00f3n de\u00a0<a href=\"https:\/\/acento.com.do\/actualidad\/guerra-en-iran-dispara-crisis-petrolera-abinader-pide-sacrificios-y-dominicanos-se-preparan-para-el-impacto-9646895.html\" target=\"_blank\" rel=\"noopener noreferrer\">R<strong>D$ 10,000 millones del presupuesto,<\/strong>\u00a0<\/a>m\u00e1s<strong>\u00a0RD$ 1,000 millones adicionales<\/strong>\u00a0para\u00a0<strong>subsidiar fertilizantes agr\u00edcolas.<\/strong><\/p>\n<p style=\"text-align: justify;\">El economista\u00a0<strong>Bernardo Vega<\/strong>\u00a0lo describi\u00f3 con precisi\u00f3n: e<a href=\"https:\/\/acento.com.do\/opinion\/el-barril-de-petroleo-de-60-a-100-dolares-en-una-semana-9646047.html\" target=\"_blank\" rel=\"noopener noreferrer\">l dilema del Gobierno es\u00a0si transferir al p\u00fablico el enorme incremento en el costo de la gasolina,<\/a>\u00a0o absorberlo a trav\u00e9s de una reducci\u00f3n a\u00fan mayor en la inversi\u00f3n p\u00fablica. Hasta ahora, la opci\u00f3n ha sido la segunda.<\/p>\n<h2 style=\"text-align: justify;\">Precio del petr\u00f3leo hoy y su impacto en la econom\u00eda dominicana<\/h2>\n<p style=\"text-align: justify;\">El subsidio contiene la\u00a0<strong>inflaci\u00f3n,<\/strong>\u00a0pero no la elimina. El\u00a0<strong>I<a href=\"https:\/\/acento.com.do\/economia\/ipc-de-marzo-2026-fue-de-0-27-influenciada-por-el-incremento-en-el-transporte-ante-el-alza-de-los-combustibles-9655971.html\" target=\"_blank\" rel=\"noopener noreferrer\">PC de marzo cerr\u00f3 en\u00a00.27%<\/a><\/strong>, con el\u00a0<strong>transporte<\/strong>\u00a0como principal factor de presi\u00f3n, seg\u00fan el\u00a0<strong>Banco Central<\/strong>. La inflaci\u00f3n interanual lleg\u00f3 a 4.63%, a\u00fan dentro del rango meta, pero en el l\u00edmite superior.<\/p>\n<p style=\"text-align: justify;\">El analista\u00a0<strong>Rafael Ram\u00edrez Medina<\/strong>\u00a0advirti\u00f3 que el mecanismo tiene un costo oculto:\u00a0<a href=\"https:\/\/acento.com.do\/opinion\/dolar-y-petroleo-el-binomio-que-define-nuestra-economia-este-ano-9649390.html\" target=\"_blank\" rel=\"noopener noreferrer\">el subsidio genera un agujero fiscal que debe ser financiado con mayores ingresos o, en su defecto, con endeudamiento.<\/a>\u00a0En un pa\u00eds que importa pr\u00e1cticamente todo el petr\u00f3leo que consume, cada d\u00f3lar que sube el barril es un d\u00f3lar que el Estado tiene que poner de su bolsillo si decide no trasladar el costo al consumidor.<\/p>\n<p style=\"text-align: justify;\"><a href=\"https:\/\/acento.com.do\/economia\/recorte-al-gasto-publico-la-medida-para-no-cargar-el-costo-a-la-gente-ante-el-alza-de-los-combustibles-9650408.html\" target=\"_blank\" rel=\"noopener noreferrer\">El\u00a0<strong>FMI<\/strong>\u00a0y el\u00a0<strong>Banco Mundial<\/strong>\u00a0<\/a>ya advirtieron sobre la necesidad de que las econom\u00edas\u00a0ordenen sus pol\u00edticas fiscales\u00a0ante la prolongaci\u00f3n del conflicto. Desde distintos sectores se pidi\u00f3 al Gobierno que reduzca el gasto p\u00fablico como alternativa a trasladar el ajuste a la poblaci\u00f3n.<\/p>\n<h2 style=\"text-align: justify;\">Alto al fuego en Medio Oriente: \u00bfalivio temporal o pausa?<\/h2>\n<p style=\"text-align: justify;\">El 8 de abril lleg\u00f3 un respiro. El\u00a0<strong>Brent<\/strong>\u00a0se desplom\u00f3 m\u00e1s de un\u00a0<strong>13%<\/strong>\u00a0en un solo d\u00eda, cerrando en\u00a0<a href=\"https:\/\/acento.com.do\/economia\/el-brent-cae-mas-de-13-y-cierra-en-9475-dolares-tras-el-alto-el-fuego-en-oriente-medio-9656112.html\" target=\"_blank\" rel=\"noopener noreferrer\">94.75 d\u00f3lares<\/a>\u00a0tras el anuncio del alto al fuego en\u00a0<strong>Oriente Medio<\/strong>. Eso abri\u00f3 espacio para que el Gobierno ajustara levemente los precios al alza \u2014lo que Paliza justific\u00f3 p\u00fablicamente\u2014 sin que el subsidio desapareciera del todo.<\/p>\n<p style=\"text-align: justify;\">Pero la volatilidad no se fue. El barril hab\u00eda pasado de 60 a casi 100 d\u00f3lares en una semana cuando estall\u00f3 el conflicto, y los mercados siguen atentos a cualquier movimiento en la regi\u00f3n.\u00a0<a href=\"https:\/\/acento.com.do\/economia\/guerra-en-medio-oriente-dispara-inflacion-global-y-golpea-a-republica-dominicana-y-ee-uu-9662504.html\" target=\"_blank\" rel=\"noopener noreferrer\">La\u00a0<strong>guerra en Medio Oriente<\/strong>\u00a0<\/a>contin\u00faa generando presiones inflacionarias globales\u00a0que afectan tanto a econom\u00edas desarrolladas como emergentes, con Rep\u00fablica Dominicana entre las m\u00e1s expuestas por su alta dependencia de combustibles importados.<\/p>\n<h2 style=\"text-align: justify;\">Dependencia energ\u00e9tica de Rep\u00fablica Dominicana: el problema de fondo<\/h2>\n<p style=\"text-align: justify;\">Detr\u00e1s de cada semana de precios congelados hay una vulnerabilidad estructural que el subsidio no resuelve:\u00a0<strong>Rep\u00fablica Dominicana no produce petr\u00f3leo y compra en el mercado internacional a precio de mercado.<\/strong>\u00a0Cada choque externo \u2014una guerra, un hurac\u00e1n en el Golfo, una decisi\u00f3n de la OPEP\u2014 se convierte en una crisis fiscal interna.<\/p>\n<p style=\"text-align: justify;\">La respuesta de largo plazo que el Gobierno viene impulsando apunta a reducir esa dependencia. Entre 2025 y 2026, el pa\u00eds incorpora m\u00e1s de 1,500 MW de nueva capacidad instalada, con\u00a0<a href=\"https:\/\/acento.com.do\/economia\/mas-sol-menos-petroleo-rd-moviliza-us-1900-millones-para-renovar-su-sistema-electrico-9662073.html\" target=\"_blank\" rel=\"noopener noreferrer\">la energ\u00eda solar como protagonista, en el marco de una inversi\u00f3n de casi\u00a0<strong>US$ 1,900 millones<\/strong>\u00a0para renovar el sistema el\u00e9ctrico.<\/a>\u00a0Pero esa transici\u00f3n toma a\u00f1os. El subsidio, mientras tanto, sigue corriendo semana a semana.<\/p>\n<p style=\"text-align: justify;\">La pregunta que nadie en el Gobierno responde con claridad es cu\u00e1nto tiempo m\u00e1s puede sostenerse el congelamiento si el barril vuelve a escalar. Paliza ya lo insinu\u00f3: podr\u00eda haber &#8220;nuevos ajustes&#8221;. La traducci\u00f3n es simple: m\u00e1s aumentos en la bomba.<\/p>\n<div class=\"pvc_clear\"><\/div>\n<p class=\"pvc_stats all \" data-element-id=\"29657\" style=\"\"><i class=\"pvc-stats-icon medium\" aria-hidden=\"true\"><svg aria-hidden=\"true\" focusable=\"false\" data-prefix=\"far\" data-icon=\"chart-bar\" role=\"img\" xmlns=\"http:\/\/www.w3.org\/2000\/svg\" viewBox=\"0 0 512 512\" class=\"svg-inline--fa fa-chart-bar fa-w-16 fa-2x\"><path fill=\"currentColor\" d=\"M396.8 352h22.4c6.4 0 12.8-6.4 12.8-12.8V108.8c0-6.4-6.4-12.8-12.8-12.8h-22.4c-6.4 0-12.8 6.4-12.8 12.8v230.4c0 6.4 6.4 12.8 12.8 12.8zm-192 0h22.4c6.4 0 12.8-6.4 12.8-12.8V140.8c0-6.4-6.4-12.8-12.8-12.8h-22.4c-6.4 0-12.8 6.4-12.8 12.8v198.4c0 6.4 6.4 12.8 12.8 12.8zm96 0h22.4c6.4 0 12.8-6.4 12.8-12.8V204.8c0-6.4-6.4-12.8-12.8-12.8h-22.4c-6.4 0-12.8 6.4-12.8 12.8v134.4c0 6.4 6.4 12.8 12.8 12.8zM496 400H48V80c0-8.84-7.16-16-16-16H16C7.16 64 0 71.16 0 80v336c0 17.67 14.33 32 32 32h464c8.84 0 16-7.16 16-16v-16c0-8.84-7.16-16-16-16zm-387.2-48h22.4c6.4 0 12.8-6.4 12.8-12.8v-70.4c0-6.4-6.4-12.8-12.8-12.8h-22.4c-6.4 0-12.8 6.4-12.8 12.8v70.4c0 6.4 6.4 12.8 12.8 12.8z\" class=\"\"><\/path><\/svg><\/i> Vistas Totales&nbsp;34&nbsp;, Vistas Hoy&nbsp;34&nbsp;<\/p>\n<div class=\"pvc_clear\"><\/div>\n","protected":false},"excerpt":{"rendered":"<p>Autor: Katheryn Luna Fecha: 25 de abril de 2026 Extra\u00eddo de: Acento Combustibles congelados: \u00bfHasta cu\u00e1ndo aguanta el subsidio? El Gobierno dominicano lleva semanas pagando la diferencia entre el precio real del\u00a0petr\u00f3leo\u00a0y lo que los dominicanos pagan en la bomba. La cuenta no para de crecer. Solo en la semana del 28 de marzo al&#8230;<\/p>\n<div class=\"pvc_clear\"><\/div>\n<p class=\"pvc_stats all \" data-element-id=\"29657\" style=\"\"><i class=\"pvc-stats-icon medium\" aria-hidden=\"true\"><svg aria-hidden=\"true\" focusable=\"false\" data-prefix=\"far\" data-icon=\"chart-bar\" role=\"img\" xmlns=\"http:\/\/www.w3.org\/2000\/svg\" viewBox=\"0 0 512 512\" class=\"svg-inline--fa fa-chart-bar fa-w-16 fa-2x\"><path fill=\"currentColor\" d=\"M396.8 352h22.4c6.4 0 12.8-6.4 12.8-12.8V108.8c0-6.4-6.4-12.8-12.8-12.8h-22.4c-6.4 0-12.8 6.4-12.8 12.8v230.4c0 6.4 6.4 12.8 12.8 12.8zm-192 0h22.4c6.4 0 12.8-6.4 12.8-12.8V140.8c0-6.4-6.4-12.8-12.8-12.8h-22.4c-6.4 0-12.8 6.4-12.8 12.8v198.4c0 6.4 6.4 12.8 12.8 12.8zm96 0h22.4c6.4 0 12.8-6.4 12.8-12.8V204.8c0-6.4-6.4-12.8-12.8-12.8h-22.4c-6.4 0-12.8 6.4-12.8 12.8v134.4c0 6.4 6.4 12.8 12.8 12.8zM496 400H48V80c0-8.84-7.16-16-16-16H16C7.16 64 0 71.16 0 80v336c0 17.67 14.33 32 32 32h464c8.84 0 16-7.16 16-16v-16c0-8.84-7.16-16-16-16zm-387.2-48h22.4c6.4 0 12.8-6.4 12.8-12.8v-70.4c0-6.4-6.4-12.8-12.8-12.8h-22.4c-6.4 0-12.8 6.4-12.8 12.8v70.4c0 6.4 6.4 12.8 12.8 12.8z\" class=\"\"><\/path><\/svg><\/i> Vistas Totales&nbsp;34&nbsp;, Vistas Hoy&nbsp;34&nbsp;<\/p>\n<div class=\"pvc_clear\"><\/div>\n","protected":false},"author":2,"featured_media":29658,"comment_status":"closed","ping_status":"closed","sticky":false,"template":"","format":"standard","meta":{"footnotes":""},"categories":[19],"tags":[],"class_list":["post-29657","post","type-post","status-publish","format-standard","has-post-thumbnail","hentry","category-actualidad"],"yoast_head":"<!-- This site is optimized with the Yoast SEO plugin v25.2 - https:\/\/yoast.com\/wordpress\/plugins\/seo\/ -->\n<title>Combustibles congelados: \u00bfHasta cu\u00e1ndo aguanta el subsidio? | CREES<\/title>\n<meta name=\"robots\" content=\"index, follow, max-snippet:-1, max-image-preview:large, max-video-preview:-1\" \/>\n<link rel=\"canonical\" href=\"https:\/\/crees.org.do\/?p=29657\" \/>\n<meta property=\"og:locale\" content=\"es_ES\" \/>\n<meta property=\"og:type\" content=\"article\" \/>\n<meta property=\"og:title\" content=\"Combustibles congelados: \u00bfHasta cu\u00e1ndo aguanta el subsidio? | CREES\" \/>\n<meta property=\"og:description\" content=\"Autor: Katheryn Luna Fecha: 25 de abril de 2026 Extra\u00eddo de: Acento Combustibles congelados: \u00bfHasta cu\u00e1ndo aguanta el subsidio? El Gobierno dominicano lleva semanas pagando la diferencia entre el precio real del\u00a0petr\u00f3leo\u00a0y lo que los dominicanos pagan en la bomba. La cuenta no para de crecer. Solo en la semana del 28 de marzo al...\" \/>\n<meta property=\"og:url\" content=\"https:\/\/crees.org.do\/?p=29657\" \/>\n<meta property=\"og:site_name\" content=\"CREES\" \/>\n<meta property=\"article:publisher\" content=\"https:\/\/www.facebook.com\/CREESRD\/\" \/>\n<meta property=\"article:published_time\" content=\"2026-05-01T13:48:23+00:00\" \/>\n<meta property=\"og:image\" content=\"https:\/\/crees.org.do\/wp-content\/uploads\/2026\/05\/WhatsApp-Image-2026-04-24-at-10.38.44-AM-728x485-1.png\" \/>\n\t<meta property=\"og:image:width\" content=\"728\" \/>\n\t<meta property=\"og:image:height\" content=\"485\" \/>\n\t<meta property=\"og:image:type\" content=\"image\/png\" \/>\n<meta name=\"author\" content=\"Crees\" \/>\n<meta name=\"twitter:card\" content=\"summary_large_image\" \/>\n<meta name=\"twitter:creator\" content=\"@CREESRD\" \/>\n<meta name=\"twitter:site\" content=\"@CREESRD\" \/>\n<meta name=\"twitter:label1\" content=\"Escrito por\" \/>\n\t<meta name=\"twitter:data1\" content=\"Crees\" \/>\n\t<meta name=\"twitter:label2\" content=\"Tiempo de lectura\" \/>\n\t<meta name=\"twitter:data2\" content=\"7 minutos\" \/>\n<script type=\"application\/ld+json\" class=\"yoast-schema-graph\">{\"@context\":\"https:\/\/schema.org\",\"@graph\":[{\"@type\":\"Article\",\"@id\":\"https:\/\/crees.org.do\/?p=29657#article\",\"isPartOf\":{\"@id\":\"https:\/\/crees.org.do\/?p=29657\"},\"author\":{\"name\":\"Crees\",\"@id\":\"https:\/\/crees.org.do\/#\/schema\/person\/e7f97cd94d7bf9cd0e0ce30acb7d56b8\"},\"headline\":\"Combustibles congelados: \u00bfHasta cu\u00e1ndo aguanta el subsidio?\",\"datePublished\":\"2026-05-01T13:48:23+00:00\",\"mainEntityOfPage\":{\"@id\":\"https:\/\/crees.org.do\/?p=29657\"},\"wordCount\":1495,\"publisher\":{\"@id\":\"https:\/\/crees.org.do\/#organization\"},\"image\":{\"@id\":\"https:\/\/crees.org.do\/?p=29657#primaryimage\"},\"thumbnailUrl\":\"https:\/\/crees.org.do\/wp-content\/uploads\/2026\/05\/WhatsApp-Image-2026-04-24-at-10.38.44-AM-728x485-1.png\",\"articleSection\":[\"Actualidad\"],\"inLanguage\":\"es\"},{\"@type\":\"WebPage\",\"@id\":\"https:\/\/crees.org.do\/?p=29657\",\"url\":\"https:\/\/crees.org.do\/?p=29657\",\"name\":\"Combustibles congelados: \u00bfHasta cu\u00e1ndo aguanta el subsidio? | CREES\",\"isPartOf\":{\"@id\":\"https:\/\/crees.org.do\/#website\"},\"primaryImageOfPage\":{\"@id\":\"https:\/\/crees.org.do\/?p=29657#primaryimage\"},\"image\":{\"@id\":\"https:\/\/crees.org.do\/?p=29657#primaryimage\"},\"thumbnailUrl\":\"https:\/\/crees.org.do\/wp-content\/uploads\/2026\/05\/WhatsApp-Image-2026-04-24-at-10.38.44-AM-728x485-1.png\",\"datePublished\":\"2026-05-01T13:48:23+00:00\",\"breadcrumb\":{\"@id\":\"https:\/\/crees.org.do\/?p=29657#breadcrumb\"},\"inLanguage\":\"es\",\"potentialAction\":[{\"@type\":\"ReadAction\",\"target\":[\"https:\/\/crees.org.do\/?p=29657\"]}]},{\"@type\":\"ImageObject\",\"inLanguage\":\"es\",\"@id\":\"https:\/\/crees.org.do\/?p=29657#primaryimage\",\"url\":\"https:\/\/crees.org.do\/wp-content\/uploads\/2026\/05\/WhatsApp-Image-2026-04-24-at-10.38.44-AM-728x485-1.png\",\"contentUrl\":\"https:\/\/crees.org.do\/wp-content\/uploads\/2026\/05\/WhatsApp-Image-2026-04-24-at-10.38.44-AM-728x485-1.png\",\"width\":728,\"height\":485},{\"@type\":\"BreadcrumbList\",\"@id\":\"https:\/\/crees.org.do\/?p=29657#breadcrumb\",\"itemListElement\":[{\"@type\":\"ListItem\",\"position\":1,\"name\":\"Portada\",\"item\":\"https:\/\/crees.org.do\/\"},{\"@type\":\"ListItem\",\"position\":2,\"name\":\"Combustibles congelados: \u00bfHasta cu\u00e1ndo aguanta el subsidio?\"}]},{\"@type\":\"WebSite\",\"@id\":\"https:\/\/crees.org.do\/#website\",\"url\":\"https:\/\/crees.org.do\/\",\"name\":\"CREES\",\"description\":\"Centro Regional de Estrategias Econ\u00f3micas Sostenibles\",\"publisher\":{\"@id\":\"https:\/\/crees.org.do\/#organization\"},\"potentialAction\":[{\"@type\":\"SearchAction\",\"target\":{\"@type\":\"EntryPoint\",\"urlTemplate\":\"https:\/\/crees.org.do\/?s={search_term_string}\"},\"query-input\":{\"@type\":\"PropertyValueSpecification\",\"valueRequired\":true,\"valueName\":\"search_term_string\"}}],\"inLanguage\":\"es\"},{\"@type\":\"Organization\",\"@id\":\"https:\/\/crees.org.do\/#organization\",\"name\":\"CREES | Centro Regional de Estrategias Econ\u00f3micas Sostenibles\",\"url\":\"https:\/\/crees.org.do\/\",\"logo\":{\"@type\":\"ImageObject\",\"inLanguage\":\"es\",\"@id\":\"https:\/\/crees.org.do\/#\/schema\/logo\/image\/\",\"url\":\"https:\/\/crees.org.do\/wp-content\/uploads\/2022\/03\/crees-logo-1.jpg\",\"contentUrl\":\"https:\/\/crees.org.do\/wp-content\/uploads\/2022\/03\/crees-logo-1.jpg\",\"width\":244,\"height\":71,\"caption\":\"CREES | Centro Regional de Estrategias Econ\u00f3micas Sostenibles\"},\"image\":{\"@id\":\"https:\/\/crees.org.do\/#\/schema\/logo\/image\/\"},\"sameAs\":[\"https:\/\/www.facebook.com\/CREESRD\/\",\"https:\/\/x.com\/CREESRD\"]},{\"@type\":\"Person\",\"@id\":\"https:\/\/crees.org.do\/#\/schema\/person\/e7f97cd94d7bf9cd0e0ce30acb7d56b8\",\"name\":\"Crees\",\"image\":{\"@type\":\"ImageObject\",\"inLanguage\":\"es\",\"@id\":\"https:\/\/crees.org.do\/#\/schema\/person\/image\/\",\"url\":\"https:\/\/secure.gravatar.com\/avatar\/390ac8f0be5d9aa046152553e2dd7011b59a512d89c150f5e5f28bb8d9a0b165?s=96&d=mm&r=g\",\"contentUrl\":\"https:\/\/secure.gravatar.com\/avatar\/390ac8f0be5d9aa046152553e2dd7011b59a512d89c150f5e5f28bb8d9a0b165?s=96&d=mm&r=g\",\"caption\":\"Crees\"},\"url\":\"https:\/\/crees.org.do\/?author=2\"}]}<\/script>\n<!-- \/ Yoast SEO plugin. -->","yoast_head_json":{"title":"Combustibles congelados: \u00bfHasta cu\u00e1ndo aguanta el subsidio? | CREES","robots":{"index":"index","follow":"follow","max-snippet":"max-snippet:-1","max-image-preview":"max-image-preview:large","max-video-preview":"max-video-preview:-1"},"canonical":"https:\/\/crees.org.do\/?p=29657","og_locale":"es_ES","og_type":"article","og_title":"Combustibles congelados: \u00bfHasta cu\u00e1ndo aguanta el subsidio? | CREES","og_description":"Autor: Katheryn Luna Fecha: 25 de abril de 2026 Extra\u00eddo de: Acento Combustibles congelados: \u00bfHasta cu\u00e1ndo aguanta el subsidio? El Gobierno dominicano lleva semanas pagando la diferencia entre el precio real del\u00a0petr\u00f3leo\u00a0y lo que los dominicanos pagan en la bomba. La cuenta no para de crecer. Solo en la semana del 28 de marzo al...","og_url":"https:\/\/crees.org.do\/?p=29657","og_site_name":"CREES","article_publisher":"https:\/\/www.facebook.com\/CREESRD\/","article_published_time":"2026-05-01T13:48:23+00:00","og_image":[{"width":728,"height":485,"url":"https:\/\/crees.org.do\/wp-content\/uploads\/2026\/05\/WhatsApp-Image-2026-04-24-at-10.38.44-AM-728x485-1.png","type":"image\/png"}],"author":"Crees","twitter_card":"summary_large_image","twitter_creator":"@CREESRD","twitter_site":"@CREESRD","twitter_misc":{"Escrito por":"Crees","Tiempo de lectura":"7 minutos"},"schema":{"@context":"https:\/\/schema.org","@graph":[{"@type":"Article","@id":"https:\/\/crees.org.do\/?p=29657#article","isPartOf":{"@id":"https:\/\/crees.org.do\/?p=29657"},"author":{"name":"Crees","@id":"https:\/\/crees.org.do\/#\/schema\/person\/e7f97cd94d7bf9cd0e0ce30acb7d56b8"},"headline":"Combustibles congelados: \u00bfHasta cu\u00e1ndo aguanta el subsidio?","datePublished":"2026-05-01T13:48:23+00:00","mainEntityOfPage":{"@id":"https:\/\/crees.org.do\/?p=29657"},"wordCount":1495,"publisher":{"@id":"https:\/\/crees.org.do\/#organization"},"image":{"@id":"https:\/\/crees.org.do\/?p=29657#primaryimage"},"thumbnailUrl":"https:\/\/crees.org.do\/wp-content\/uploads\/2026\/05\/WhatsApp-Image-2026-04-24-at-10.38.44-AM-728x485-1.png","articleSection":["Actualidad"],"inLanguage":"es"},{"@type":"WebPage","@id":"https:\/\/crees.org.do\/?p=29657","url":"https:\/\/crees.org.do\/?p=29657","name":"Combustibles congelados: \u00bfHasta cu\u00e1ndo aguanta el subsidio? | CREES","isPartOf":{"@id":"https:\/\/crees.org.do\/#website"},"primaryImageOfPage":{"@id":"https:\/\/crees.org.do\/?p=29657#primaryimage"},"image":{"@id":"https:\/\/crees.org.do\/?p=29657#primaryimage"},"thumbnailUrl":"https:\/\/crees.org.do\/wp-content\/uploads\/2026\/05\/WhatsApp-Image-2026-04-24-at-10.38.44-AM-728x485-1.png","datePublished":"2026-05-01T13:48:23+00:00","breadcrumb":{"@id":"https:\/\/crees.org.do\/?p=29657#breadcrumb"},"inLanguage":"es","potentialAction":[{"@type":"ReadAction","target":["https:\/\/crees.org.do\/?p=29657"]}]},{"@type":"ImageObject","inLanguage":"es","@id":"https:\/\/crees.org.do\/?p=29657#primaryimage","url":"https:\/\/crees.org.do\/wp-content\/uploads\/2026\/05\/WhatsApp-Image-2026-04-24-at-10.38.44-AM-728x485-1.png","contentUrl":"https:\/\/crees.org.do\/wp-content\/uploads\/2026\/05\/WhatsApp-Image-2026-04-24-at-10.38.44-AM-728x485-1.png","width":728,"height":485},{"@type":"BreadcrumbList","@id":"https:\/\/crees.org.do\/?p=29657#breadcrumb","itemListElement":[{"@type":"ListItem","position":1,"name":"Portada","item":"https:\/\/crees.org.do\/"},{"@type":"ListItem","position":2,"name":"Combustibles congelados: \u00bfHasta cu\u00e1ndo aguanta el subsidio?"}]},{"@type":"WebSite","@id":"https:\/\/crees.org.do\/#website","url":"https:\/\/crees.org.do\/","name":"CREES","description":"Centro Regional de Estrategias Econ\u00f3micas Sostenibles","publisher":{"@id":"https:\/\/crees.org.do\/#organization"},"potentialAction":[{"@type":"SearchAction","target":{"@type":"EntryPoint","urlTemplate":"https:\/\/crees.org.do\/?s={search_term_string}"},"query-input":{"@type":"PropertyValueSpecification","valueRequired":true,"valueName":"search_term_string"}}],"inLanguage":"es"},{"@type":"Organization","@id":"https:\/\/crees.org.do\/#organization","name":"CREES | Centro Regional de Estrategias Econ\u00f3micas Sostenibles","url":"https:\/\/crees.org.do\/","logo":{"@type":"ImageObject","inLanguage":"es","@id":"https:\/\/crees.org.do\/#\/schema\/logo\/image\/","url":"https:\/\/crees.org.do\/wp-content\/uploads\/2022\/03\/crees-logo-1.jpg","contentUrl":"https:\/\/crees.org.do\/wp-content\/uploads\/2022\/03\/crees-logo-1.jpg","width":244,"height":71,"caption":"CREES | Centro Regional de Estrategias Econ\u00f3micas Sostenibles"},"image":{"@id":"https:\/\/crees.org.do\/#\/schema\/logo\/image\/"},"sameAs":["https:\/\/www.facebook.com\/CREESRD\/","https:\/\/x.com\/CREESRD"]},{"@type":"Person","@id":"https:\/\/crees.org.do\/#\/schema\/person\/e7f97cd94d7bf9cd0e0ce30acb7d56b8","name":"Crees","image":{"@type":"ImageObject","inLanguage":"es","@id":"https:\/\/crees.org.do\/#\/schema\/person\/image\/","url":"https:\/\/secure.gravatar.com\/avatar\/390ac8f0be5d9aa046152553e2dd7011b59a512d89c150f5e5f28bb8d9a0b165?s=96&d=mm&r=g","contentUrl":"https:\/\/secure.gravatar.com\/avatar\/390ac8f0be5d9aa046152553e2dd7011b59a512d89c150f5e5f28bb8d9a0b165?s=96&d=mm&r=g","caption":"Crees"},"url":"https:\/\/crees.org.do\/?author=2"}]}},"_links":{"self":[{"href":"https:\/\/crees.org.do\/index.php?rest_route=\/wp\/v2\/posts\/29657","targetHints":{"allow":["GET"]}}],"collection":[{"href":"https:\/\/crees.org.do\/index.php?rest_route=\/wp\/v2\/posts"}],"about":[{"href":"https:\/\/crees.org.do\/index.php?rest_route=\/wp\/v2\/types\/post"}],"author":[{"embeddable":true,"href":"https:\/\/crees.org.do\/index.php?rest_route=\/wp\/v2\/users\/2"}],"replies":[{"embeddable":true,"href":"https:\/\/crees.org.do\/index.php?rest_route=%2Fwp%2Fv2%2Fcomments&post=29657"}],"version-history":[{"count":1,"href":"https:\/\/crees.org.do\/index.php?rest_route=\/wp\/v2\/posts\/29657\/revisions"}],"predecessor-version":[{"id":29659,"href":"https:\/\/crees.org.do\/index.php?rest_route=\/wp\/v2\/posts\/29657\/revisions\/29659"}],"wp:featuredmedia":[{"embeddable":true,"href":"https:\/\/crees.org.do\/index.php?rest_route=\/wp\/v2\/media\/29658"}],"wp:attachment":[{"href":"https:\/\/crees.org.do\/index.php?rest_route=%2Fwp%2Fv2%2Fmedia&parent=29657"}],"wp:term":[{"taxonomy":"category","embeddable":true,"href":"https:\/\/crees.org.do\/index.php?rest_route=%2Fwp%2Fv2%2Fcategories&post=29657"},{"taxonomy":"post_tag","embeddable":true,"href":"https:\/\/crees.org.do\/index.php?rest_route=%2Fwp%2Fv2%2Ftags&post=29657"}],"curies":[{"name":"wp","href":"https:\/\/api.w.org\/{rel}","templated":true}]}}