{"id":29660,"date":"2026-05-01T14:09:07","date_gmt":"2026-05-01T14:09:07","guid":{"rendered":"https:\/\/crees.org.do\/?p=29660"},"modified":"2026-05-01T14:09:07","modified_gmt":"2026-05-01T14:09:07","slug":"esta-republica-dominicana-preparada-para-la-tormenta-arancelaria-global","status":"publish","type":"post","link":"https:\/\/crees.org.do\/?p=29660","title":{"rendered":"\u00bfEst\u00e1 Rep\u00fablica Dominicana preparada para la tormenta arancelaria global?"},"content":{"rendered":"<p style=\"text-align: justify;\">Autor: Katheryn Luna<\/p>\n<p style=\"text-align: justify;\">Fecha: 27 de abril de 2026<\/p>\n<p style=\"text-align: justify;\">Extra\u00eddo de: <a href=\"https:\/\/acento.com.do\/economia\/esta-republica-dominicana-preparada-para-la-tormenta-arancelaria-global-9665913.html\">Acento<\/a><\/p>\n<h2 class=\"font-700\" style=\"text-align: justify;\">\u00bfEst\u00e1 Rep\u00fablica Dominicana preparada para la tormenta arancelaria global?<\/h2>\n<p style=\"text-align: justify;\">La<strong>\u00a0Rep\u00fablica Dominicana<\/strong>\u00a0no es un actor de la\u00a0<strong>guerra comercial entre Estados Unidos y China.<\/strong>\u00a0Pero tampoco es un espectador neutral. Cada\u00a0<strong>arancel<\/strong>\u00a0que\u00a0<strong>Washington<\/strong>\u00a0impone a\u00a0<strong>Pek\u00edn,<\/strong>\u00a0cada represalia que Pek\u00edn devuelve, cada cadena de suministro que se rompe y se reensambla en otro lugar del mundo, impacta en la\u00a0<strong>econom\u00eda dominicana<\/strong>\u00a0de formas que apenas comienzan a comprenderse con claridad.<\/p>\n<p style=\"text-align: justify;\">El pa\u00eds llega a este momento con una econom\u00eda que, seg\u00fan datos del\u00a0<strong>Banco Central,<\/strong>\u00a0cerr\u00f3 2025 con un\u00a0<strong>PIB<\/strong>\u00a0de\u00a0<strong>RD$ 7 billones 897,551 millones,<\/strong>\u00a0sustentada principalmente en el\u00a0<strong><a href=\"https:\/\/acento.com.do\/economia\/dependencia-del-sector-servicios-marca-el-rumbo-economico-del-pais-9648920.html\" target=\"_blank\" rel=\"noopener noreferrer\">sector servicios, el turismo, las remesas y las zonas francas<\/a>.\u00a0<\/strong>Es una estructura que tiene fortalezas reales, pero tambi\u00e9n vulnerabilidades que la tormenta arancelaria global pone bajo una luz nueva.<\/p>\n<h2 style=\"text-align: justify;\">Las cadenas de suministro siguen siendo indispensables<\/h2>\n<p style=\"text-align: justify;\">Para el economista\u00a0<strong>Antonio Ciriaco Cruz<\/strong>, decano de la Facultad de Ciencias Econ\u00f3micas y Sociales de la UASD, la fragmentaci\u00f3n del proceso de globalizaci\u00f3n no ha eliminado la centralidad de las cadenas de suministro globales: estas &#8220;contin\u00faan siendo fundamentales e indispensables para el comercio internacional&#8221;.<\/p>\n<p style=\"text-align: justify;\">Ciriaco Cruz se\u00f1ala que las disputas por el control geogr\u00e1fico de regiones con abundantes recursos naturales estrat\u00e9gicos \u2014como\u00a0<strong>tierras raras, petr\u00f3leo y gas natural licuado<\/strong>\u2014 han generado disrupciones en esas cadenas, con repercusiones directas en los mercados internos. En particular, el aumento en los costos de transporte y\u00a0<strong>fletes,<\/strong>\u00a0tanto mar\u00edtimos como a\u00e9reos, eleva el costo de las\u00a0<strong>importaciones<\/strong>\u00a0y afecta todos los canales de distribuci\u00f3n.<\/p>\n<p style=\"text-align: justify;\">El economista subraya un dato estructural que explica la magnitud del problema:\u00a0<strong>m\u00e1s del 80% del comercio mundial se realiza por v\u00eda mar\u00edtima, lo que convierte cualquier alteraci\u00f3n en las cadenas globales en un impacto inmediato sobre los costos log\u00edsticos.<\/strong>\u00a0Estudios de la econom\u00eda mundial, citados por Ciriaco Cruz, indican que un incremento del 1% en los fletes puede elevar la inflaci\u00f3n global en\u00a00.025 puntos porcentuales.<\/p>\n<h2 style=\"text-align: justify;\">El escenario: un mundo que se fragmenta<\/h2>\n<p style=\"text-align: justify;\">La\u00a0<strong>pol\u00edtica arancelaria<\/strong>\u00a0de la administraci\u00f3n\u00a0<strong>Trump<\/strong>\u00a0ha acelerado un proceso que ya estaba en marcha: la desglobalizaci\u00f3n selectiva. Las empresas multinacionales buscan reducir su dependencia de China y relocalizar producci\u00f3n en pa\u00edses con acceso preferencial al mercado estadounidense, mano de obra competitiva y estabilidad institucional. Ese proceso tiene un nombre t\u00e9cnico\u00a0<em><strong>\u2014nearshoring<\/strong><\/em>\u00a0y\u00a0<em><strong>friendshoring<\/strong><\/em>\u2014 y tiene una geograf\u00eda que incluye, potencialmente, al Caribe.<\/p>\n<p style=\"text-align: justify;\">Rep\u00fablica Dominicana re\u00fane varias de las condiciones que ese mapa requiere: proximidad geogr\u00e1fica a Estados Unidos, el\u00a0<strong>DR-CAFTA<\/strong>\u00a0como marco de acceso comercial preferencial, un sistema de zonas francas consolidado y una industria manufacturera que en 2024 super\u00f3 los RD$ 1.6 billones en ingresos, con un crecimiento del 12.4%, seg\u00fan datos de la\u00a0<a href=\"https:\/\/acento.com.do\/economia\/ingresos-de-la-industria-manufacturera-superan-rd-1-6-billones-en-2024-9651562.html\" target=\"_blank\" rel=\"noopener noreferrer\">Oficina Nacional de Estad\u00edstica.<\/a><\/p>\n<h2 style=\"text-align: justify;\">Las oportunidades: estar en el lugar correcto<\/h2>\n<h3 style=\"text-align: justify;\"><strong>Zonas francas y manufactura de valor agregado<\/strong><\/h3>\n<p style=\"text-align: justify;\">El sistema de zonas francas dominicano es uno de los m\u00e1s desarrollados de la regi\u00f3n. En ese contexto, la alianza estrat\u00e9gica entre el Instituto Tecnol\u00f3gico de las Am\u00e9ricas\u00a0<strong>(Itla)<\/strong>\u00a0y el\u00a0<strong>Parque Zona Franca Las Am\u00e9ricas<\/strong>\u00a0\u2014orientada al desarrollo de capital humano en semiconductores, manufactura de dispositivos electr\u00f3nicos y medicina rob\u00f3tica\u2014\u00a0<a href=\"https:\/\/acento.com.do\/actualidad\/itla-y-zona-franca-las-americas-fortalecen-alianza-para-impulsar-talento-tecnologico-y-empleabilidad-en-republica-dominicana-9646842.html\" target=\"_blank\" rel=\"noopener noreferrer\">apunta exactamente en la direcci\u00f3n que la reconfiguraci\u00f3n global demanda.<\/a>\u00a0Si las empresas que antes fabricaban en China buscan un destino alternativo con acceso al mercado norteamericano, las zonas francas dominicanas tienen una propuesta concreta que ofrecer.<\/p>\n<h3 style=\"text-align: justify;\"><strong>Posicionamiento geopol\u00edtico<\/strong><\/h3>\n<p style=\"text-align: justify;\">La rivalidad EE.UU. -China no es solo comercial: es tecnol\u00f3gica, espacial y de infraestructura. Bloomberg situ\u00f3 recientemente a Rep\u00fablica Dominicana como\u00a0<a href=\"https:\/\/acento.com.do\/economia\/bloomberg-situa-a-republica-dominicana-como-la-proxima-frontera-en-la-carrera-espacial-entre-ee-uu-y-china-9648232.html\" target=\"_blank\" rel=\"noopener noreferrer\">&#8220;la pr\u00f3xima frontera&#8221;<\/a>\u00a0en la disputa geopol\u00edtica entre ambas potencias, destacando el proyecto del puerto espacial de Pedernales como pieza clave en la estrategia de Washington para contrarrestar la expansi\u00f3n china en Am\u00e9rica Latina. Ese posicionamiento, bien administrado, puede traducirse en inversi\u00f3n, transferencia tecnol\u00f3gica y acceso a financiamiento preferencial.<\/p>\n<h3 style=\"text-align: justify;\">Inversi\u00f3n extranjera directa en diversificaci\u00f3n<\/h3>\n<p style=\"text-align: justify;\">El flujo de\u00a0<strong>inversi\u00f3n extranjera directa<\/strong>\u00a0muestra se\u00f1ales alentadoras de diversificaci\u00f3n. Espa\u00f1a lider\u00f3 la IED en 2025 con US$ 1,086.1 millones \u2014el 21.5% del total captado\u2014,\u00a0<a href=\"https:\/\/acento.com.do\/economia\/inversion-espanola-alcanzo-us-1086-millones-en-2025-9660590.html\" target=\"_blank\" rel=\"noopener noreferrer\">desplazando a Estados Unidos al segundo lugar con US$ 1,042.8 millone<\/a>s, de acuerdo con la C\u00e1mara de Comercio de Espa\u00f1a en la Rep\u00fablica Dominicana (Camacoes).La diversificaci\u00f3n de origen de la inversi\u00f3n reduce la dependencia de un solo socio y ampl\u00eda el margen de maniobra diplom\u00e1tico y comercial del pa\u00eds.<\/p>\n<h3 style=\"text-align: justify;\">Tecnolog\u00eda e inserci\u00f3n digital<\/h3>\n<p style=\"text-align: justify;\">En un entorno internacional marcado por la reconfiguraci\u00f3n de las cadenas globales de valor, Rep\u00fablica Dominicana ha comenzado a posicionarse en la econom\u00eda digital. Un informe del\u00a0<strong>MICM<\/strong>\u00a0y el\u00a0<strong>PNUD<\/strong>\u00a0se\u00f1ala que el pa\u00eds ofrece condiciones favorables \u2014estabilidad socioecon\u00f3mica, incentivos legales y conectividad con grandes mercados\u2014 para atraer inversi\u00f3n en tecnolog\u00edas de informaci\u00f3n y comunicaci\u00f3n,\u00a0<a href=\"https:\/\/acento.com.do\/economia\/brechas-en-conectividad-talento-y-colaboracion-limitan-la-atraccion-de-inversion-tic-en-republica-dominicana-9654833.html\" target=\"_blank\" rel=\"noopener noreferrer\">aunque advierte que persisten brechas en conectividad<\/a>, talento y colaboraci\u00f3n\u00a0que deben cerrarse para captar inversiones de mayor valor agregado.<\/p>\n<div class=\"related-news\">\n<h2 style=\"text-align: justify;\">La oportunidad existe, pero tiene condiciones<\/h2>\n<p style=\"text-align: justify;\">Para\u00a0<strong>Miguel Collado Di Franco<\/strong>, economista del Centro Regional de Estrategias Econ\u00f3micas Sostenibles\u00a0<strong>(CREES),<\/strong>\u00a0el\u00a0<em><strong>nearshoring<\/strong><\/em>\u00a0\u2014la relocalizaci\u00f3n de manufactura hacia pa\u00edses cercanos a Estados Unidos\u2014 representa una ventana concreta para Rep\u00fablica Dominicana. Pero advierte que aprovecharla no es autom\u00e1tico.<\/p>\n<blockquote><p>&#8220;Los pa\u00edses que estamos en el entorno cercano a Estados Unidos tendr\u00edamos una oportunidad de acceder a ese mercado, siempre y cuando las econom\u00edas que podr\u00edan aprovecharse de esas ventajas, espec\u00edficamente en este caso la dominicana, sepan aprovechar esa oportunidad.&#8221;<\/p><\/blockquote>\n<p style=\"text-align: justify;\">El diagn\u00f3stico de Collado Di Franco es directo:<strong>\u00a0la oportunidad existe, pero est\u00e1 condicionada a reformas estructurales que el pa\u00eds tiene pendientes desde hace a\u00f1os.<\/strong>\u00a0Y las enumera con precisi\u00f3n.<\/p>\n<blockquote><p>&#8220;En Rep\u00fablica Dominicana hay muchas reformas estructurales pendientes todav\u00eda para ser m\u00e1s competitiva, m\u00e1s productiva la econom\u00eda. Competitividad es eso: crear las instituciones, a trav\u00e9s de las reformas estructurales, para incrementar la productividad.&#8221;<\/p><\/blockquote>\n<p style=\"text-align: justify;\">La primera reforma que se\u00f1ala es fiscal. No se trata, aclara, de ampliar exenciones \u2014un mecanismo que ya existe en el sistema de zonas francas\u2014 sino de simplificar la estructura tributaria para hacerla m\u00e1s eficiente y menos distorsionante.<\/p>\n<blockquote><p>&#8220;La principal es un c\u00f3digo tributario m\u00e1s simple, con tasas m\u00e1s bajas y base m\u00e1s amplia, eliminando todas las distorsiones que tiene. Aqu\u00ed no estamos hablando de dar exenciones. Lo que estamos hablando es de simplificar el c\u00f3digo tributario para hacer a Rep\u00fablica Dominicana m\u00e1s competitiva.&#8221;<\/p><\/blockquote>\n<p style=\"text-align: justify;\">A esa reforma le siguen otras igualmente urgentes, seg\u00fan el economista: un nuevo c\u00f3digo laboral m\u00e1s flexible, una soluci\u00f3n estructural al problema de\u00a0<strong>generaci\u00f3n el\u00e9ctrica<\/strong>, la simplificaci\u00f3n de la permisolog\u00eda y las regulaciones, la reducci\u00f3n de los costos del transporte de carga interno \u2014que califica de &#8220;altos&#8221;\u2014 y una reforma profunda del sistema educativo.<\/p>\n<p style=\"text-align: justify;\">Sobre este \u00faltimo punto, Collado Di Franco es especialmente cr\u00edtico con la pol\u00edtica del 4% del PIB destinado a educaci\u00f3n, que desde 2013 convirti\u00f3 a Rep\u00fablica Dominicana en el pa\u00eds de Am\u00e9rica Latina con mayor inversi\u00f3n educativa como proporci\u00f3n de su econom\u00eda.<\/p>\n<blockquote><p>&#8220;El cuatro por ciento ha sido un fracaso como pol\u00edtica. Ah\u00ed hay que hacer una gran reforma.&#8221;<\/p><\/blockquote>\n<p style=\"text-align: justify;\">La conclusi\u00f3n del economista resume el desaf\u00edo central que enfrenta el pa\u00eds:\u00a0&#8220;<strong>Hay muchos temas para hacer a Rep\u00fablica Dominicana atractiva en t\u00e9rminos de competitividad. Eso es lo que falta.&#8221;<\/strong><\/p>\n<h2 style=\"text-align: justify;\">Los riesgos: el fuego cruzado tiene costos<\/h2>\n<h3 style=\"text-align: justify;\">Dependencia exportadora concentrada en EE.UU.<\/h3>\n<p style=\"text-align: justify;\">El principal socio comercial de Rep\u00fablica Dominicana sigue siendo Estados Unidos. En 2025, el pa\u00eds export\u00f3 hacia ese mercado\u00a0<strong>US$ 7,124 millones<\/strong>\u00a0en mercanc\u00edas. Pero esa relaci\u00f3n no est\u00e1 exenta de fricciones: durante ese mismo a\u00f1o, los embarques dominicanos registraron 223 detenciones en EE.UU. y la\u00a0<strong>Uni\u00f3n Europea<\/strong>, principalmente por problemas de documentaci\u00f3n incompleta y etiquetado incorrecto, afectando especialmente productos m\u00e9dicos, capilares y agr\u00edcolas, seg\u00fan el\u00a0<a href=\"https:\/\/acento.com.do\/economia\/documentacion-y-etiquetado-entre-principales-causas-de-detenciones-de-productos-dominicanos-en-ee-uu-9646703.html\" target=\"_blank\" rel=\"noopener noreferrer\">Ministerio de Industria, Comercio y Mipyme<\/a>s. En un entorno de mayor escrutinio arancelario y regulatorio, estas debilidades operativas se vuelven m\u00e1s costosas.<\/p>\n<h3 style=\"text-align: justify;\">Presiones inflacionarias en un momento delicado<\/h3>\n<p style=\"text-align: justify;\">La econom\u00eda dominicana no enfrenta solo la guerra comercial: llega a este escenario con la\u00a0<strong>inflaci\u00f3n interanual en 4.67%<\/strong>\u00a0en febrero de 2026, 110 puntos b\u00e1sicos por encima del mismo mes del a\u00f1o anterior,\u00a0e<a href=\"https:\/\/acento.com.do\/opinion\/el-2026-se-complica-9650433.html\" target=\"_blank\" rel=\"noopener noreferrer\">n un contexto que ya se describ\u00eda como de &#8220;bajo dinamismo econ\u00f3mico&#8221;.<\/a>\u00a0La reconfiguraci\u00f3n de cadenas de suministro puede encarecer insumos importados y presionar a\u00fan m\u00e1s los precios internos.<\/p>\n<h3 style=\"text-align: justify;\">Vulnerabilidad energ\u00e9tica estructural<\/h3>\n<p style=\"text-align: justify;\">Rep\u00fablica Dominicana importa la totalidad de los combustibles que consume. Esa dependencia convierte cada tensi\u00f3n geopol\u00edtica \u2014sea en el\u00a0<strong>Estrecho de Ormuz<\/strong>\u00a0o en el\u00a0<strong>Mar de China Meridional<\/strong>\u2014 en una variable presupuestaria dom\u00e9stica directa.\u00a0<a href=\"https:\/\/acento.com.do\/opinion\/crisis-global-decisiones-locales-el-momento-energetico-de-republica-dominicana-9647610.html\" target=\"_blank\" rel=\"noopener noreferrer\">La transici\u00f3n hacia energ\u00edas renovables avanza, pero no al ritmo que la urgencia del contexto exige.<\/a><\/p>\n<h3 style=\"text-align: justify;\">Seguridad alimentaria bajo presi\u00f3n<\/h3>\n<p style=\"text-align: justify;\">La reconfiguraci\u00f3n de cadenas de suministro globales tambi\u00e9n afecta el acceso a fertilizantes y alimentos.\u00a0<a href=\"https:\/\/acento.com.do\/economia\/proponen-plan-nacional-para-fortalecer-la-seguridad-alimentaria-en-republica-dominicana-9660026.html\" target=\"_blank\" rel=\"noopener noreferrer\">La Mesa del Di\u00e1logo<\/a>\u00a0y Representaci\u00f3n Cristiana present\u00f3 recientemente una propuesta de inversi\u00f3n de entre US$ 50 y US$ 55 millones para crear una reserva estrat\u00e9gica nacional, sustentada en los riesgos que la inestabilidad global impone sobre la seguridad alimentaria dominicana. La iniciativa reconoce impl\u00edcitamente que el pa\u00eds no puede depender de cadenas de abastecimiento que hoy son m\u00e1s fr\u00e1giles que hace cinco a\u00f1os.<\/p>\n<p style=\"text-align: justify;\">La\u00a0<strong>guerra comercial entre EE.UU. y China<\/strong>\u00a0no es un fen\u00f3meno pasajero. Es la expresi\u00f3n de una reconfiguraci\u00f3n estructural del orden econ\u00f3mico global que tomar\u00e1 a\u00f1os en estabilizarse. Para Rep\u00fablica Dominicana, eso significa que la ventana de oportunidad es real, pero no permanente.<\/p>\n<\/div>\n<div class=\"pvc_clear\"><\/div>\n<p class=\"pvc_stats all \" data-element-id=\"29660\" style=\"\"><i class=\"pvc-stats-icon medium\" aria-hidden=\"true\"><svg aria-hidden=\"true\" focusable=\"false\" data-prefix=\"far\" data-icon=\"chart-bar\" role=\"img\" xmlns=\"http:\/\/www.w3.org\/2000\/svg\" viewBox=\"0 0 512 512\" class=\"svg-inline--fa fa-chart-bar fa-w-16 fa-2x\"><path fill=\"currentColor\" d=\"M396.8 352h22.4c6.4 0 12.8-6.4 12.8-12.8V108.8c0-6.4-6.4-12.8-12.8-12.8h-22.4c-6.4 0-12.8 6.4-12.8 12.8v230.4c0 6.4 6.4 12.8 12.8 12.8zm-192 0h22.4c6.4 0 12.8-6.4 12.8-12.8V140.8c0-6.4-6.4-12.8-12.8-12.8h-22.4c-6.4 0-12.8 6.4-12.8 12.8v198.4c0 6.4 6.4 12.8 12.8 12.8zm96 0h22.4c6.4 0 12.8-6.4 12.8-12.8V204.8c0-6.4-6.4-12.8-12.8-12.8h-22.4c-6.4 0-12.8 6.4-12.8 12.8v134.4c0 6.4 6.4 12.8 12.8 12.8zM496 400H48V80c0-8.84-7.16-16-16-16H16C7.16 64 0 71.16 0 80v336c0 17.67 14.33 32 32 32h464c8.84 0 16-7.16 16-16v-16c0-8.84-7.16-16-16-16zm-387.2-48h22.4c6.4 0 12.8-6.4 12.8-12.8v-70.4c0-6.4-6.4-12.8-12.8-12.8h-22.4c-6.4 0-12.8 6.4-12.8 12.8v70.4c0 6.4 6.4 12.8 12.8 12.8z\" class=\"\"><\/path><\/svg><\/i> Vistas Totales&nbsp;57&nbsp;, Vistas Hoy&nbsp;57&nbsp;<\/p>\n<div class=\"pvc_clear\"><\/div>\n","protected":false},"excerpt":{"rendered":"<p>Autor: Katheryn Luna Fecha: 27 de abril de 2026 Extra\u00eddo de: Acento \u00bfEst\u00e1 Rep\u00fablica Dominicana preparada para la tormenta arancelaria global? La\u00a0Rep\u00fablica Dominicana\u00a0no es un actor de la\u00a0guerra comercial entre Estados Unidos y China.\u00a0Pero tampoco es un espectador neutral. Cada\u00a0arancel\u00a0que\u00a0Washington\u00a0impone a\u00a0Pek\u00edn,\u00a0cada represalia que Pek\u00edn devuelve, cada cadena de suministro que se rompe y se reensambla&#8230;<\/p>\n<div class=\"pvc_clear\"><\/div>\n<p class=\"pvc_stats all \" data-element-id=\"29660\" style=\"\"><i class=\"pvc-stats-icon medium\" aria-hidden=\"true\"><svg aria-hidden=\"true\" focusable=\"false\" data-prefix=\"far\" data-icon=\"chart-bar\" role=\"img\" xmlns=\"http:\/\/www.w3.org\/2000\/svg\" viewBox=\"0 0 512 512\" class=\"svg-inline--fa fa-chart-bar fa-w-16 fa-2x\"><path fill=\"currentColor\" d=\"M396.8 352h22.4c6.4 0 12.8-6.4 12.8-12.8V108.8c0-6.4-6.4-12.8-12.8-12.8h-22.4c-6.4 0-12.8 6.4-12.8 12.8v230.4c0 6.4 6.4 12.8 12.8 12.8zm-192 0h22.4c6.4 0 12.8-6.4 12.8-12.8V140.8c0-6.4-6.4-12.8-12.8-12.8h-22.4c-6.4 0-12.8 6.4-12.8 12.8v198.4c0 6.4 6.4 12.8 12.8 12.8zm96 0h22.4c6.4 0 12.8-6.4 12.8-12.8V204.8c0-6.4-6.4-12.8-12.8-12.8h-22.4c-6.4 0-12.8 6.4-12.8 12.8v134.4c0 6.4 6.4 12.8 12.8 12.8zM496 400H48V80c0-8.84-7.16-16-16-16H16C7.16 64 0 71.16 0 80v336c0 17.67 14.33 32 32 32h464c8.84 0 16-7.16 16-16v-16c0-8.84-7.16-16-16-16zm-387.2-48h22.4c6.4 0 12.8-6.4 12.8-12.8v-70.4c0-6.4-6.4-12.8-12.8-12.8h-22.4c-6.4 0-12.8 6.4-12.8 12.8v70.4c0 6.4 6.4 12.8 12.8 12.8z\" class=\"\"><\/path><\/svg><\/i> Vistas Totales&nbsp;57&nbsp;, Vistas Hoy&nbsp;57&nbsp;<\/p>\n<div class=\"pvc_clear\"><\/div>\n","protected":false},"author":2,"featured_media":29661,"comment_status":"closed","ping_status":"closed","sticky":false,"template":"","format":"standard","meta":{"footnotes":""},"categories":[19],"tags":[],"class_list":["post-29660","post","type-post","status-publish","format-standard","has-post-thumbnail","hentry","category-actualidad"],"yoast_head":"<!-- This site is optimized with the Yoast SEO plugin v25.2 - https:\/\/yoast.com\/wordpress\/plugins\/seo\/ -->\n<title>\u00bfEst\u00e1 Rep\u00fablica Dominicana preparada para la tormenta arancelaria global? | CREES<\/title>\n<meta name=\"robots\" content=\"index, follow, max-snippet:-1, max-image-preview:large, max-video-preview:-1\" \/>\n<link rel=\"canonical\" href=\"https:\/\/crees.org.do\/?p=29660\" \/>\n<meta property=\"og:locale\" content=\"es_ES\" \/>\n<meta property=\"og:type\" content=\"article\" \/>\n<meta property=\"og:title\" content=\"\u00bfEst\u00e1 Rep\u00fablica Dominicana preparada para la tormenta arancelaria global? | CREES\" \/>\n<meta property=\"og:description\" content=\"Autor: Katheryn Luna Fecha: 27 de abril de 2026 Extra\u00eddo de: Acento \u00bfEst\u00e1 Rep\u00fablica Dominicana preparada para la tormenta arancelaria global? La\u00a0Rep\u00fablica Dominicana\u00a0no es un actor de la\u00a0guerra comercial entre Estados Unidos y China.\u00a0Pero tampoco es un espectador neutral. Cada\u00a0arancel\u00a0que\u00a0Washington\u00a0impone a\u00a0Pek\u00edn,\u00a0cada represalia que Pek\u00edn devuelve, cada cadena de suministro que se rompe y se reensambla...\" \/>\n<meta property=\"og:url\" content=\"https:\/\/crees.org.do\/?p=29660\" \/>\n<meta property=\"og:site_name\" content=\"CREES\" \/>\n<meta property=\"article:publisher\" content=\"https:\/\/www.facebook.com\/CREESRD\/\" \/>\n<meta property=\"article:published_time\" content=\"2026-05-01T14:09:07+00:00\" \/>\n<meta property=\"og:image\" content=\"https:\/\/crees.org.do\/wp-content\/uploads\/2026\/05\/WhatsApp-Image-2026-04-24-at-10.23.39-AM-728x485-1.png\" \/>\n\t<meta property=\"og:image:width\" content=\"728\" \/>\n\t<meta property=\"og:image:height\" content=\"485\" \/>\n\t<meta property=\"og:image:type\" content=\"image\/png\" \/>\n<meta name=\"author\" content=\"Crees\" \/>\n<meta name=\"twitter:card\" content=\"summary_large_image\" \/>\n<meta name=\"twitter:creator\" content=\"@CREESRD\" \/>\n<meta name=\"twitter:site\" content=\"@CREESRD\" \/>\n<meta name=\"twitter:label1\" content=\"Escrito por\" \/>\n\t<meta name=\"twitter:data1\" content=\"Crees\" \/>\n\t<meta name=\"twitter:label2\" content=\"Tiempo de lectura\" \/>\n\t<meta name=\"twitter:data2\" content=\"8 minutos\" \/>\n<script type=\"application\/ld+json\" class=\"yoast-schema-graph\">{\"@context\":\"https:\/\/schema.org\",\"@graph\":[{\"@type\":\"Article\",\"@id\":\"https:\/\/crees.org.do\/?p=29660#article\",\"isPartOf\":{\"@id\":\"https:\/\/crees.org.do\/?p=29660\"},\"author\":{\"name\":\"Crees\",\"@id\":\"https:\/\/crees.org.do\/#\/schema\/person\/e7f97cd94d7bf9cd0e0ce30acb7d56b8\"},\"headline\":\"\u00bfEst\u00e1 Rep\u00fablica Dominicana preparada para la tormenta arancelaria global?\",\"datePublished\":\"2026-05-01T14:09:07+00:00\",\"mainEntityOfPage\":{\"@id\":\"https:\/\/crees.org.do\/?p=29660\"},\"wordCount\":1690,\"publisher\":{\"@id\":\"https:\/\/crees.org.do\/#organization\"},\"image\":{\"@id\":\"https:\/\/crees.org.do\/?p=29660#primaryimage\"},\"thumbnailUrl\":\"https:\/\/crees.org.do\/wp-content\/uploads\/2026\/05\/WhatsApp-Image-2026-04-24-at-10.23.39-AM-728x485-1.png\",\"articleSection\":[\"Actualidad\"],\"inLanguage\":\"es\"},{\"@type\":\"WebPage\",\"@id\":\"https:\/\/crees.org.do\/?p=29660\",\"url\":\"https:\/\/crees.org.do\/?p=29660\",\"name\":\"\u00bfEst\u00e1 Rep\u00fablica Dominicana preparada para la tormenta arancelaria global? | CREES\",\"isPartOf\":{\"@id\":\"https:\/\/crees.org.do\/#website\"},\"primaryImageOfPage\":{\"@id\":\"https:\/\/crees.org.do\/?p=29660#primaryimage\"},\"image\":{\"@id\":\"https:\/\/crees.org.do\/?p=29660#primaryimage\"},\"thumbnailUrl\":\"https:\/\/crees.org.do\/wp-content\/uploads\/2026\/05\/WhatsApp-Image-2026-04-24-at-10.23.39-AM-728x485-1.png\",\"datePublished\":\"2026-05-01T14:09:07+00:00\",\"breadcrumb\":{\"@id\":\"https:\/\/crees.org.do\/?p=29660#breadcrumb\"},\"inLanguage\":\"es\",\"potentialAction\":[{\"@type\":\"ReadAction\",\"target\":[\"https:\/\/crees.org.do\/?p=29660\"]}]},{\"@type\":\"ImageObject\",\"inLanguage\":\"es\",\"@id\":\"https:\/\/crees.org.do\/?p=29660#primaryimage\",\"url\":\"https:\/\/crees.org.do\/wp-content\/uploads\/2026\/05\/WhatsApp-Image-2026-04-24-at-10.23.39-AM-728x485-1.png\",\"contentUrl\":\"https:\/\/crees.org.do\/wp-content\/uploads\/2026\/05\/WhatsApp-Image-2026-04-24-at-10.23.39-AM-728x485-1.png\",\"width\":728,\"height\":485},{\"@type\":\"BreadcrumbList\",\"@id\":\"https:\/\/crees.org.do\/?p=29660#breadcrumb\",\"itemListElement\":[{\"@type\":\"ListItem\",\"position\":1,\"name\":\"Portada\",\"item\":\"https:\/\/crees.org.do\/\"},{\"@type\":\"ListItem\",\"position\":2,\"name\":\"\u00bfEst\u00e1 Rep\u00fablica Dominicana preparada para la tormenta arancelaria global?\"}]},{\"@type\":\"WebSite\",\"@id\":\"https:\/\/crees.org.do\/#website\",\"url\":\"https:\/\/crees.org.do\/\",\"name\":\"CREES\",\"description\":\"Centro Regional de Estrategias Econ\u00f3micas Sostenibles\",\"publisher\":{\"@id\":\"https:\/\/crees.org.do\/#organization\"},\"potentialAction\":[{\"@type\":\"SearchAction\",\"target\":{\"@type\":\"EntryPoint\",\"urlTemplate\":\"https:\/\/crees.org.do\/?s={search_term_string}\"},\"query-input\":{\"@type\":\"PropertyValueSpecification\",\"valueRequired\":true,\"valueName\":\"search_term_string\"}}],\"inLanguage\":\"es\"},{\"@type\":\"Organization\",\"@id\":\"https:\/\/crees.org.do\/#organization\",\"name\":\"CREES | Centro Regional de Estrategias Econ\u00f3micas Sostenibles\",\"url\":\"https:\/\/crees.org.do\/\",\"logo\":{\"@type\":\"ImageObject\",\"inLanguage\":\"es\",\"@id\":\"https:\/\/crees.org.do\/#\/schema\/logo\/image\/\",\"url\":\"https:\/\/crees.org.do\/wp-content\/uploads\/2022\/03\/crees-logo-1.jpg\",\"contentUrl\":\"https:\/\/crees.org.do\/wp-content\/uploads\/2022\/03\/crees-logo-1.jpg\",\"width\":244,\"height\":71,\"caption\":\"CREES | Centro Regional de Estrategias Econ\u00f3micas Sostenibles\"},\"image\":{\"@id\":\"https:\/\/crees.org.do\/#\/schema\/logo\/image\/\"},\"sameAs\":[\"https:\/\/www.facebook.com\/CREESRD\/\",\"https:\/\/x.com\/CREESRD\"]},{\"@type\":\"Person\",\"@id\":\"https:\/\/crees.org.do\/#\/schema\/person\/e7f97cd94d7bf9cd0e0ce30acb7d56b8\",\"name\":\"Crees\",\"image\":{\"@type\":\"ImageObject\",\"inLanguage\":\"es\",\"@id\":\"https:\/\/crees.org.do\/#\/schema\/person\/image\/\",\"url\":\"https:\/\/secure.gravatar.com\/avatar\/390ac8f0be5d9aa046152553e2dd7011b59a512d89c150f5e5f28bb8d9a0b165?s=96&d=mm&r=g\",\"contentUrl\":\"https:\/\/secure.gravatar.com\/avatar\/390ac8f0be5d9aa046152553e2dd7011b59a512d89c150f5e5f28bb8d9a0b165?s=96&d=mm&r=g\",\"caption\":\"Crees\"},\"url\":\"https:\/\/crees.org.do\/?author=2\"}]}<\/script>\n<!-- \/ Yoast SEO plugin. -->","yoast_head_json":{"title":"\u00bfEst\u00e1 Rep\u00fablica Dominicana preparada para la tormenta arancelaria global? | CREES","robots":{"index":"index","follow":"follow","max-snippet":"max-snippet:-1","max-image-preview":"max-image-preview:large","max-video-preview":"max-video-preview:-1"},"canonical":"https:\/\/crees.org.do\/?p=29660","og_locale":"es_ES","og_type":"article","og_title":"\u00bfEst\u00e1 Rep\u00fablica Dominicana preparada para la tormenta arancelaria global? | CREES","og_description":"Autor: Katheryn Luna Fecha: 27 de abril de 2026 Extra\u00eddo de: Acento \u00bfEst\u00e1 Rep\u00fablica Dominicana preparada para la tormenta arancelaria global? La\u00a0Rep\u00fablica Dominicana\u00a0no es un actor de la\u00a0guerra comercial entre Estados Unidos y China.\u00a0Pero tampoco es un espectador neutral. Cada\u00a0arancel\u00a0que\u00a0Washington\u00a0impone a\u00a0Pek\u00edn,\u00a0cada represalia que Pek\u00edn devuelve, cada cadena de suministro que se rompe y se reensambla...","og_url":"https:\/\/crees.org.do\/?p=29660","og_site_name":"CREES","article_publisher":"https:\/\/www.facebook.com\/CREESRD\/","article_published_time":"2026-05-01T14:09:07+00:00","og_image":[{"width":728,"height":485,"url":"https:\/\/crees.org.do\/wp-content\/uploads\/2026\/05\/WhatsApp-Image-2026-04-24-at-10.23.39-AM-728x485-1.png","type":"image\/png"}],"author":"Crees","twitter_card":"summary_large_image","twitter_creator":"@CREESRD","twitter_site":"@CREESRD","twitter_misc":{"Escrito por":"Crees","Tiempo de lectura":"8 minutos"},"schema":{"@context":"https:\/\/schema.org","@graph":[{"@type":"Article","@id":"https:\/\/crees.org.do\/?p=29660#article","isPartOf":{"@id":"https:\/\/crees.org.do\/?p=29660"},"author":{"name":"Crees","@id":"https:\/\/crees.org.do\/#\/schema\/person\/e7f97cd94d7bf9cd0e0ce30acb7d56b8"},"headline":"\u00bfEst\u00e1 Rep\u00fablica Dominicana preparada para la tormenta arancelaria global?","datePublished":"2026-05-01T14:09:07+00:00","mainEntityOfPage":{"@id":"https:\/\/crees.org.do\/?p=29660"},"wordCount":1690,"publisher":{"@id":"https:\/\/crees.org.do\/#organization"},"image":{"@id":"https:\/\/crees.org.do\/?p=29660#primaryimage"},"thumbnailUrl":"https:\/\/crees.org.do\/wp-content\/uploads\/2026\/05\/WhatsApp-Image-2026-04-24-at-10.23.39-AM-728x485-1.png","articleSection":["Actualidad"],"inLanguage":"es"},{"@type":"WebPage","@id":"https:\/\/crees.org.do\/?p=29660","url":"https:\/\/crees.org.do\/?p=29660","name":"\u00bfEst\u00e1 Rep\u00fablica Dominicana preparada para la tormenta arancelaria global? | CREES","isPartOf":{"@id":"https:\/\/crees.org.do\/#website"},"primaryImageOfPage":{"@id":"https:\/\/crees.org.do\/?p=29660#primaryimage"},"image":{"@id":"https:\/\/crees.org.do\/?p=29660#primaryimage"},"thumbnailUrl":"https:\/\/crees.org.do\/wp-content\/uploads\/2026\/05\/WhatsApp-Image-2026-04-24-at-10.23.39-AM-728x485-1.png","datePublished":"2026-05-01T14:09:07+00:00","breadcrumb":{"@id":"https:\/\/crees.org.do\/?p=29660#breadcrumb"},"inLanguage":"es","potentialAction":[{"@type":"ReadAction","target":["https:\/\/crees.org.do\/?p=29660"]}]},{"@type":"ImageObject","inLanguage":"es","@id":"https:\/\/crees.org.do\/?p=29660#primaryimage","url":"https:\/\/crees.org.do\/wp-content\/uploads\/2026\/05\/WhatsApp-Image-2026-04-24-at-10.23.39-AM-728x485-1.png","contentUrl":"https:\/\/crees.org.do\/wp-content\/uploads\/2026\/05\/WhatsApp-Image-2026-04-24-at-10.23.39-AM-728x485-1.png","width":728,"height":485},{"@type":"BreadcrumbList","@id":"https:\/\/crees.org.do\/?p=29660#breadcrumb","itemListElement":[{"@type":"ListItem","position":1,"name":"Portada","item":"https:\/\/crees.org.do\/"},{"@type":"ListItem","position":2,"name":"\u00bfEst\u00e1 Rep\u00fablica Dominicana preparada para la tormenta arancelaria global?"}]},{"@type":"WebSite","@id":"https:\/\/crees.org.do\/#website","url":"https:\/\/crees.org.do\/","name":"CREES","description":"Centro Regional de Estrategias Econ\u00f3micas Sostenibles","publisher":{"@id":"https:\/\/crees.org.do\/#organization"},"potentialAction":[{"@type":"SearchAction","target":{"@type":"EntryPoint","urlTemplate":"https:\/\/crees.org.do\/?s={search_term_string}"},"query-input":{"@type":"PropertyValueSpecification","valueRequired":true,"valueName":"search_term_string"}}],"inLanguage":"es"},{"@type":"Organization","@id":"https:\/\/crees.org.do\/#organization","name":"CREES | Centro Regional de Estrategias Econ\u00f3micas Sostenibles","url":"https:\/\/crees.org.do\/","logo":{"@type":"ImageObject","inLanguage":"es","@id":"https:\/\/crees.org.do\/#\/schema\/logo\/image\/","url":"https:\/\/crees.org.do\/wp-content\/uploads\/2022\/03\/crees-logo-1.jpg","contentUrl":"https:\/\/crees.org.do\/wp-content\/uploads\/2022\/03\/crees-logo-1.jpg","width":244,"height":71,"caption":"CREES | Centro Regional de Estrategias Econ\u00f3micas Sostenibles"},"image":{"@id":"https:\/\/crees.org.do\/#\/schema\/logo\/image\/"},"sameAs":["https:\/\/www.facebook.com\/CREESRD\/","https:\/\/x.com\/CREESRD"]},{"@type":"Person","@id":"https:\/\/crees.org.do\/#\/schema\/person\/e7f97cd94d7bf9cd0e0ce30acb7d56b8","name":"Crees","image":{"@type":"ImageObject","inLanguage":"es","@id":"https:\/\/crees.org.do\/#\/schema\/person\/image\/","url":"https:\/\/secure.gravatar.com\/avatar\/390ac8f0be5d9aa046152553e2dd7011b59a512d89c150f5e5f28bb8d9a0b165?s=96&d=mm&r=g","contentUrl":"https:\/\/secure.gravatar.com\/avatar\/390ac8f0be5d9aa046152553e2dd7011b59a512d89c150f5e5f28bb8d9a0b165?s=96&d=mm&r=g","caption":"Crees"},"url":"https:\/\/crees.org.do\/?author=2"}]}},"_links":{"self":[{"href":"https:\/\/crees.org.do\/index.php?rest_route=\/wp\/v2\/posts\/29660","targetHints":{"allow":["GET"]}}],"collection":[{"href":"https:\/\/crees.org.do\/index.php?rest_route=\/wp\/v2\/posts"}],"about":[{"href":"https:\/\/crees.org.do\/index.php?rest_route=\/wp\/v2\/types\/post"}],"author":[{"embeddable":true,"href":"https:\/\/crees.org.do\/index.php?rest_route=\/wp\/v2\/users\/2"}],"replies":[{"embeddable":true,"href":"https:\/\/crees.org.do\/index.php?rest_route=%2Fwp%2Fv2%2Fcomments&post=29660"}],"version-history":[{"count":1,"href":"https:\/\/crees.org.do\/index.php?rest_route=\/wp\/v2\/posts\/29660\/revisions"}],"predecessor-version":[{"id":29662,"href":"https:\/\/crees.org.do\/index.php?rest_route=\/wp\/v2\/posts\/29660\/revisions\/29662"}],"wp:featuredmedia":[{"embeddable":true,"href":"https:\/\/crees.org.do\/index.php?rest_route=\/wp\/v2\/media\/29661"}],"wp:attachment":[{"href":"https:\/\/crees.org.do\/index.php?rest_route=%2Fwp%2Fv2%2Fmedia&parent=29660"}],"wp:term":[{"taxonomy":"category","embeddable":true,"href":"https:\/\/crees.org.do\/index.php?rest_route=%2Fwp%2Fv2%2Fcategories&post=29660"},{"taxonomy":"post_tag","embeddable":true,"href":"https:\/\/crees.org.do\/index.php?rest_route=%2Fwp%2Fv2%2Ftags&post=29660"}],"curies":[{"name":"wp","href":"https:\/\/api.w.org\/{rel}","templated":true}]}}