{"id":30225,"date":"2026-09-03T15:34:53","date_gmt":"2026-09-03T15:34:53","guid":{"rendered":"https:\/\/crees.org.do\/?p=30225"},"modified":"2026-09-03T15:42:05","modified_gmt":"2026-09-03T15:42:05","slug":"los-costos-de-regular-el-trabajo","status":"publish","type":"post","link":"https:\/\/crees.org.do\/?p=30225","title":{"rendered":"Los costos de regular el trabajo"},"content":{"rendered":"<p style=\"text-align: justify;\">Autor: Miguel Collado Di Franco<\/p>\n<p><img fetchpriority=\"high\" decoding=\"async\" class=\"aligncenter wp-image-30226\" src=\"https:\/\/crees.org.do\/wp-content\/uploads\/2026\/09\/Grafico-costos-laborales-no-salariales-scaled.png\" alt=\"\" width=\"896\" height=\"896\" srcset=\"https:\/\/crees.org.do\/wp-content\/uploads\/2026\/09\/Grafico-costos-laborales-no-salariales-scaled.png 1200w, https:\/\/crees.org.do\/wp-content\/uploads\/2026\/09\/Grafico-costos-laborales-no-salariales-450x450.png 450w, https:\/\/crees.org.do\/wp-content\/uploads\/2026\/09\/Grafico-costos-laborales-no-salariales-2000x2000.png 2000w, https:\/\/crees.org.do\/wp-content\/uploads\/2026\/09\/Grafico-costos-laborales-no-salariales-150x150.png 150w, https:\/\/crees.org.do\/wp-content\/uploads\/2026\/09\/Grafico-costos-laborales-no-salariales-768x768.png 768w, https:\/\/crees.org.do\/wp-content\/uploads\/2026\/09\/Grafico-costos-laborales-no-salariales-500x500.png 500w, https:\/\/crees.org.do\/wp-content\/uploads\/2026\/09\/Grafico-costos-laborales-no-salariales-1536x1536.png 1536w, https:\/\/crees.org.do\/wp-content\/uploads\/2026\/09\/Grafico-costos-laborales-no-salariales-2048x2048.png 2048w\" sizes=\"(max-width: 896px) 100vw, 896px\" \/><\/p>\n<h2 style=\"text-align: justify;\"><strong>Los costos de regular el trabajo<\/strong><\/h2>\n<p style=\"text-align: justify;\">El proyecto de ley que modifica la Ley 16-92 de C\u00f3digo de Trabajo volvi\u00f3 al Congreso Nacional. La ley que regula todo el mercado laboral del pa\u00eds. De acuerdo con lo que se conoce, el proyecto presenta algunos avances, pero no los suficientes para poderla considerar una transformaci\u00f3n en beneficio neto del empleo y la productividad de la econom\u00eda. Si no se realizan modificaciones importantes, el conjunto de las regulaciones contenidas dentro del C\u00f3digo de Trabajo continuar\u00e1n entorpeciendo los acuerdos voluntarios entre empleados y empleadores. De igual forma, continuar\u00e1n manteniendo altos, con posibilidades de aumento, los costos laborales no salariales.<\/p>\n<p style=\"text-align: justify;\">La narrativa actual solo destaca beneficios para los trabajadores, omitiendo el costo real de contratarlos y las reducciones en producci\u00f3n que conlleva cumplir con la legislaci\u00f3n. Mientras a la opini\u00f3n p\u00fablica se le ofrece una parte del discurso en forma de ventajas, el emprendedor enfrenta la otra realidad: una contrataci\u00f3n costosa y restrictiva. Quien est\u00e1 en el mercado laboral buscando empleo comparte la otra cara de esa situaci\u00f3n: mayores dificultades para ser contratado sin que se contravenga la ley. Es decir, de manera formal.<\/p>\n<p style=\"text-align: justify;\">Lo que no se ve a simple vista deber\u00eda estar presente en las conversaciones o debates en torno a esta ley. Para evaluar los art\u00edculos del c\u00f3digo, el an\u00e1lisis debe partir de una pregunta general: \u00bfel objetivo de la legislaci\u00f3n es crear m\u00e1s empleos formales o mantener la alta informalidad laboral en la Rep\u00fablica Dominicana? Luego, se deben plantear varios cuestionamientos espec\u00edficos: \u00bfesta disposici\u00f3n abarata o encarece la contrataci\u00f3n formal?, \u00bfeleva los costos de cumplimiento para los emprendedores?, \u00bfaumenta los pasivos de las empresas?, \u00bfreduce su capacidad de invertir en capital para elevar la productividad laboral?, \u00bfaumenta o disminuye las posibilidades de acuerdos voluntarios entre las partes?, y \u00bffomenta regulaciones que hacen m\u00e1s complejos o que encarecen los contratos laborales? Con un ejercicio de este tipo, el articulado del proyecto ser\u00eda reducido y mejorar\u00eda el resultado. Incluso, aquellos elementos que se ha dicho que no se tocar\u00edan, como la cesant\u00eda, ser\u00edan modificados para beneficio real de los trabajadores.<\/p>\n<p style=\"text-align: justify;\">El c\u00f3digo de 1992 contiene las bases para el actual Consejo Nacional de Salarios (CNS). El \u00f3rgano encargado de determinar los salarios m\u00ednimos en el pa\u00eds. Pocas cosas distorsionan m\u00e1s la econom\u00eda que los controles, sean estos para topes o para pisos, de los precios. Establecer un precio m\u00ednimo de contrataci\u00f3n deja a muchos fuera del mercado formal, o de conseguir un empleo. El otro efecto que genera es elevar los costos de los bienes producidos.<\/p>\n<p style=\"text-align: justify;\">Pero los salarios m\u00ednimos siguen siendo una v\u00eda para tratar de solucionar varios problemas con la herramienta equivocada. En lugar de atacar factores que incrementan costos en la econom\u00eda, o que producen inflaci\u00f3n de precios, se recurre a crear una distorsi\u00f3n adicional. En vez de promover pol\u00edticas que incrementen la productividad y, en consecuencia, contribuyan a elevar los ingresos, se decretan los salarios.<\/p>\n<p style=\"text-align: justify;\">La cesant\u00eda es otra distorsi\u00f3n importante y otro freno a la formalidad laboral. Dos leyes, la 1-12 de Estrategia Nacional de Desarrollo 2030 y la 87-01 que crea el Sistema Dominicano de Seguridad Social, ordenan un mecanismo alternativo para la cesant\u00eda. Sin que se pierdan los derechos adquiridos de quienes se encuentran en el mercado laboral.<\/p>\n<p style=\"text-align: justify;\">La modificaci\u00f3n al C\u00f3digo de Trabajo no deber\u00eda desperdiciar la oportunidad de corregir una distorsi\u00f3n que dificulta la contrataci\u00f3n formal y crea un pasivo contingente que afecta el patrimonio de las empresas. Existen diferentes mecanismos que pueden ser alternativas mejores al sistema de cesant\u00eda. En Austria, Chile, Ecuador y Panam\u00e1, por citar ejemplos, existen modelos alternativos. El de Chile pudiera servir de modelo, con modificaciones para adaptarlo al pa\u00eds.<\/p>\n<p style=\"text-align: justify;\">Las regulaciones no suelen beneficiar a las partes involucradas. En este caso a empleados y emprendedores. El C\u00f3digo de Trabajo de la Rep\u00fablica Dominicana no es una excepci\u00f3n. La oportunidad de cambiarlo debe ser aprovechada.<\/p>\n<div class=\"pvc_clear\"><\/div>\n<p class=\"pvc_stats all \" data-element-id=\"30225\" style=\"\"><i class=\"pvc-stats-icon medium\" aria-hidden=\"true\"><svg aria-hidden=\"true\" focusable=\"false\" data-prefix=\"far\" data-icon=\"chart-bar\" role=\"img\" xmlns=\"http:\/\/www.w3.org\/2000\/svg\" viewBox=\"0 0 512 512\" class=\"svg-inline--fa fa-chart-bar fa-w-16 fa-2x\"><path fill=\"currentColor\" d=\"M396.8 352h22.4c6.4 0 12.8-6.4 12.8-12.8V108.8c0-6.4-6.4-12.8-12.8-12.8h-22.4c-6.4 0-12.8 6.4-12.8 12.8v230.4c0 6.4 6.4 12.8 12.8 12.8zm-192 0h22.4c6.4 0 12.8-6.4 12.8-12.8V140.8c0-6.4-6.4-12.8-12.8-12.8h-22.4c-6.4 0-12.8 6.4-12.8 12.8v198.4c0 6.4 6.4 12.8 12.8 12.8zm96 0h22.4c6.4 0 12.8-6.4 12.8-12.8V204.8c0-6.4-6.4-12.8-12.8-12.8h-22.4c-6.4 0-12.8 6.4-12.8 12.8v134.4c0 6.4 6.4 12.8 12.8 12.8zM496 400H48V80c0-8.84-7.16-16-16-16H16C7.16 64 0 71.16 0 80v336c0 17.67 14.33 32 32 32h464c8.84 0 16-7.16 16-16v-16c0-8.84-7.16-16-16-16zm-387.2-48h22.4c6.4 0 12.8-6.4 12.8-12.8v-70.4c0-6.4-6.4-12.8-12.8-12.8h-22.4c-6.4 0-12.8 6.4-12.8 12.8v70.4c0 6.4 6.4 12.8 12.8 12.8z\" class=\"\"><\/path><\/svg><\/i> Vistas Totales&nbsp;136&nbsp;, Vistas Hoy&nbsp;102&nbsp;<\/p>\n<div class=\"pvc_clear\"><\/div>\n","protected":false},"excerpt":{"rendered":"<p>Autor: Miguel Collado Di Franco Los costos de regular el trabajo El proyecto de ley que modifica la Ley 16-92 de C\u00f3digo de Trabajo volvi\u00f3 al Congreso Nacional. La ley que regula todo el mercado laboral del pa\u00eds. De acuerdo con lo que se conoce, el proyecto presenta algunos avances, pero no los suficientes para&#8230;<\/p>\n<div class=\"pvc_clear\"><\/div>\n<p class=\"pvc_stats all \" data-element-id=\"30225\" style=\"\"><i class=\"pvc-stats-icon medium\" aria-hidden=\"true\"><svg aria-hidden=\"true\" focusable=\"false\" data-prefix=\"far\" data-icon=\"chart-bar\" role=\"img\" xmlns=\"http:\/\/www.w3.org\/2000\/svg\" viewBox=\"0 0 512 512\" class=\"svg-inline--fa fa-chart-bar fa-w-16 fa-2x\"><path fill=\"currentColor\" d=\"M396.8 352h22.4c6.4 0 12.8-6.4 12.8-12.8V108.8c0-6.4-6.4-12.8-12.8-12.8h-22.4c-6.4 0-12.8 6.4-12.8 12.8v230.4c0 6.4 6.4 12.8 12.8 12.8zm-192 0h22.4c6.4 0 12.8-6.4 12.8-12.8V140.8c0-6.4-6.4-12.8-12.8-12.8h-22.4c-6.4 0-12.8 6.4-12.8 12.8v198.4c0 6.4 6.4 12.8 12.8 12.8zm96 0h22.4c6.4 0 12.8-6.4 12.8-12.8V204.8c0-6.4-6.4-12.8-12.8-12.8h-22.4c-6.4 0-12.8 6.4-12.8 12.8v134.4c0 6.4 6.4 12.8 12.8 12.8zM496 400H48V80c0-8.84-7.16-16-16-16H16C7.16 64 0 71.16 0 80v336c0 17.67 14.33 32 32 32h464c8.84 0 16-7.16 16-16v-16c0-8.84-7.16-16-16-16zm-387.2-48h22.4c6.4 0 12.8-6.4 12.8-12.8v-70.4c0-6.4-6.4-12.8-12.8-12.8h-22.4c-6.4 0-12.8 6.4-12.8 12.8v70.4c0 6.4 6.4 12.8 12.8 12.8z\" class=\"\"><\/path><\/svg><\/i> Vistas Totales&nbsp;136&nbsp;, Vistas Hoy&nbsp;102&nbsp;<\/p>\n<div class=\"pvc_clear\"><\/div>\n","protected":false},"author":2,"featured_media":30226,"comment_status":"closed","ping_status":"closed","sticky":false,"template":"","format":"standard","meta":{"footnotes":""},"categories":[22],"tags":[],"class_list":["post-30225","post","type-post","status-publish","format-standard","has-post-thumbnail","hentry","category-articulos"],"yoast_head":"<!-- This site is optimized with the Yoast SEO plugin v25.2 - https:\/\/yoast.com\/wordpress\/plugins\/seo\/ -->\n<title>Los costos de regular el trabajo | CREES<\/title>\n<meta name=\"robots\" content=\"index, follow, max-snippet:-1, max-image-preview:large, max-video-preview:-1\" \/>\n<link rel=\"canonical\" href=\"https:\/\/crees.org.do\/?p=30225\" \/>\n<meta property=\"og:locale\" content=\"es_ES\" \/>\n<meta property=\"og:type\" content=\"article\" \/>\n<meta property=\"og:title\" content=\"Los costos de regular el trabajo | CREES\" \/>\n<meta property=\"og:description\" content=\"Autor: Miguel Collado Di Franco Los costos de regular el trabajo El proyecto de ley que modifica la Ley 16-92 de C\u00f3digo de Trabajo volvi\u00f3 al Congreso Nacional. La ley que regula todo el mercado laboral del pa\u00eds. De acuerdo con lo que se conoce, el proyecto presenta algunos avances, pero no los suficientes para...\" \/>\n<meta property=\"og:url\" content=\"https:\/\/crees.org.do\/?p=30225\" \/>\n<meta property=\"og:site_name\" content=\"CREES\" \/>\n<meta property=\"article:publisher\" content=\"https:\/\/www.facebook.com\/CREESRD\/\" \/>\n<meta property=\"article:published_time\" content=\"2026-09-03T15:34:53+00:00\" \/>\n<meta property=\"article:modified_time\" content=\"2026-09-03T15:42:05+00:00\" \/>\n<meta property=\"og:image\" content=\"https:\/\/crees.org.do\/wp-content\/uploads\/2026\/09\/Grafico-costos-laborales-no-salariales-scaled.png\" \/>\n\t<meta property=\"og:image:width\" content=\"1200\" \/>\n\t<meta property=\"og:image:height\" content=\"1200\" \/>\n\t<meta property=\"og:image:type\" content=\"image\/png\" \/>\n<meta name=\"author\" content=\"Crees\" \/>\n<meta name=\"twitter:card\" content=\"summary_large_image\" \/>\n<meta name=\"twitter:creator\" content=\"@CREESRD\" \/>\n<meta name=\"twitter:site\" content=\"@CREESRD\" \/>\n<meta name=\"twitter:label1\" content=\"Escrito por\" \/>\n\t<meta name=\"twitter:data1\" content=\"Crees\" \/>\n\t<meta name=\"twitter:label2\" content=\"Tiempo de lectura\" \/>\n\t<meta name=\"twitter:data2\" content=\"4 minutos\" \/>\n<script type=\"application\/ld+json\" class=\"yoast-schema-graph\">{\"@context\":\"https:\/\/schema.org\",\"@graph\":[{\"@type\":\"Article\",\"@id\":\"https:\/\/crees.org.do\/?p=30225#article\",\"isPartOf\":{\"@id\":\"https:\/\/crees.org.do\/?p=30225\"},\"author\":{\"name\":\"Crees\",\"@id\":\"https:\/\/crees.org.do\/#\/schema\/person\/e7f97cd94d7bf9cd0e0ce30acb7d56b8\"},\"headline\":\"Los costos de regular el trabajo\",\"datePublished\":\"2026-09-03T15:34:53+00:00\",\"dateModified\":\"2026-09-03T15:42:05+00:00\",\"mainEntityOfPage\":{\"@id\":\"https:\/\/crees.org.do\/?p=30225\"},\"wordCount\":711,\"publisher\":{\"@id\":\"https:\/\/crees.org.do\/#organization\"},\"image\":{\"@id\":\"https:\/\/crees.org.do\/?p=30225#primaryimage\"},\"thumbnailUrl\":\"https:\/\/crees.org.do\/wp-content\/uploads\/2026\/09\/Grafico-costos-laborales-no-salariales-scaled.png\",\"articleSection\":[\"Art\u00edculos\"],\"inLanguage\":\"es\"},{\"@type\":\"WebPage\",\"@id\":\"https:\/\/crees.org.do\/?p=30225\",\"url\":\"https:\/\/crees.org.do\/?p=30225\",\"name\":\"Los costos de regular el trabajo | CREES\",\"isPartOf\":{\"@id\":\"https:\/\/crees.org.do\/#website\"},\"primaryImageOfPage\":{\"@id\":\"https:\/\/crees.org.do\/?p=30225#primaryimage\"},\"image\":{\"@id\":\"https:\/\/crees.org.do\/?p=30225#primaryimage\"},\"thumbnailUrl\":\"https:\/\/crees.org.do\/wp-content\/uploads\/2026\/09\/Grafico-costos-laborales-no-salariales-scaled.png\",\"datePublished\":\"2026-09-03T15:34:53+00:00\",\"dateModified\":\"2026-09-03T15:42:05+00:00\",\"breadcrumb\":{\"@id\":\"https:\/\/crees.org.do\/?p=30225#breadcrumb\"},\"inLanguage\":\"es\",\"potentialAction\":[{\"@type\":\"ReadAction\",\"target\":[\"https:\/\/crees.org.do\/?p=30225\"]}]},{\"@type\":\"ImageObject\",\"inLanguage\":\"es\",\"@id\":\"https:\/\/crees.org.do\/?p=30225#primaryimage\",\"url\":\"https:\/\/crees.org.do\/wp-content\/uploads\/2026\/09\/Grafico-costos-laborales-no-salariales-scaled.png\",\"contentUrl\":\"https:\/\/crees.org.do\/wp-content\/uploads\/2026\/09\/Grafico-costos-laborales-no-salariales-scaled.png\",\"width\":1200,\"height\":1200},{\"@type\":\"BreadcrumbList\",\"@id\":\"https:\/\/crees.org.do\/?p=30225#breadcrumb\",\"itemListElement\":[{\"@type\":\"ListItem\",\"position\":1,\"name\":\"Portada\",\"item\":\"https:\/\/crees.org.do\/\"},{\"@type\":\"ListItem\",\"position\":2,\"name\":\"Los costos de regular el trabajo\"}]},{\"@type\":\"WebSite\",\"@id\":\"https:\/\/crees.org.do\/#website\",\"url\":\"https:\/\/crees.org.do\/\",\"name\":\"CREES\",\"description\":\"Centro Regional de Estrategias Econ\u00f3micas Sostenibles\",\"publisher\":{\"@id\":\"https:\/\/crees.org.do\/#organization\"},\"potentialAction\":[{\"@type\":\"SearchAction\",\"target\":{\"@type\":\"EntryPoint\",\"urlTemplate\":\"https:\/\/crees.org.do\/?s={search_term_string}\"},\"query-input\":{\"@type\":\"PropertyValueSpecification\",\"valueRequired\":true,\"valueName\":\"search_term_string\"}}],\"inLanguage\":\"es\"},{\"@type\":\"Organization\",\"@id\":\"https:\/\/crees.org.do\/#organization\",\"name\":\"CREES | Centro Regional de Estrategias Econ\u00f3micas Sostenibles\",\"url\":\"https:\/\/crees.org.do\/\",\"logo\":{\"@type\":\"ImageObject\",\"inLanguage\":\"es\",\"@id\":\"https:\/\/crees.org.do\/#\/schema\/logo\/image\/\",\"url\":\"https:\/\/crees.org.do\/wp-content\/uploads\/2022\/03\/crees-logo-1.jpg\",\"contentUrl\":\"https:\/\/crees.org.do\/wp-content\/uploads\/2022\/03\/crees-logo-1.jpg\",\"width\":244,\"height\":71,\"caption\":\"CREES | Centro Regional de Estrategias Econ\u00f3micas Sostenibles\"},\"image\":{\"@id\":\"https:\/\/crees.org.do\/#\/schema\/logo\/image\/\"},\"sameAs\":[\"https:\/\/www.facebook.com\/CREESRD\/\",\"https:\/\/x.com\/CREESRD\"]},{\"@type\":\"Person\",\"@id\":\"https:\/\/crees.org.do\/#\/schema\/person\/e7f97cd94d7bf9cd0e0ce30acb7d56b8\",\"name\":\"Crees\",\"image\":{\"@type\":\"ImageObject\",\"inLanguage\":\"es\",\"@id\":\"https:\/\/crees.org.do\/#\/schema\/person\/image\/\",\"url\":\"https:\/\/secure.gravatar.com\/avatar\/390ac8f0be5d9aa046152553e2dd7011b59a512d89c150f5e5f28bb8d9a0b165?s=96&d=mm&r=g\",\"contentUrl\":\"https:\/\/secure.gravatar.com\/avatar\/390ac8f0be5d9aa046152553e2dd7011b59a512d89c150f5e5f28bb8d9a0b165?s=96&d=mm&r=g\",\"caption\":\"Crees\"},\"url\":\"https:\/\/crees.org.do\/?author=2\"}]}<\/script>\n<!-- \/ Yoast SEO plugin. -->","yoast_head_json":{"title":"Los costos de regular el trabajo | CREES","robots":{"index":"index","follow":"follow","max-snippet":"max-snippet:-1","max-image-preview":"max-image-preview:large","max-video-preview":"max-video-preview:-1"},"canonical":"https:\/\/crees.org.do\/?p=30225","og_locale":"es_ES","og_type":"article","og_title":"Los costos de regular el trabajo | CREES","og_description":"Autor: Miguel Collado Di Franco Los costos de regular el trabajo El proyecto de ley que modifica la Ley 16-92 de C\u00f3digo de Trabajo volvi\u00f3 al Congreso Nacional. La ley que regula todo el mercado laboral del pa\u00eds. De acuerdo con lo que se conoce, el proyecto presenta algunos avances, pero no los suficientes para...","og_url":"https:\/\/crees.org.do\/?p=30225","og_site_name":"CREES","article_publisher":"https:\/\/www.facebook.com\/CREESRD\/","article_published_time":"2026-09-03T15:34:53+00:00","article_modified_time":"2026-09-03T15:42:05+00:00","og_image":[{"width":1200,"height":1200,"url":"https:\/\/crees.org.do\/wp-content\/uploads\/2026\/09\/Grafico-costos-laborales-no-salariales-scaled.png","type":"image\/png"}],"author":"Crees","twitter_card":"summary_large_image","twitter_creator":"@CREESRD","twitter_site":"@CREESRD","twitter_misc":{"Escrito por":"Crees","Tiempo de lectura":"4 minutos"},"schema":{"@context":"https:\/\/schema.org","@graph":[{"@type":"Article","@id":"https:\/\/crees.org.do\/?p=30225#article","isPartOf":{"@id":"https:\/\/crees.org.do\/?p=30225"},"author":{"name":"Crees","@id":"https:\/\/crees.org.do\/#\/schema\/person\/e7f97cd94d7bf9cd0e0ce30acb7d56b8"},"headline":"Los costos de regular el trabajo","datePublished":"2026-09-03T15:34:53+00:00","dateModified":"2026-09-03T15:42:05+00:00","mainEntityOfPage":{"@id":"https:\/\/crees.org.do\/?p=30225"},"wordCount":711,"publisher":{"@id":"https:\/\/crees.org.do\/#organization"},"image":{"@id":"https:\/\/crees.org.do\/?p=30225#primaryimage"},"thumbnailUrl":"https:\/\/crees.org.do\/wp-content\/uploads\/2026\/09\/Grafico-costos-laborales-no-salariales-scaled.png","articleSection":["Art\u00edculos"],"inLanguage":"es"},{"@type":"WebPage","@id":"https:\/\/crees.org.do\/?p=30225","url":"https:\/\/crees.org.do\/?p=30225","name":"Los costos de regular el trabajo | CREES","isPartOf":{"@id":"https:\/\/crees.org.do\/#website"},"primaryImageOfPage":{"@id":"https:\/\/crees.org.do\/?p=30225#primaryimage"},"image":{"@id":"https:\/\/crees.org.do\/?p=30225#primaryimage"},"thumbnailUrl":"https:\/\/crees.org.do\/wp-content\/uploads\/2026\/09\/Grafico-costos-laborales-no-salariales-scaled.png","datePublished":"2026-09-03T15:34:53+00:00","dateModified":"2026-09-03T15:42:05+00:00","breadcrumb":{"@id":"https:\/\/crees.org.do\/?p=30225#breadcrumb"},"inLanguage":"es","potentialAction":[{"@type":"ReadAction","target":["https:\/\/crees.org.do\/?p=30225"]}]},{"@type":"ImageObject","inLanguage":"es","@id":"https:\/\/crees.org.do\/?p=30225#primaryimage","url":"https:\/\/crees.org.do\/wp-content\/uploads\/2026\/09\/Grafico-costos-laborales-no-salariales-scaled.png","contentUrl":"https:\/\/crees.org.do\/wp-content\/uploads\/2026\/09\/Grafico-costos-laborales-no-salariales-scaled.png","width":1200,"height":1200},{"@type":"BreadcrumbList","@id":"https:\/\/crees.org.do\/?p=30225#breadcrumb","itemListElement":[{"@type":"ListItem","position":1,"name":"Portada","item":"https:\/\/crees.org.do\/"},{"@type":"ListItem","position":2,"name":"Los costos de regular el trabajo"}]},{"@type":"WebSite","@id":"https:\/\/crees.org.do\/#website","url":"https:\/\/crees.org.do\/","name":"CREES","description":"Centro Regional de Estrategias Econ\u00f3micas Sostenibles","publisher":{"@id":"https:\/\/crees.org.do\/#organization"},"potentialAction":[{"@type":"SearchAction","target":{"@type":"EntryPoint","urlTemplate":"https:\/\/crees.org.do\/?s={search_term_string}"},"query-input":{"@type":"PropertyValueSpecification","valueRequired":true,"valueName":"search_term_string"}}],"inLanguage":"es"},{"@type":"Organization","@id":"https:\/\/crees.org.do\/#organization","name":"CREES | Centro Regional de Estrategias Econ\u00f3micas Sostenibles","url":"https:\/\/crees.org.do\/","logo":{"@type":"ImageObject","inLanguage":"es","@id":"https:\/\/crees.org.do\/#\/schema\/logo\/image\/","url":"https:\/\/crees.org.do\/wp-content\/uploads\/2022\/03\/crees-logo-1.jpg","contentUrl":"https:\/\/crees.org.do\/wp-content\/uploads\/2022\/03\/crees-logo-1.jpg","width":244,"height":71,"caption":"CREES | Centro Regional de Estrategias Econ\u00f3micas Sostenibles"},"image":{"@id":"https:\/\/crees.org.do\/#\/schema\/logo\/image\/"},"sameAs":["https:\/\/www.facebook.com\/CREESRD\/","https:\/\/x.com\/CREESRD"]},{"@type":"Person","@id":"https:\/\/crees.org.do\/#\/schema\/person\/e7f97cd94d7bf9cd0e0ce30acb7d56b8","name":"Crees","image":{"@type":"ImageObject","inLanguage":"es","@id":"https:\/\/crees.org.do\/#\/schema\/person\/image\/","url":"https:\/\/secure.gravatar.com\/avatar\/390ac8f0be5d9aa046152553e2dd7011b59a512d89c150f5e5f28bb8d9a0b165?s=96&d=mm&r=g","contentUrl":"https:\/\/secure.gravatar.com\/avatar\/390ac8f0be5d9aa046152553e2dd7011b59a512d89c150f5e5f28bb8d9a0b165?s=96&d=mm&r=g","caption":"Crees"},"url":"https:\/\/crees.org.do\/?author=2"}]}},"_links":{"self":[{"href":"https:\/\/crees.org.do\/index.php?rest_route=\/wp\/v2\/posts\/30225","targetHints":{"allow":["GET"]}}],"collection":[{"href":"https:\/\/crees.org.do\/index.php?rest_route=\/wp\/v2\/posts"}],"about":[{"href":"https:\/\/crees.org.do\/index.php?rest_route=\/wp\/v2\/types\/post"}],"author":[{"embeddable":true,"href":"https:\/\/crees.org.do\/index.php?rest_route=\/wp\/v2\/users\/2"}],"replies":[{"embeddable":true,"href":"https:\/\/crees.org.do\/index.php?rest_route=%2Fwp%2Fv2%2Fcomments&post=30225"}],"version-history":[{"count":1,"href":"https:\/\/crees.org.do\/index.php?rest_route=\/wp\/v2\/posts\/30225\/revisions"}],"predecessor-version":[{"id":30227,"href":"https:\/\/crees.org.do\/index.php?rest_route=\/wp\/v2\/posts\/30225\/revisions\/30227"}],"wp:featuredmedia":[{"embeddable":true,"href":"https:\/\/crees.org.do\/index.php?rest_route=\/wp\/v2\/media\/30226"}],"wp:attachment":[{"href":"https:\/\/crees.org.do\/index.php?rest_route=%2Fwp%2Fv2%2Fmedia&parent=30225"}],"wp:term":[{"taxonomy":"category","embeddable":true,"href":"https:\/\/crees.org.do\/index.php?rest_route=%2Fwp%2Fv2%2Fcategories&post=30225"},{"taxonomy":"post_tag","embeddable":true,"href":"https:\/\/crees.org.do\/index.php?rest_route=%2Fwp%2Fv2%2Ftags&post=30225"}],"curies":[{"name":"wp","href":"https:\/\/api.w.org\/{rel}","templated":true}]}}