{"id":30228,"date":"2026-09-03T15:40:07","date_gmt":"2026-09-03T15:40:07","guid":{"rendered":"https:\/\/crees.org.do\/?p=30228"},"modified":"2026-09-03T15:40:44","modified_gmt":"2026-09-03T15:40:44","slug":"rd-ocupa-el-cuarto-lugar-regional-en-gasto-legislativo-por-habitante","status":"publish","type":"post","link":"https:\/\/crees.org.do\/?p=30228","title":{"rendered":"RD ocupa el cuarto lugar regional en gasto legislativo por habitante"},"content":{"rendered":"<h2><img fetchpriority=\"high\" decoding=\"async\" class=\"aligncenter wp-image-30229\" src=\"https:\/\/crees.org.do\/wp-content\/uploads\/2026\/09\/Gasto-de-legisladores-por-habitante-scaled.png\" alt=\"\" width=\"896\" height=\"896\" srcset=\"https:\/\/crees.org.do\/wp-content\/uploads\/2026\/09\/Gasto-de-legisladores-por-habitante-scaled.png 1200w, https:\/\/crees.org.do\/wp-content\/uploads\/2026\/09\/Gasto-de-legisladores-por-habitante-450x450.png 450w, https:\/\/crees.org.do\/wp-content\/uploads\/2026\/09\/Gasto-de-legisladores-por-habitante-2000x2000.png 2000w, https:\/\/crees.org.do\/wp-content\/uploads\/2026\/09\/Gasto-de-legisladores-por-habitante-150x150.png 150w, https:\/\/crees.org.do\/wp-content\/uploads\/2026\/09\/Gasto-de-legisladores-por-habitante-768x768.png 768w, https:\/\/crees.org.do\/wp-content\/uploads\/2026\/09\/Gasto-de-legisladores-por-habitante-500x500.png 500w, https:\/\/crees.org.do\/wp-content\/uploads\/2026\/09\/Gasto-de-legisladores-por-habitante-1536x1536.png 1536w, https:\/\/crees.org.do\/wp-content\/uploads\/2026\/09\/Gasto-de-legisladores-por-habitante-2048x2048.png 2048w\" sizes=\"(max-width: 896px) 100vw, 896px\" \/><\/h2>\n<h2 style=\"text-align: justify;\"><strong>RD ocupa el cuarto lugar regional en gasto legislativo por habitante<\/strong><\/h2>\n<p style=\"text-align: justify;\">La Rep\u00fablica Dominicana ocupa el cuarto puesto entre 17 pa\u00edses de Am\u00e9rica Latina en gasto legislativo por habitante. En 2025, el Poder Legislativo dominicano tuvo un costo de US$13.9 por habitante, superior al promedio regional de US$13.2.<\/p>\n<p style=\"text-align: justify;\">Por encima de Rep\u00fablica Dominicana se encuentran Uruguay, con un gasto de US$54.0 por habitante; Panam\u00e1, con US$33.2 y Costa Rica, con US$28.9. El pa\u00eds tambi\u00e9n se sit\u00faa por encima del promedio regional de US$13.2 por habitante, ubic\u00e1ndose entre los pa\u00edses con mayor gasto legislativo por habitante de la comparaci\u00f3n.<\/p>\n<p style=\"text-align: justify;\">En 2025, el gasto ejecutado del Poder Legislativo dominicano ascendi\u00f3 a RD$9,934.9 millones. De este monto, RD$6,646.4 millones, equivalentes al 66.9%, correspondieron a la C\u00e1mara de Diputados, mientras RD$3,288.5 millones, el 33.1%, fueron ejecutados por el Senado.<\/p>\n<p style=\"text-align: justify;\">Del gasto ejecutado por el Poder Legislativo en 2025, el 93.3% se concentr\u00f3 en tres grandes categor\u00edas: remuneraciones y contribuciones, que representaron el 59.2% e incluyen gastos como sueldos, sobresueldos, dietas y gastos de representaci\u00f3n, gratificaciones y bonificaciones y contribuciones a la seguridad social; bienes y servicios, con el 24.4%, que comprende partidas como publicidad, seguros, eventos, vi\u00e1ticos y combustibles; y transferencias al sector privado, con el 9.7%, destinadas principalmente a ayudas y donaciones a personas.<\/p>\n<p style=\"text-align: justify;\">Los recursos destinados al Poder Legislativo provienen de los ciudadanos y tienen un costo de oportunidad. Una mayor cantidad de legisladores o un mayor presupuesto no se traducen necesariamente en una mejor representaci\u00f3n ni en legislaci\u00f3n de mayor calidad. Lo relevante es que los recursos utilizados respondan a las funciones propias de la instituci\u00f3n y generen resultados que justifiquen el costo asumido por los contribuyentes.<\/p>\n<div class=\"pvc_clear\"><\/div>\n<p class=\"pvc_stats all \" data-element-id=\"30228\" style=\"\"><i class=\"pvc-stats-icon medium\" aria-hidden=\"true\"><svg aria-hidden=\"true\" focusable=\"false\" data-prefix=\"far\" data-icon=\"chart-bar\" role=\"img\" xmlns=\"http:\/\/www.w3.org\/2000\/svg\" viewBox=\"0 0 512 512\" class=\"svg-inline--fa fa-chart-bar fa-w-16 fa-2x\"><path fill=\"currentColor\" d=\"M396.8 352h22.4c6.4 0 12.8-6.4 12.8-12.8V108.8c0-6.4-6.4-12.8-12.8-12.8h-22.4c-6.4 0-12.8 6.4-12.8 12.8v230.4c0 6.4 6.4 12.8 12.8 12.8zm-192 0h22.4c6.4 0 12.8-6.4 12.8-12.8V140.8c0-6.4-6.4-12.8-12.8-12.8h-22.4c-6.4 0-12.8 6.4-12.8 12.8v198.4c0 6.4 6.4 12.8 12.8 12.8zm96 0h22.4c6.4 0 12.8-6.4 12.8-12.8V204.8c0-6.4-6.4-12.8-12.8-12.8h-22.4c-6.4 0-12.8 6.4-12.8 12.8v134.4c0 6.4 6.4 12.8 12.8 12.8zM496 400H48V80c0-8.84-7.16-16-16-16H16C7.16 64 0 71.16 0 80v336c0 17.67 14.33 32 32 32h464c8.84 0 16-7.16 16-16v-16c0-8.84-7.16-16-16-16zm-387.2-48h22.4c6.4 0 12.8-6.4 12.8-12.8v-70.4c0-6.4-6.4-12.8-12.8-12.8h-22.4c-6.4 0-12.8 6.4-12.8 12.8v70.4c0 6.4 6.4 12.8 12.8 12.8z\" class=\"\"><\/path><\/svg><\/i> Vistas Totales&nbsp;8&nbsp;, Vistas Hoy&nbsp;8&nbsp;<\/p>\n<div class=\"pvc_clear\"><\/div>\n","protected":false},"excerpt":{"rendered":"<p>RD ocupa el cuarto lugar regional en gasto legislativo por habitante La Rep\u00fablica Dominicana ocupa el cuarto puesto entre 17 pa\u00edses de Am\u00e9rica Latina en gasto legislativo por habitante. En 2025, el Poder Legislativo dominicano tuvo un costo de US$13.9 por habitante, superior al promedio regional de US$13.2. Por encima de Rep\u00fablica Dominicana se encuentran&#8230;<\/p>\n<div class=\"pvc_clear\"><\/div>\n<p class=\"pvc_stats all \" data-element-id=\"30228\" style=\"\"><i class=\"pvc-stats-icon medium\" aria-hidden=\"true\"><svg aria-hidden=\"true\" focusable=\"false\" data-prefix=\"far\" data-icon=\"chart-bar\" role=\"img\" xmlns=\"http:\/\/www.w3.org\/2000\/svg\" viewBox=\"0 0 512 512\" class=\"svg-inline--fa fa-chart-bar fa-w-16 fa-2x\"><path fill=\"currentColor\" d=\"M396.8 352h22.4c6.4 0 12.8-6.4 12.8-12.8V108.8c0-6.4-6.4-12.8-12.8-12.8h-22.4c-6.4 0-12.8 6.4-12.8 12.8v230.4c0 6.4 6.4 12.8 12.8 12.8zm-192 0h22.4c6.4 0 12.8-6.4 12.8-12.8V140.8c0-6.4-6.4-12.8-12.8-12.8h-22.4c-6.4 0-12.8 6.4-12.8 12.8v198.4c0 6.4 6.4 12.8 12.8 12.8zm96 0h22.4c6.4 0 12.8-6.4 12.8-12.8V204.8c0-6.4-6.4-12.8-12.8-12.8h-22.4c-6.4 0-12.8 6.4-12.8 12.8v134.4c0 6.4 6.4 12.8 12.8 12.8zM496 400H48V80c0-8.84-7.16-16-16-16H16C7.16 64 0 71.16 0 80v336c0 17.67 14.33 32 32 32h464c8.84 0 16-7.16 16-16v-16c0-8.84-7.16-16-16-16zm-387.2-48h22.4c6.4 0 12.8-6.4 12.8-12.8v-70.4c0-6.4-6.4-12.8-12.8-12.8h-22.4c-6.4 0-12.8 6.4-12.8 12.8v70.4c0 6.4 6.4 12.8 12.8 12.8z\" class=\"\"><\/path><\/svg><\/i> Vistas Totales&nbsp;8&nbsp;, Vistas Hoy&nbsp;8&nbsp;<\/p>\n<div class=\"pvc_clear\"><\/div>\n","protected":false},"author":2,"featured_media":30229,"comment_status":"closed","ping_status":"closed","sticky":false,"template":"","format":"standard","meta":{"footnotes":""},"categories":[21],"tags":[],"class_list":["post-30228","post","type-post","status-publish","format-standard","has-post-thumbnail","hentry","category-blog"],"yoast_head":"<!-- This site is optimized with the Yoast SEO plugin v25.2 - https:\/\/yoast.com\/wordpress\/plugins\/seo\/ -->\n<title>RD ocupa el cuarto lugar regional en gasto legislativo por habitante | CREES<\/title>\n<meta name=\"robots\" content=\"index, follow, max-snippet:-1, max-image-preview:large, max-video-preview:-1\" \/>\n<link rel=\"canonical\" href=\"https:\/\/crees.org.do\/?p=30228\" \/>\n<meta property=\"og:locale\" content=\"es_ES\" \/>\n<meta property=\"og:type\" content=\"article\" \/>\n<meta property=\"og:title\" content=\"RD ocupa el cuarto lugar regional en gasto legislativo por habitante | CREES\" \/>\n<meta property=\"og:description\" content=\"RD ocupa el cuarto lugar regional en gasto legislativo por habitante La Rep\u00fablica Dominicana ocupa el cuarto puesto entre 17 pa\u00edses de Am\u00e9rica Latina en gasto legislativo por habitante. En 2025, el Poder Legislativo dominicano tuvo un costo de US$13.9 por habitante, superior al promedio regional de US$13.2. Por encima de Rep\u00fablica Dominicana se encuentran...\" \/>\n<meta property=\"og:url\" content=\"https:\/\/crees.org.do\/?p=30228\" \/>\n<meta property=\"og:site_name\" content=\"CREES\" \/>\n<meta property=\"article:publisher\" content=\"https:\/\/www.facebook.com\/CREESRD\/\" \/>\n<meta property=\"article:published_time\" content=\"2026-09-03T15:40:07+00:00\" \/>\n<meta property=\"article:modified_time\" content=\"2026-09-03T15:40:44+00:00\" \/>\n<meta property=\"og:image\" content=\"https:\/\/crees.org.do\/wp-content\/uploads\/2026\/09\/Gasto-de-legisladores-por-habitante-scaled.png\" \/>\n\t<meta property=\"og:image:width\" content=\"1200\" \/>\n\t<meta property=\"og:image:height\" content=\"1200\" \/>\n\t<meta property=\"og:image:type\" content=\"image\/png\" \/>\n<meta name=\"author\" content=\"Crees\" \/>\n<meta name=\"twitter:card\" content=\"summary_large_image\" \/>\n<meta name=\"twitter:creator\" content=\"@CREESRD\" \/>\n<meta name=\"twitter:site\" content=\"@CREESRD\" \/>\n<meta name=\"twitter:label1\" content=\"Escrito por\" \/>\n\t<meta name=\"twitter:data1\" content=\"Crees\" \/>\n\t<meta name=\"twitter:label2\" content=\"Tiempo de lectura\" \/>\n\t<meta name=\"twitter:data2\" content=\"1 minuto\" \/>\n<script type=\"application\/ld+json\" class=\"yoast-schema-graph\">{\"@context\":\"https:\/\/schema.org\",\"@graph\":[{\"@type\":\"Article\",\"@id\":\"https:\/\/crees.org.do\/?p=30228#article\",\"isPartOf\":{\"@id\":\"https:\/\/crees.org.do\/?p=30228\"},\"author\":{\"name\":\"Crees\",\"@id\":\"https:\/\/crees.org.do\/#\/schema\/person\/e7f97cd94d7bf9cd0e0ce30acb7d56b8\"},\"headline\":\"RD ocupa el cuarto lugar regional en gasto legislativo por habitante\",\"datePublished\":\"2026-09-03T15:40:07+00:00\",\"dateModified\":\"2026-09-03T15:40:44+00:00\",\"mainEntityOfPage\":{\"@id\":\"https:\/\/crees.org.do\/?p=30228\"},\"wordCount\":294,\"publisher\":{\"@id\":\"https:\/\/crees.org.do\/#organization\"},\"image\":{\"@id\":\"https:\/\/crees.org.do\/?p=30228#primaryimage\"},\"thumbnailUrl\":\"https:\/\/crees.org.do\/wp-content\/uploads\/2026\/09\/Gasto-de-legisladores-por-habitante-scaled.png\",\"articleSection\":[\"Blog\"],\"inLanguage\":\"es\"},{\"@type\":\"WebPage\",\"@id\":\"https:\/\/crees.org.do\/?p=30228\",\"url\":\"https:\/\/crees.org.do\/?p=30228\",\"name\":\"RD ocupa el cuarto lugar regional en gasto legislativo por habitante | CREES\",\"isPartOf\":{\"@id\":\"https:\/\/crees.org.do\/#website\"},\"primaryImageOfPage\":{\"@id\":\"https:\/\/crees.org.do\/?p=30228#primaryimage\"},\"image\":{\"@id\":\"https:\/\/crees.org.do\/?p=30228#primaryimage\"},\"thumbnailUrl\":\"https:\/\/crees.org.do\/wp-content\/uploads\/2026\/09\/Gasto-de-legisladores-por-habitante-scaled.png\",\"datePublished\":\"2026-09-03T15:40:07+00:00\",\"dateModified\":\"2026-09-03T15:40:44+00:00\",\"breadcrumb\":{\"@id\":\"https:\/\/crees.org.do\/?p=30228#breadcrumb\"},\"inLanguage\":\"es\",\"potentialAction\":[{\"@type\":\"ReadAction\",\"target\":[\"https:\/\/crees.org.do\/?p=30228\"]}]},{\"@type\":\"ImageObject\",\"inLanguage\":\"es\",\"@id\":\"https:\/\/crees.org.do\/?p=30228#primaryimage\",\"url\":\"https:\/\/crees.org.do\/wp-content\/uploads\/2026\/09\/Gasto-de-legisladores-por-habitante-scaled.png\",\"contentUrl\":\"https:\/\/crees.org.do\/wp-content\/uploads\/2026\/09\/Gasto-de-legisladores-por-habitante-scaled.png\",\"width\":1200,\"height\":1200},{\"@type\":\"BreadcrumbList\",\"@id\":\"https:\/\/crees.org.do\/?p=30228#breadcrumb\",\"itemListElement\":[{\"@type\":\"ListItem\",\"position\":1,\"name\":\"Portada\",\"item\":\"https:\/\/crees.org.do\/\"},{\"@type\":\"ListItem\",\"position\":2,\"name\":\"RD ocupa el cuarto lugar regional en gasto legislativo por habitante\"}]},{\"@type\":\"WebSite\",\"@id\":\"https:\/\/crees.org.do\/#website\",\"url\":\"https:\/\/crees.org.do\/\",\"name\":\"CREES\",\"description\":\"Centro Regional de Estrategias Econ\u00f3micas Sostenibles\",\"publisher\":{\"@id\":\"https:\/\/crees.org.do\/#organization\"},\"potentialAction\":[{\"@type\":\"SearchAction\",\"target\":{\"@type\":\"EntryPoint\",\"urlTemplate\":\"https:\/\/crees.org.do\/?s={search_term_string}\"},\"query-input\":{\"@type\":\"PropertyValueSpecification\",\"valueRequired\":true,\"valueName\":\"search_term_string\"}}],\"inLanguage\":\"es\"},{\"@type\":\"Organization\",\"@id\":\"https:\/\/crees.org.do\/#organization\",\"name\":\"CREES | Centro Regional de Estrategias Econ\u00f3micas Sostenibles\",\"url\":\"https:\/\/crees.org.do\/\",\"logo\":{\"@type\":\"ImageObject\",\"inLanguage\":\"es\",\"@id\":\"https:\/\/crees.org.do\/#\/schema\/logo\/image\/\",\"url\":\"https:\/\/crees.org.do\/wp-content\/uploads\/2022\/03\/crees-logo-1.jpg\",\"contentUrl\":\"https:\/\/crees.org.do\/wp-content\/uploads\/2022\/03\/crees-logo-1.jpg\",\"width\":244,\"height\":71,\"caption\":\"CREES | Centro Regional de Estrategias Econ\u00f3micas Sostenibles\"},\"image\":{\"@id\":\"https:\/\/crees.org.do\/#\/schema\/logo\/image\/\"},\"sameAs\":[\"https:\/\/www.facebook.com\/CREESRD\/\",\"https:\/\/x.com\/CREESRD\"]},{\"@type\":\"Person\",\"@id\":\"https:\/\/crees.org.do\/#\/schema\/person\/e7f97cd94d7bf9cd0e0ce30acb7d56b8\",\"name\":\"Crees\",\"image\":{\"@type\":\"ImageObject\",\"inLanguage\":\"es\",\"@id\":\"https:\/\/crees.org.do\/#\/schema\/person\/image\/\",\"url\":\"https:\/\/secure.gravatar.com\/avatar\/390ac8f0be5d9aa046152553e2dd7011b59a512d89c150f5e5f28bb8d9a0b165?s=96&d=mm&r=g\",\"contentUrl\":\"https:\/\/secure.gravatar.com\/avatar\/390ac8f0be5d9aa046152553e2dd7011b59a512d89c150f5e5f28bb8d9a0b165?s=96&d=mm&r=g\",\"caption\":\"Crees\"},\"url\":\"https:\/\/crees.org.do\/?author=2\"}]}<\/script>\n<!-- \/ Yoast SEO plugin. -->","yoast_head_json":{"title":"RD ocupa el cuarto lugar regional en gasto legislativo por habitante | CREES","robots":{"index":"index","follow":"follow","max-snippet":"max-snippet:-1","max-image-preview":"max-image-preview:large","max-video-preview":"max-video-preview:-1"},"canonical":"https:\/\/crees.org.do\/?p=30228","og_locale":"es_ES","og_type":"article","og_title":"RD ocupa el cuarto lugar regional en gasto legislativo por habitante | CREES","og_description":"RD ocupa el cuarto lugar regional en gasto legislativo por habitante La Rep\u00fablica Dominicana ocupa el cuarto puesto entre 17 pa\u00edses de Am\u00e9rica Latina en gasto legislativo por habitante. En 2025, el Poder Legislativo dominicano tuvo un costo de US$13.9 por habitante, superior al promedio regional de US$13.2. Por encima de Rep\u00fablica Dominicana se encuentran...","og_url":"https:\/\/crees.org.do\/?p=30228","og_site_name":"CREES","article_publisher":"https:\/\/www.facebook.com\/CREESRD\/","article_published_time":"2026-09-03T15:40:07+00:00","article_modified_time":"2026-09-03T15:40:44+00:00","og_image":[{"width":1200,"height":1200,"url":"https:\/\/crees.org.do\/wp-content\/uploads\/2026\/09\/Gasto-de-legisladores-por-habitante-scaled.png","type":"image\/png"}],"author":"Crees","twitter_card":"summary_large_image","twitter_creator":"@CREESRD","twitter_site":"@CREESRD","twitter_misc":{"Escrito por":"Crees","Tiempo de lectura":"1 minuto"},"schema":{"@context":"https:\/\/schema.org","@graph":[{"@type":"Article","@id":"https:\/\/crees.org.do\/?p=30228#article","isPartOf":{"@id":"https:\/\/crees.org.do\/?p=30228"},"author":{"name":"Crees","@id":"https:\/\/crees.org.do\/#\/schema\/person\/e7f97cd94d7bf9cd0e0ce30acb7d56b8"},"headline":"RD ocupa el cuarto lugar regional en gasto legislativo por habitante","datePublished":"2026-09-03T15:40:07+00:00","dateModified":"2026-09-03T15:40:44+00:00","mainEntityOfPage":{"@id":"https:\/\/crees.org.do\/?p=30228"},"wordCount":294,"publisher":{"@id":"https:\/\/crees.org.do\/#organization"},"image":{"@id":"https:\/\/crees.org.do\/?p=30228#primaryimage"},"thumbnailUrl":"https:\/\/crees.org.do\/wp-content\/uploads\/2026\/09\/Gasto-de-legisladores-por-habitante-scaled.png","articleSection":["Blog"],"inLanguage":"es"},{"@type":"WebPage","@id":"https:\/\/crees.org.do\/?p=30228","url":"https:\/\/crees.org.do\/?p=30228","name":"RD ocupa el cuarto lugar regional en gasto legislativo por habitante | CREES","isPartOf":{"@id":"https:\/\/crees.org.do\/#website"},"primaryImageOfPage":{"@id":"https:\/\/crees.org.do\/?p=30228#primaryimage"},"image":{"@id":"https:\/\/crees.org.do\/?p=30228#primaryimage"},"thumbnailUrl":"https:\/\/crees.org.do\/wp-content\/uploads\/2026\/09\/Gasto-de-legisladores-por-habitante-scaled.png","datePublished":"2026-09-03T15:40:07+00:00","dateModified":"2026-09-03T15:40:44+00:00","breadcrumb":{"@id":"https:\/\/crees.org.do\/?p=30228#breadcrumb"},"inLanguage":"es","potentialAction":[{"@type":"ReadAction","target":["https:\/\/crees.org.do\/?p=30228"]}]},{"@type":"ImageObject","inLanguage":"es","@id":"https:\/\/crees.org.do\/?p=30228#primaryimage","url":"https:\/\/crees.org.do\/wp-content\/uploads\/2026\/09\/Gasto-de-legisladores-por-habitante-scaled.png","contentUrl":"https:\/\/crees.org.do\/wp-content\/uploads\/2026\/09\/Gasto-de-legisladores-por-habitante-scaled.png","width":1200,"height":1200},{"@type":"BreadcrumbList","@id":"https:\/\/crees.org.do\/?p=30228#breadcrumb","itemListElement":[{"@type":"ListItem","position":1,"name":"Portada","item":"https:\/\/crees.org.do\/"},{"@type":"ListItem","position":2,"name":"RD ocupa el cuarto lugar regional en gasto legislativo por habitante"}]},{"@type":"WebSite","@id":"https:\/\/crees.org.do\/#website","url":"https:\/\/crees.org.do\/","name":"CREES","description":"Centro Regional de Estrategias Econ\u00f3micas Sostenibles","publisher":{"@id":"https:\/\/crees.org.do\/#organization"},"potentialAction":[{"@type":"SearchAction","target":{"@type":"EntryPoint","urlTemplate":"https:\/\/crees.org.do\/?s={search_term_string}"},"query-input":{"@type":"PropertyValueSpecification","valueRequired":true,"valueName":"search_term_string"}}],"inLanguage":"es"},{"@type":"Organization","@id":"https:\/\/crees.org.do\/#organization","name":"CREES | Centro Regional de Estrategias Econ\u00f3micas Sostenibles","url":"https:\/\/crees.org.do\/","logo":{"@type":"ImageObject","inLanguage":"es","@id":"https:\/\/crees.org.do\/#\/schema\/logo\/image\/","url":"https:\/\/crees.org.do\/wp-content\/uploads\/2022\/03\/crees-logo-1.jpg","contentUrl":"https:\/\/crees.org.do\/wp-content\/uploads\/2022\/03\/crees-logo-1.jpg","width":244,"height":71,"caption":"CREES | Centro Regional de Estrategias Econ\u00f3micas Sostenibles"},"image":{"@id":"https:\/\/crees.org.do\/#\/schema\/logo\/image\/"},"sameAs":["https:\/\/www.facebook.com\/CREESRD\/","https:\/\/x.com\/CREESRD"]},{"@type":"Person","@id":"https:\/\/crees.org.do\/#\/schema\/person\/e7f97cd94d7bf9cd0e0ce30acb7d56b8","name":"Crees","image":{"@type":"ImageObject","inLanguage":"es","@id":"https:\/\/crees.org.do\/#\/schema\/person\/image\/","url":"https:\/\/secure.gravatar.com\/avatar\/390ac8f0be5d9aa046152553e2dd7011b59a512d89c150f5e5f28bb8d9a0b165?s=96&d=mm&r=g","contentUrl":"https:\/\/secure.gravatar.com\/avatar\/390ac8f0be5d9aa046152553e2dd7011b59a512d89c150f5e5f28bb8d9a0b165?s=96&d=mm&r=g","caption":"Crees"},"url":"https:\/\/crees.org.do\/?author=2"}]}},"_links":{"self":[{"href":"https:\/\/crees.org.do\/index.php?rest_route=\/wp\/v2\/posts\/30228","targetHints":{"allow":["GET"]}}],"collection":[{"href":"https:\/\/crees.org.do\/index.php?rest_route=\/wp\/v2\/posts"}],"about":[{"href":"https:\/\/crees.org.do\/index.php?rest_route=\/wp\/v2\/types\/post"}],"author":[{"embeddable":true,"href":"https:\/\/crees.org.do\/index.php?rest_route=\/wp\/v2\/users\/2"}],"replies":[{"embeddable":true,"href":"https:\/\/crees.org.do\/index.php?rest_route=%2Fwp%2Fv2%2Fcomments&post=30228"}],"version-history":[{"count":1,"href":"https:\/\/crees.org.do\/index.php?rest_route=\/wp\/v2\/posts\/30228\/revisions"}],"predecessor-version":[{"id":30230,"href":"https:\/\/crees.org.do\/index.php?rest_route=\/wp\/v2\/posts\/30228\/revisions\/30230"}],"wp:featuredmedia":[{"embeddable":true,"href":"https:\/\/crees.org.do\/index.php?rest_route=\/wp\/v2\/media\/30229"}],"wp:attachment":[{"href":"https:\/\/crees.org.do\/index.php?rest_route=%2Fwp%2Fv2%2Fmedia&parent=30228"}],"wp:term":[{"taxonomy":"category","embeddable":true,"href":"https:\/\/crees.org.do\/index.php?rest_route=%2Fwp%2Fv2%2Fcategories&post=30228"},{"taxonomy":"post_tag","embeddable":true,"href":"https:\/\/crees.org.do\/index.php?rest_route=%2Fwp%2Fv2%2Ftags&post=30228"}],"curies":[{"name":"wp","href":"https:\/\/api.w.org\/{rel}","templated":true}]}}