{"id":30242,"date":"2026-08-28T15:08:37","date_gmt":"2026-08-28T15:08:37","guid":{"rendered":"https:\/\/crees.org.do\/?p=30242"},"modified":"2026-09-04T15:13:09","modified_gmt":"2026-09-04T15:13:09","slug":"republica-dominicana-capta-apenas-el-0-98-de-la-inversion-estadounidense-en-america-latina","status":"publish","type":"post","link":"https:\/\/crees.org.do\/?p=30242","title":{"rendered":"Rep\u00fablica Dominicana capta apenas el 0.98 % de la inversi\u00f3n estadounidense en Am\u00e9rica Latina"},"content":{"rendered":"<p>Autor: La Propuesta Digital<\/p>\n<p>Fecha: 28 de agosto de 2026<\/p>\n<p>Extra\u00eddo de: <a href=\"https:\/\/lapropuestadigital.com\/republica-dominicana-capta-apenas-el-098-de-la-inversion-estadounidense-en-america-latina\">La Propuesta Digital<\/a><\/p>\n<h2 class=\"font-playfair text-3xl md:text-4xl lg:text-5xl font-bold text-gray-900 leading-tight mb-4\">Rep\u00fablica Dominicana capta apenas el 0.98 % de la inversi\u00f3n estadounidense en Am\u00e9rica Latina<\/h2>\n<p style=\"text-align: justify;\">La Rep\u00fablica Dominicana concentraba al cierre de 2025 apenas el 0.98 % de la inversi\u00f3n directa de Estados Unidos registrada en Am\u00e9rica Latina, participaci\u00f3n que colocaba al pa\u00eds en el noveno lugar entre los 18 destinos latinoamericanos incluidos en las estad\u00edsticas, seg\u00fan inform\u00f3 el Centro Regional de Estrategias Econ\u00f3micas Sostenibles (CREES).<\/p>\n<p style=\"text-align: justify;\">La posici\u00f3n de inversi\u00f3n directa estadounidense en Am\u00e9rica Latina ascend\u00eda a US$356,990 millones, de acuerdo con los datos del Bur\u00f3 de An\u00e1lisis Econ\u00f3mico de Estados Unidos (BEA) citados por el CREES.<\/p>\n<p style=\"text-align: justify;\">M\u00e9xico encabezaba la recepci\u00f3n de esos capitales con el 47.3 % del total regional, seguido por Brasil, con un 25.3 %, y Chile, con el 10.8 %, precis\u00f3 el CREES.<\/p>\n<p style=\"text-align: justify;\">En conjunto, M\u00e9xico, Brasil y Chile concentraban el 83.3 % de todo el capital que las empresas estadounidenses manten\u00edan invertido en Am\u00e9rica Latina al finalizar 2025, destac\u00f3 el centro de estudios.<\/p>\n<p style=\"text-align: justify;\">La Rep\u00fablica Dominicana, por su parte, registraba una posici\u00f3n de inversi\u00f3n estadounidense de US$3,506 millones, cantidad equivalente al 0.98 % de los US$356,990 millones contabilizados en toda la regi\u00f3n, indic\u00f3 el CREES.<\/p>\n<p style=\"text-align: justify;\">El CREES explic\u00f3 que debe establecerse una diferencia entre la posici\u00f3n y el flujo de inversi\u00f3n extranjera directa, debido a que ambos indicadores miden aspectos distintos y no deben interpretarse como cifras equivalentes.<\/p>\n<p style=\"text-align: justify;\">La posici\u00f3n reportada por el BEA corresponde al capital acumulado que las empresas estadounidenses mantienen invertido en cada pa\u00eds al cierre de un a\u00f1o determinado, aclar\u00f3 el CREES.<\/p>\n<p style=\"text-align: justify;\">En cambio, el flujo de inversi\u00f3n extranjera directa representa los recursos que ingresan durante un per\u00edodo espec\u00edfico y es la cifra divulgada habitualmente por la autoridad monetaria dominicana, agreg\u00f3 la entidad.<\/p>\n<p style=\"text-align: justify;\">Durante 2025, el flujo de inversi\u00f3n directa procedente de Estados Unidos hacia la Rep\u00fablica Dominicana alcanz\u00f3 los US$1,042 millones, seg\u00fan los datos examinados por el CREES.<\/p>\n<p style=\"text-align: justify;\">Ese flujo anual equivale al 29.7 % de los US$3,506 millones que el BEA registra como posici\u00f3n total de la inversi\u00f3n mantenida por empresas estadounidenses en territorio dominicano, sostuvo el CREES.<\/p>\n<p style=\"text-align: justify;\">La relaci\u00f3n entre ambos valores revela una posible discrepancia que amerita una revisi\u00f3n de las metodolog\u00edas, per\u00edodos y componentes utilizados por las autoridades estadounidenses y dominicanas para contabilizar la inversi\u00f3n directa, advirti\u00f3 el CREES.<\/p>\n<p style=\"text-align: justify;\">En el contexto internacional, la inversi\u00f3n estadounidense acumulada en Am\u00e9rica Latina contin\u00faa siendo relativamente baja en comparaci\u00f3n con los capitales colocados en determinadas econom\u00edas de menor tama\u00f1o territorial y poblacional, se\u00f1al\u00f3 la instituci\u00f3n.<\/p>\n<p style=\"text-align: justify;\">Singapur registraba una posici\u00f3n de inversi\u00f3n directa estadounidense de US$484,167 millones, mientras Irlanda acumulaba US$511,905 millones y Luxemburgo alcanzaba US$645,305 millones, detall\u00f3 el CREES.<\/p>\n<p style=\"text-align: justify;\">Cada una de esas tres econom\u00edas recib\u00eda individualmente una inversi\u00f3n directa estadounidense superior a los US$356,990 millones contabilizados en toda Am\u00e9rica Latina, subray\u00f3 el centro de an\u00e1lisis econ\u00f3mico.<\/p>\n<p style=\"text-align: justify;\">Singapur, Irlanda y Luxemburgo tienen en com\u00fan sistemas tributarios atractivos para los negocios, instituciones s\u00f3lidas y estructuras judiciales orientadas a proteger los derechos de propiedad y garantizar el cumplimiento de los contratos, concluy\u00f3 el CREES.<\/p>\n<p><img fetchpriority=\"high\" decoding=\"async\" class=\"aligncenter wp-image-30186\" src=\"https:\/\/crees.org.do\/wp-content\/uploads\/2026\/08\/Grafico-ID-EEUU-scaled.png\" alt=\"\" width=\"896\" height=\"896\" srcset=\"https:\/\/crees.org.do\/wp-content\/uploads\/2026\/08\/Grafico-ID-EEUU-scaled.png 1200w, https:\/\/crees.org.do\/wp-content\/uploads\/2026\/08\/Grafico-ID-EEUU-450x450.png 450w, https:\/\/crees.org.do\/wp-content\/uploads\/2026\/08\/Grafico-ID-EEUU-2000x2000.png 2000w, https:\/\/crees.org.do\/wp-content\/uploads\/2026\/08\/Grafico-ID-EEUU-150x150.png 150w, https:\/\/crees.org.do\/wp-content\/uploads\/2026\/08\/Grafico-ID-EEUU-768x768.png 768w, https:\/\/crees.org.do\/wp-content\/uploads\/2026\/08\/Grafico-ID-EEUU-500x500.png 500w, https:\/\/crees.org.do\/wp-content\/uploads\/2026\/08\/Grafico-ID-EEUU-1536x1536.png 1536w, https:\/\/crees.org.do\/wp-content\/uploads\/2026\/08\/Grafico-ID-EEUU-2048x2048.png 2048w\" sizes=\"(max-width: 896px) 100vw, 896px\" \/><\/p>\n<div class=\"pvc_clear\"><\/div>\n<p class=\"pvc_stats all \" data-element-id=\"30242\" style=\"\"><i class=\"pvc-stats-icon medium\" aria-hidden=\"true\"><svg aria-hidden=\"true\" focusable=\"false\" data-prefix=\"far\" data-icon=\"chart-bar\" role=\"img\" xmlns=\"http:\/\/www.w3.org\/2000\/svg\" viewBox=\"0 0 512 512\" class=\"svg-inline--fa fa-chart-bar fa-w-16 fa-2x\"><path fill=\"currentColor\" d=\"M396.8 352h22.4c6.4 0 12.8-6.4 12.8-12.8V108.8c0-6.4-6.4-12.8-12.8-12.8h-22.4c-6.4 0-12.8 6.4-12.8 12.8v230.4c0 6.4 6.4 12.8 12.8 12.8zm-192 0h22.4c6.4 0 12.8-6.4 12.8-12.8V140.8c0-6.4-6.4-12.8-12.8-12.8h-22.4c-6.4 0-12.8 6.4-12.8 12.8v198.4c0 6.4 6.4 12.8 12.8 12.8zm96 0h22.4c6.4 0 12.8-6.4 12.8-12.8V204.8c0-6.4-6.4-12.8-12.8-12.8h-22.4c-6.4 0-12.8 6.4-12.8 12.8v134.4c0 6.4 6.4 12.8 12.8 12.8zM496 400H48V80c0-8.84-7.16-16-16-16H16C7.16 64 0 71.16 0 80v336c0 17.67 14.33 32 32 32h464c8.84 0 16-7.16 16-16v-16c0-8.84-7.16-16-16-16zm-387.2-48h22.4c6.4 0 12.8-6.4 12.8-12.8v-70.4c0-6.4-6.4-12.8-12.8-12.8h-22.4c-6.4 0-12.8 6.4-12.8 12.8v70.4c0 6.4 6.4 12.8 12.8 12.8z\" class=\"\"><\/path><\/svg><\/i> Vistas Totales&nbsp;42&nbsp;, Vistas Hoy&nbsp;2&nbsp;<\/p>\n<div class=\"pvc_clear\"><\/div>\n","protected":false},"excerpt":{"rendered":"<p>Autor: La Propuesta Digital Fecha: 28 de agosto de 2026 Extra\u00eddo de: La Propuesta Digital Rep\u00fablica Dominicana capta apenas el 0.98 % de la inversi\u00f3n estadounidense en Am\u00e9rica Latina La Rep\u00fablica Dominicana concentraba al cierre de 2025 apenas el 0.98 % de la inversi\u00f3n directa de Estados Unidos registrada en Am\u00e9rica Latina, participaci\u00f3n que colocaba&#8230;<\/p>\n<div class=\"pvc_clear\"><\/div>\n<p class=\"pvc_stats all \" data-element-id=\"30242\" style=\"\"><i class=\"pvc-stats-icon medium\" aria-hidden=\"true\"><svg aria-hidden=\"true\" focusable=\"false\" data-prefix=\"far\" data-icon=\"chart-bar\" role=\"img\" xmlns=\"http:\/\/www.w3.org\/2000\/svg\" viewBox=\"0 0 512 512\" class=\"svg-inline--fa fa-chart-bar fa-w-16 fa-2x\"><path fill=\"currentColor\" d=\"M396.8 352h22.4c6.4 0 12.8-6.4 12.8-12.8V108.8c0-6.4-6.4-12.8-12.8-12.8h-22.4c-6.4 0-12.8 6.4-12.8 12.8v230.4c0 6.4 6.4 12.8 12.8 12.8zm-192 0h22.4c6.4 0 12.8-6.4 12.8-12.8V140.8c0-6.4-6.4-12.8-12.8-12.8h-22.4c-6.4 0-12.8 6.4-12.8 12.8v198.4c0 6.4 6.4 12.8 12.8 12.8zm96 0h22.4c6.4 0 12.8-6.4 12.8-12.8V204.8c0-6.4-6.4-12.8-12.8-12.8h-22.4c-6.4 0-12.8 6.4-12.8 12.8v134.4c0 6.4 6.4 12.8 12.8 12.8zM496 400H48V80c0-8.84-7.16-16-16-16H16C7.16 64 0 71.16 0 80v336c0 17.67 14.33 32 32 32h464c8.84 0 16-7.16 16-16v-16c0-8.84-7.16-16-16-16zm-387.2-48h22.4c6.4 0 12.8-6.4 12.8-12.8v-70.4c0-6.4-6.4-12.8-12.8-12.8h-22.4c-6.4 0-12.8 6.4-12.8 12.8v70.4c0 6.4 6.4 12.8 12.8 12.8z\" class=\"\"><\/path><\/svg><\/i> Vistas Totales&nbsp;42&nbsp;, Vistas Hoy&nbsp;2&nbsp;<\/p>\n<div class=\"pvc_clear\"><\/div>\n","protected":false},"author":2,"featured_media":30186,"comment_status":"closed","ping_status":"closed","sticky":false,"template":"","format":"standard","meta":{"footnotes":""},"categories":[19],"tags":[],"class_list":["post-30242","post","type-post","status-publish","format-standard","has-post-thumbnail","hentry","category-actualidad"],"yoast_head":"<!-- This site is optimized with the Yoast SEO plugin v25.2 - https:\/\/yoast.com\/wordpress\/plugins\/seo\/ -->\n<title>Rep\u00fablica Dominicana capta apenas el 0.98 % de la inversi\u00f3n estadounidense en Am\u00e9rica Latina | CREES<\/title>\n<meta name=\"robots\" content=\"index, follow, max-snippet:-1, max-image-preview:large, max-video-preview:-1\" \/>\n<link rel=\"canonical\" href=\"https:\/\/crees.org.do\/?p=30242\" \/>\n<meta property=\"og:locale\" content=\"es_ES\" \/>\n<meta property=\"og:type\" content=\"article\" \/>\n<meta property=\"og:title\" content=\"Rep\u00fablica Dominicana capta apenas el 0.98 % de la inversi\u00f3n estadounidense en Am\u00e9rica Latina | CREES\" \/>\n<meta property=\"og:description\" content=\"Autor: La Propuesta Digital Fecha: 28 de agosto de 2026 Extra\u00eddo de: La Propuesta Digital Rep\u00fablica Dominicana capta apenas el 0.98 % de la inversi\u00f3n estadounidense en Am\u00e9rica Latina La Rep\u00fablica Dominicana concentraba al cierre de 2025 apenas el 0.98 % de la inversi\u00f3n directa de Estados Unidos registrada en Am\u00e9rica Latina, participaci\u00f3n que colocaba...\" \/>\n<meta property=\"og:url\" content=\"https:\/\/crees.org.do\/?p=30242\" \/>\n<meta property=\"og:site_name\" content=\"CREES\" \/>\n<meta property=\"article:publisher\" content=\"https:\/\/www.facebook.com\/CREESRD\/\" \/>\n<meta property=\"article:published_time\" content=\"2026-08-28T15:08:37+00:00\" \/>\n<meta property=\"article:modified_time\" content=\"2026-09-04T15:13:09+00:00\" \/>\n<meta property=\"og:image\" content=\"https:\/\/crees.org.do\/wp-content\/uploads\/2026\/08\/Grafico-ID-EEUU-scaled.png\" \/>\n\t<meta property=\"og:image:width\" content=\"1200\" \/>\n\t<meta property=\"og:image:height\" content=\"1200\" \/>\n\t<meta property=\"og:image:type\" content=\"image\/png\" \/>\n<meta name=\"author\" content=\"Crees\" \/>\n<meta name=\"twitter:card\" content=\"summary_large_image\" \/>\n<meta name=\"twitter:creator\" content=\"@CREESRD\" \/>\n<meta name=\"twitter:site\" content=\"@CREESRD\" \/>\n<meta name=\"twitter:label1\" content=\"Escrito por\" \/>\n\t<meta name=\"twitter:data1\" content=\"Crees\" \/>\n\t<meta name=\"twitter:label2\" content=\"Tiempo de lectura\" \/>\n\t<meta name=\"twitter:data2\" content=\"3 minutos\" \/>\n<script type=\"application\/ld+json\" class=\"yoast-schema-graph\">{\"@context\":\"https:\/\/schema.org\",\"@graph\":[{\"@type\":\"Article\",\"@id\":\"https:\/\/crees.org.do\/?p=30242#article\",\"isPartOf\":{\"@id\":\"https:\/\/crees.org.do\/?p=30242\"},\"author\":{\"name\":\"Crees\",\"@id\":\"https:\/\/crees.org.do\/#\/schema\/person\/e7f97cd94d7bf9cd0e0ce30acb7d56b8\"},\"headline\":\"Rep\u00fablica Dominicana capta apenas el 0.98 % de la inversi\u00f3n estadounidense en Am\u00e9rica Latina\",\"datePublished\":\"2026-08-28T15:08:37+00:00\",\"dateModified\":\"2026-09-04T15:13:09+00:00\",\"mainEntityOfPage\":{\"@id\":\"https:\/\/crees.org.do\/?p=30242\"},\"wordCount\":563,\"publisher\":{\"@id\":\"https:\/\/crees.org.do\/#organization\"},\"image\":{\"@id\":\"https:\/\/crees.org.do\/?p=30242#primaryimage\"},\"thumbnailUrl\":\"https:\/\/crees.org.do\/wp-content\/uploads\/2026\/08\/Grafico-ID-EEUU-scaled.png\",\"articleSection\":[\"Actualidad\"],\"inLanguage\":\"es\"},{\"@type\":\"WebPage\",\"@id\":\"https:\/\/crees.org.do\/?p=30242\",\"url\":\"https:\/\/crees.org.do\/?p=30242\",\"name\":\"Rep\u00fablica Dominicana capta apenas el 0.98 % de la inversi\u00f3n estadounidense en Am\u00e9rica Latina | CREES\",\"isPartOf\":{\"@id\":\"https:\/\/crees.org.do\/#website\"},\"primaryImageOfPage\":{\"@id\":\"https:\/\/crees.org.do\/?p=30242#primaryimage\"},\"image\":{\"@id\":\"https:\/\/crees.org.do\/?p=30242#primaryimage\"},\"thumbnailUrl\":\"https:\/\/crees.org.do\/wp-content\/uploads\/2026\/08\/Grafico-ID-EEUU-scaled.png\",\"datePublished\":\"2026-08-28T15:08:37+00:00\",\"dateModified\":\"2026-09-04T15:13:09+00:00\",\"breadcrumb\":{\"@id\":\"https:\/\/crees.org.do\/?p=30242#breadcrumb\"},\"inLanguage\":\"es\",\"potentialAction\":[{\"@type\":\"ReadAction\",\"target\":[\"https:\/\/crees.org.do\/?p=30242\"]}]},{\"@type\":\"ImageObject\",\"inLanguage\":\"es\",\"@id\":\"https:\/\/crees.org.do\/?p=30242#primaryimage\",\"url\":\"https:\/\/crees.org.do\/wp-content\/uploads\/2026\/08\/Grafico-ID-EEUU-scaled.png\",\"contentUrl\":\"https:\/\/crees.org.do\/wp-content\/uploads\/2026\/08\/Grafico-ID-EEUU-scaled.png\",\"width\":1200,\"height\":1200},{\"@type\":\"BreadcrumbList\",\"@id\":\"https:\/\/crees.org.do\/?p=30242#breadcrumb\",\"itemListElement\":[{\"@type\":\"ListItem\",\"position\":1,\"name\":\"Portada\",\"item\":\"https:\/\/crees.org.do\/\"},{\"@type\":\"ListItem\",\"position\":2,\"name\":\"Rep\u00fablica Dominicana capta apenas el 0.98 % de la inversi\u00f3n estadounidense en Am\u00e9rica Latina\"}]},{\"@type\":\"WebSite\",\"@id\":\"https:\/\/crees.org.do\/#website\",\"url\":\"https:\/\/crees.org.do\/\",\"name\":\"CREES\",\"description\":\"Centro Regional de Estrategias Econ\u00f3micas Sostenibles\",\"publisher\":{\"@id\":\"https:\/\/crees.org.do\/#organization\"},\"potentialAction\":[{\"@type\":\"SearchAction\",\"target\":{\"@type\":\"EntryPoint\",\"urlTemplate\":\"https:\/\/crees.org.do\/?s={search_term_string}\"},\"query-input\":{\"@type\":\"PropertyValueSpecification\",\"valueRequired\":true,\"valueName\":\"search_term_string\"}}],\"inLanguage\":\"es\"},{\"@type\":\"Organization\",\"@id\":\"https:\/\/crees.org.do\/#organization\",\"name\":\"CREES | Centro Regional de Estrategias Econ\u00f3micas Sostenibles\",\"url\":\"https:\/\/crees.org.do\/\",\"logo\":{\"@type\":\"ImageObject\",\"inLanguage\":\"es\",\"@id\":\"https:\/\/crees.org.do\/#\/schema\/logo\/image\/\",\"url\":\"https:\/\/crees.org.do\/wp-content\/uploads\/2022\/03\/crees-logo-1.jpg\",\"contentUrl\":\"https:\/\/crees.org.do\/wp-content\/uploads\/2022\/03\/crees-logo-1.jpg\",\"width\":244,\"height\":71,\"caption\":\"CREES | Centro Regional de Estrategias Econ\u00f3micas Sostenibles\"},\"image\":{\"@id\":\"https:\/\/crees.org.do\/#\/schema\/logo\/image\/\"},\"sameAs\":[\"https:\/\/www.facebook.com\/CREESRD\/\",\"https:\/\/x.com\/CREESRD\"]},{\"@type\":\"Person\",\"@id\":\"https:\/\/crees.org.do\/#\/schema\/person\/e7f97cd94d7bf9cd0e0ce30acb7d56b8\",\"name\":\"Crees\",\"image\":{\"@type\":\"ImageObject\",\"inLanguage\":\"es\",\"@id\":\"https:\/\/crees.org.do\/#\/schema\/person\/image\/\",\"url\":\"https:\/\/secure.gravatar.com\/avatar\/390ac8f0be5d9aa046152553e2dd7011b59a512d89c150f5e5f28bb8d9a0b165?s=96&d=mm&r=g\",\"contentUrl\":\"https:\/\/secure.gravatar.com\/avatar\/390ac8f0be5d9aa046152553e2dd7011b59a512d89c150f5e5f28bb8d9a0b165?s=96&d=mm&r=g\",\"caption\":\"Crees\"},\"url\":\"https:\/\/crees.org.do\/?author=2\"}]}<\/script>\n<!-- \/ Yoast SEO plugin. -->","yoast_head_json":{"title":"Rep\u00fablica Dominicana capta apenas el 0.98 % de la inversi\u00f3n estadounidense en Am\u00e9rica Latina | CREES","robots":{"index":"index","follow":"follow","max-snippet":"max-snippet:-1","max-image-preview":"max-image-preview:large","max-video-preview":"max-video-preview:-1"},"canonical":"https:\/\/crees.org.do\/?p=30242","og_locale":"es_ES","og_type":"article","og_title":"Rep\u00fablica Dominicana capta apenas el 0.98 % de la inversi\u00f3n estadounidense en Am\u00e9rica Latina | CREES","og_description":"Autor: La Propuesta Digital Fecha: 28 de agosto de 2026 Extra\u00eddo de: La Propuesta Digital Rep\u00fablica Dominicana capta apenas el 0.98 % de la inversi\u00f3n estadounidense en Am\u00e9rica Latina La Rep\u00fablica Dominicana concentraba al cierre de 2025 apenas el 0.98 % de la inversi\u00f3n directa de Estados Unidos registrada en Am\u00e9rica Latina, participaci\u00f3n que colocaba...","og_url":"https:\/\/crees.org.do\/?p=30242","og_site_name":"CREES","article_publisher":"https:\/\/www.facebook.com\/CREESRD\/","article_published_time":"2026-08-28T15:08:37+00:00","article_modified_time":"2026-09-04T15:13:09+00:00","og_image":[{"width":1200,"height":1200,"url":"https:\/\/crees.org.do\/wp-content\/uploads\/2026\/08\/Grafico-ID-EEUU-scaled.png","type":"image\/png"}],"author":"Crees","twitter_card":"summary_large_image","twitter_creator":"@CREESRD","twitter_site":"@CREESRD","twitter_misc":{"Escrito por":"Crees","Tiempo de lectura":"3 minutos"},"schema":{"@context":"https:\/\/schema.org","@graph":[{"@type":"Article","@id":"https:\/\/crees.org.do\/?p=30242#article","isPartOf":{"@id":"https:\/\/crees.org.do\/?p=30242"},"author":{"name":"Crees","@id":"https:\/\/crees.org.do\/#\/schema\/person\/e7f97cd94d7bf9cd0e0ce30acb7d56b8"},"headline":"Rep\u00fablica Dominicana capta apenas el 0.98 % de la inversi\u00f3n estadounidense en Am\u00e9rica Latina","datePublished":"2026-08-28T15:08:37+00:00","dateModified":"2026-09-04T15:13:09+00:00","mainEntityOfPage":{"@id":"https:\/\/crees.org.do\/?p=30242"},"wordCount":563,"publisher":{"@id":"https:\/\/crees.org.do\/#organization"},"image":{"@id":"https:\/\/crees.org.do\/?p=30242#primaryimage"},"thumbnailUrl":"https:\/\/crees.org.do\/wp-content\/uploads\/2026\/08\/Grafico-ID-EEUU-scaled.png","articleSection":["Actualidad"],"inLanguage":"es"},{"@type":"WebPage","@id":"https:\/\/crees.org.do\/?p=30242","url":"https:\/\/crees.org.do\/?p=30242","name":"Rep\u00fablica Dominicana capta apenas el 0.98 % de la inversi\u00f3n estadounidense en Am\u00e9rica Latina | CREES","isPartOf":{"@id":"https:\/\/crees.org.do\/#website"},"primaryImageOfPage":{"@id":"https:\/\/crees.org.do\/?p=30242#primaryimage"},"image":{"@id":"https:\/\/crees.org.do\/?p=30242#primaryimage"},"thumbnailUrl":"https:\/\/crees.org.do\/wp-content\/uploads\/2026\/08\/Grafico-ID-EEUU-scaled.png","datePublished":"2026-08-28T15:08:37+00:00","dateModified":"2026-09-04T15:13:09+00:00","breadcrumb":{"@id":"https:\/\/crees.org.do\/?p=30242#breadcrumb"},"inLanguage":"es","potentialAction":[{"@type":"ReadAction","target":["https:\/\/crees.org.do\/?p=30242"]}]},{"@type":"ImageObject","inLanguage":"es","@id":"https:\/\/crees.org.do\/?p=30242#primaryimage","url":"https:\/\/crees.org.do\/wp-content\/uploads\/2026\/08\/Grafico-ID-EEUU-scaled.png","contentUrl":"https:\/\/crees.org.do\/wp-content\/uploads\/2026\/08\/Grafico-ID-EEUU-scaled.png","width":1200,"height":1200},{"@type":"BreadcrumbList","@id":"https:\/\/crees.org.do\/?p=30242#breadcrumb","itemListElement":[{"@type":"ListItem","position":1,"name":"Portada","item":"https:\/\/crees.org.do\/"},{"@type":"ListItem","position":2,"name":"Rep\u00fablica Dominicana capta apenas el 0.98 % de la inversi\u00f3n estadounidense en Am\u00e9rica Latina"}]},{"@type":"WebSite","@id":"https:\/\/crees.org.do\/#website","url":"https:\/\/crees.org.do\/","name":"CREES","description":"Centro Regional de Estrategias Econ\u00f3micas Sostenibles","publisher":{"@id":"https:\/\/crees.org.do\/#organization"},"potentialAction":[{"@type":"SearchAction","target":{"@type":"EntryPoint","urlTemplate":"https:\/\/crees.org.do\/?s={search_term_string}"},"query-input":{"@type":"PropertyValueSpecification","valueRequired":true,"valueName":"search_term_string"}}],"inLanguage":"es"},{"@type":"Organization","@id":"https:\/\/crees.org.do\/#organization","name":"CREES | Centro Regional de Estrategias Econ\u00f3micas Sostenibles","url":"https:\/\/crees.org.do\/","logo":{"@type":"ImageObject","inLanguage":"es","@id":"https:\/\/crees.org.do\/#\/schema\/logo\/image\/","url":"https:\/\/crees.org.do\/wp-content\/uploads\/2022\/03\/crees-logo-1.jpg","contentUrl":"https:\/\/crees.org.do\/wp-content\/uploads\/2022\/03\/crees-logo-1.jpg","width":244,"height":71,"caption":"CREES | Centro Regional de Estrategias Econ\u00f3micas Sostenibles"},"image":{"@id":"https:\/\/crees.org.do\/#\/schema\/logo\/image\/"},"sameAs":["https:\/\/www.facebook.com\/CREESRD\/","https:\/\/x.com\/CREESRD"]},{"@type":"Person","@id":"https:\/\/crees.org.do\/#\/schema\/person\/e7f97cd94d7bf9cd0e0ce30acb7d56b8","name":"Crees","image":{"@type":"ImageObject","inLanguage":"es","@id":"https:\/\/crees.org.do\/#\/schema\/person\/image\/","url":"https:\/\/secure.gravatar.com\/avatar\/390ac8f0be5d9aa046152553e2dd7011b59a512d89c150f5e5f28bb8d9a0b165?s=96&d=mm&r=g","contentUrl":"https:\/\/secure.gravatar.com\/avatar\/390ac8f0be5d9aa046152553e2dd7011b59a512d89c150f5e5f28bb8d9a0b165?s=96&d=mm&r=g","caption":"Crees"},"url":"https:\/\/crees.org.do\/?author=2"}]}},"_links":{"self":[{"href":"https:\/\/crees.org.do\/index.php?rest_route=\/wp\/v2\/posts\/30242","targetHints":{"allow":["GET"]}}],"collection":[{"href":"https:\/\/crees.org.do\/index.php?rest_route=\/wp\/v2\/posts"}],"about":[{"href":"https:\/\/crees.org.do\/index.php?rest_route=\/wp\/v2\/types\/post"}],"author":[{"embeddable":true,"href":"https:\/\/crees.org.do\/index.php?rest_route=\/wp\/v2\/users\/2"}],"replies":[{"embeddable":true,"href":"https:\/\/crees.org.do\/index.php?rest_route=%2Fwp%2Fv2%2Fcomments&post=30242"}],"version-history":[{"count":1,"href":"https:\/\/crees.org.do\/index.php?rest_route=\/wp\/v2\/posts\/30242\/revisions"}],"predecessor-version":[{"id":30243,"href":"https:\/\/crees.org.do\/index.php?rest_route=\/wp\/v2\/posts\/30242\/revisions\/30243"}],"wp:featuredmedia":[{"embeddable":true,"href":"https:\/\/crees.org.do\/index.php?rest_route=\/wp\/v2\/media\/30186"}],"wp:attachment":[{"href":"https:\/\/crees.org.do\/index.php?rest_route=%2Fwp%2Fv2%2Fmedia&parent=30242"}],"wp:term":[{"taxonomy":"category","embeddable":true,"href":"https:\/\/crees.org.do\/index.php?rest_route=%2Fwp%2Fv2%2Fcategories&post=30242"},{"taxonomy":"post_tag","embeddable":true,"href":"https:\/\/crees.org.do\/index.php?rest_route=%2Fwp%2Fv2%2Ftags&post=30242"}],"curies":[{"name":"wp","href":"https:\/\/api.w.org\/{rel}","templated":true}]}}